{"id":10062,"date":"2019-08-12T11:20:52","date_gmt":"2019-08-12T18:20:52","guid":{"rendered":"https:\/\/iglesiatijuana.org\/web\/?p=10062"},"modified":"2019-08-12T11:21:31","modified_gmt":"2019-08-12T18:21:31","slug":"como-iglesia-diocesana-unidos-en-la-comunion-y-oracion-por-la-partida-a-la-casa-del-padre-el-emmo-sr-cardenal-sergio-obeso-rivera","status":"publish","type":"post","link":"https:\/\/iglesiatijuana.org\/web\/como-iglesia-diocesana-unidos-en-la-comunion-y-oracion-por-la-partida-a-la-casa-del-padre-el-emmo-sr-cardenal-sergio-obeso-rivera\/","title":{"rendered":"Como Iglesia Diocesana unidos en la comuni\u00f3n y oraci\u00f3n por la partida a la Casa del Padre el Emmo. Sr. Cardenal Sergio Obeso Rivera"},"content":{"rendered":"<p style=\"text-align: justify;\">Pastoral para la Comunicaci\u00f3n.- El Cardenal Obeso parti\u00f3 a la Casa del Padre la noche del 11 de agosto de 2019. Diferentes Instituciones y di\u00f3cesis del pa\u00eds lamentaron el\u00a0fallecimiento del Cardenal Sergio Obeso\u00a0Rivera,\u00a0Arzobispo Em\u00e9rito de Xalapa y quien fuera tres veces presidente de la Conferencia del Episcopado Mexicano (CEM), falleci\u00f3 a las 20:40 horas de la noche del domingo 11 de agosto, inform\u00f3 el Arzobispo de Xalapa, Hip\u00f3lito Reyes Larios, a trav\u00e9s de un comunicado.<\/p>\n<p style=\"text-align: justify;\">El Papa Francisco, Sucesor de Pedro, el 28 de junio de 2018, v\u00edspera de la solemnidad de los santos Pedro y Pablo lo creo Cardenal a Dn. Sergio Obeso Sergio quien era Arzobispo em\u00e9rito de Xalapa. Fieles cat\u00f3licos participaron en la Eucarist\u00eda que presidi\u00f3 el Arzobispo de Xalapa para poner en las manos de Dios al Cardenal Sergio Obeso. \u201cQue por la misericordia de Dios descanse en Paz\u201d. Su ata\u00fad fue colocado en el suelo como \u00e9l lo pidiera en su testamento. Junto al Cirio Pascual que representa a Cristo Muerto y Resucitado en el que \u00e9l crey\u00f3 y predic\u00f3.<\/p>\n<p style=\"text-align: justify;\">Los restos del Cardenal Sergio Obeso ser\u00e1n velados en la Catedral de Xalapa hasta las 12 hrs cuando se celebre su misa exequial. Terminando la Eucarist\u00eda, ser\u00e1 su sepelio ah\u00ed mismo.<\/p>\n<p>&nbsp;<\/p>\n<p>&nbsp;<\/p>\n<p style=\"text-align: right;\">Ciudad de M\u00e9xico, 11 de agosto de 2019.<\/p>\n<p style=\"text-align: right;\">Prot. N\u00ba110\/19<\/p>\n<p>&nbsp;<\/p>\n<p style=\"text-align: justify;\"><em>\u00ab\u00a1Dichosos los siervos a los que su Se\u00f1or encuentra pendientes de su regreso! Yo les aseguro que se recoger\u00e1 la t\u00fanica, los har\u00e1 sentar a la mesa y \u00e9l mismo les servir\u00e1\u00bb (Lc 12,37)<\/em><\/p>\n<p style=\"text-align: justify;\">Con gran tristeza y pesar, la Secretar\u00eda General de la Conferencia del Episcopado Mexicano comunica que el d\u00eda hoy el Emmo. Sr. Cardenal Sergio Obeso Rivera, Arzobispo Em\u00e9rito de Xalapa, parti\u00f3 a la Casa del Padre.<\/p>\n<p style=\"text-align: justify;\">Desde la certeza de nuestra fe, sabiendo que somos peregrinos en este mundo y que poseemos en prenda la vida futura en Cristo, suplicamos a Dios, Padre Misericordioso, lo reciba en su seno, donde un d\u00eda nos uniremos todos en el banquete de su Reino.<\/p>\n<p style=\"text-align: justify;\">Nuestro hermano en el Episcopado, el Cardenal Sergio, ten\u00eda 86 a\u00f1os de edad, 48 a\u00f1os de ministerio Episcopal y 65 en el Sacerdotal. Reconocemos su entrega generosa a la Iglesia que peregrina en nuestro pa\u00eds, especialmente la gran labor de coordinaci\u00f3n y responsabilidad principal que desempe\u00f1o como Presidente de nuestra Conferencia Episcopal durante tres periodos \u2013sobe todo, en algunos episodios significativos de la historia de nuestro Pa\u00eds, participando en las negociaciones de paz y reconciliaci\u00f3n de los Acuerdos de San Andr\u00e9s, en los esfuerzos de restablecimiento de las relaciones entre el Estado Mexicano y la Santa Sede al promover la ley reglamentaria del art\u00edculo 130 Constitucional. En otros trienios fue responsable de los servicios de las Comisiones de Pastoral Social y del Clero, as\u00ed como gran impulsor del proceso de canonizaci\u00f3n de San Rafael Gu\u00edzar y Valencia.<\/p>\n<p>&nbsp;<\/p>\n<p style=\"text-align: left;\">Descanse en Paz.<\/p>\n<p style=\"text-align: left;\">Les rogamos encomendar su alma a Dios, ofreciendo 3 misas por su eterno descanso.<\/p>\n<p>&nbsp;<\/p>\n<p style=\"text-align: center;\"><strong>+Rogelio Cabrera L\u00f3pez\u00a0<\/strong><\/p>\n<p style=\"text-align: center;\">Arzobispo de Monterrey y<\/p>\n<p style=\"text-align: center;\">Presidente de la CEM<\/p>\n<p style=\"text-align: center;\"><strong>+Alfonso Miranda G. Guardiola<\/strong><\/p>\n<p style=\"text-align: center;\">Obispo Auxiliar de Monterrey<\/p>\n<p style=\"text-align: center;\">y Secretario General de la CEM<\/p>\n<p>&nbsp;<\/p>\n<p style=\"text-align: center;\"><a href=\"https:\/\/iglesiatijuana.org\/web\/wp-content\/uploads\/2019\/08\/cardenal.jpg\" data-rel=\"lightbox-image-0\" data-rl_title=\"\" data-rl_caption=\"\" title=\"\"><img loading=\"lazy\" decoding=\"async\" class=\"alignnone size-full wp-image-10063\" src=\"https:\/\/iglesiatijuana.org\/web\/wp-content\/uploads\/2019\/08\/cardenal.jpg\" alt=\"\" width=\"720\" height=\"340\" srcset=\"https:\/\/iglesiatijuana.org\/web\/wp-content\/uploads\/2019\/08\/cardenal.jpg 720w, https:\/\/iglesiatijuana.org\/web\/wp-content\/uploads\/2019\/08\/cardenal-300x142.jpg 300w, https:\/\/iglesiatijuana.org\/web\/wp-content\/uploads\/2019\/08\/cardenal-520x245.jpg 520w\" sizes=\"auto, (max-width: 720px) 100vw, 720px\" \/><\/a><\/p>\n","protected":false},"excerpt":{"rendered":"<p>Pastoral para la Comunicaci\u00f3n.- El Cardenal Obeso parti\u00f3 a la Casa del Padre la noche del 11 de agosto de 2019. Diferentes Instituciones y di\u00f3cesis del pa\u00eds lamentaron el\u00a0fallecimiento del Cardenal Sergio Obeso\u00a0Rivera,\u00a0Arzobispo Em\u00e9rito&#46;&#46;&#46;<\/p>\n","protected":false},"author":101012,"featured_media":10063,"comment_status":"closed","ping_status":"closed","sticky":false,"template":"","format":"standard","meta":{"_exactmetrics_skip_tracking":false,"_exactmetrics_sitenote_active":false,"_exactmetrics_sitenote_note":"","_exactmetrics_sitenote_category":0,"footnotes":""},"categories":[20,14],"tags":[],"class_list":["post-10062","post","type-post","status-publish","format-standard","has-post-thumbnail","hentry","category-evangelio-del-dia","category-ultimas-noticias"],"_links":{"self":[{"href":"https:\/\/iglesiatijuana.org\/web\/wp-json\/wp\/v2\/posts\/10062","targetHints":{"allow":["GET"]}}],"collection":[{"href":"https:\/\/iglesiatijuana.org\/web\/wp-json\/wp\/v2\/posts"}],"about":[{"href":"https:\/\/iglesiatijuana.org\/web\/wp-json\/wp\/v2\/types\/post"}],"author":[{"embeddable":true,"href":"https:\/\/iglesiatijuana.org\/web\/wp-json\/wp\/v2\/users\/101012"}],"replies":[{"embeddable":true,"href":"https:\/\/iglesiatijuana.org\/web\/wp-json\/wp\/v2\/comments?post=10062"}],"version-history":[{"count":2,"href":"https:\/\/iglesiatijuana.org\/web\/wp-json\/wp\/v2\/posts\/10062\/revisions"}],"predecessor-version":[{"id":10065,"href":"https:\/\/iglesiatijuana.org\/web\/wp-json\/wp\/v2\/posts\/10062\/revisions\/10065"}],"wp:featuredmedia":[{"embeddable":true,"href":"https:\/\/iglesiatijuana.org\/web\/wp-json\/wp\/v2\/media\/10063"}],"wp:attachment":[{"href":"https:\/\/iglesiatijuana.org\/web\/wp-json\/wp\/v2\/media?parent=10062"}],"wp:term":[{"taxonomy":"category","embeddable":true,"href":"https:\/\/iglesiatijuana.org\/web\/wp-json\/wp\/v2\/categories?post=10062"},{"taxonomy":"post_tag","embeddable":true,"href":"https:\/\/iglesiatijuana.org\/web\/wp-json\/wp\/v2\/tags?post=10062"}],"curies":[{"name":"wp","href":"https:\/\/api.w.org\/{rel}","templated":true}]}}