{"id":10133,"date":"2019-08-20T10:33:19","date_gmt":"2019-08-20T17:33:19","guid":{"rendered":"https:\/\/iglesiatijuana.org\/web\/?p=10133"},"modified":"2019-08-20T10:33:19","modified_gmt":"2019-08-20T17:33:19","slug":"en-parroquia-de-ntra-sra-de-guadalupe-zona-rio-realiza-el-sitio-de-jerico-en-adoracion-eucaristica-reconciliacion-y-testimonio","status":"publish","type":"post","link":"https:\/\/iglesiatijuana.org\/web\/en-parroquia-de-ntra-sra-de-guadalupe-zona-rio-realiza-el-sitio-de-jerico-en-adoracion-eucaristica-reconciliacion-y-testimonio\/","title":{"rendered":"En Parroquia de Ntra. Sra. de Guadalupe (Zona R\u00edo) realiza el \u201cSitio de Jeric\u00f3\u201d en adoraci\u00f3n eucar\u00edstica, reconciliaci\u00f3n y testimonio"},"content":{"rendered":"<p style=\"text-align: justify;\">Pastoral para la Comunicaci\u00f3n. &#8211; Por iniciativa de la Parroquia Ntra. Sra. de Guadalupe (Zona R\u00edo) se inici\u00f3 el pasado 15 de agosto con una Eucarist\u00eda a las 7:15 am el proyecto llamado \u2018el sitio de Jeric\u00f3\u2019, pidiendo de manera especial para que se venzan las barreras del odio, discordia, violencia e injusticia, entendiendo con eso que somos responsable unos de otros. La respuesta ha sido positiva pues hay inter\u00e9s en la construcci\u00f3n de una nueva sociedad, m\u00e1s justa y fraterna, terminando el jueves 22 de agosto con la Santa Misa de las 7:15 am.<\/p>\n<p style=\"text-align: justify;\">En el 4to d\u00eda desde que inici\u00f3 esta experiencia del \u2018Sitio de Jeric\u00f3\u2019 el Sr. Arz. Francisco Moreno Barr\u00f3n celebr\u00f3 la Eucarist\u00eda al medio d\u00eda para los fieles que se han sumado a esta iniciativa de oraci\u00f3n por el cese de actos violentos entre nosotros. Antes de la celebraci\u00f3n realiz\u00f3 una procesi\u00f3n con el Sant\u00edsimo Sacramento entre cantos de adoraci\u00f3n y plegarias de los fieles.<\/p>\n<p style=\"text-align: justify;\">El Sitio de Jeric\u00f3 consiste en la Adoraci\u00f3n al Sant\u00edsimo Sacramento durante 7 d\u00edas y 7 noches las 24 horas del d\u00eda, donde se turnan diferentes grupos, con el fin de realizar Oraci\u00f3n de manera continua, por lo cual se recomienda hacer una lista de intenciones, tales como: por la familia, los enfermos, las vocaciones sacerdotales, la juventud, la ni\u00f1ez, los matrimonios, la paz, etc., y con ello, destruir y derrumbar cualquier muralla que se haya levantado y que vaya en contra de lo que Dios quiere para nosotros.<\/p>\n<p style=\"text-align: justify;\">Es una experiencia de adoraci\u00f3n y encuentro personal con Dios nuestro Se\u00f1or en el Sant\u00edsimo Sacramento de la Eucarist\u00eda, experiencia que tiene una duraci\u00f3n de siete <em>d\u00edas <\/em>y siete noches para alabar, bendecir, dar gracias y pedir a Dios por todas las necesidades de la sociedad, en especial, para que la \u201ccultura de muerte\u201d que se ha ido haciendo presente en nuestras familias y comunidades sea contrarrestada con la Civilizaci\u00f3n del Amor que todos, en la medida de nuestras posibilidades, hemos\u00a0 de ir construyendo.<\/p>\n<p style=\"text-align: justify;\">El objetivo es glorificar a Jesucristo manifestando p\u00fablicamente nuestra fe en su presencia eucar\u00edstica con v\u00ednculos de caridad y de unidad; profundizando en algunos aspectos de este misterio y resaltando su centralidad en la vida y misi\u00f3n de la Iglesia en el mundo contempor\u00e1neo, as\u00ed como de asumir nuevos compromisos en relaci\u00f3n con la tarea de la evangelizaci\u00f3n.<\/p>\n<p style=\"text-align: justify;\">La adoraci\u00f3n que, gran parte en silencio, para que las personas tengan ese di\u00e1logo, seg\u00fan sus necesidades, formas de oraci\u00f3n mental, de acuerdo a un programa ya establecido, se hace de manera organizada, dirigida por personas (sacerdotes v laicos) que animan a los fieles a vivir esta experiencia de aut\u00e9ntica devoci\u00f3n, comentan los organizadores. La reconciliaci\u00f3n es el regalo que Dios le concede a quien lo busca, y derrama la gracia de una conversi\u00f3n sincera en aquellos que, muchas veces, ni se lo esperan.<\/p>\n<p style=\"text-align: justify;\">El \u00faltimo d\u00eda del evento, el s\u00e1bado antes de la Misa solemne, se realiz\u00f3 este recorrido que se hace siete veces como signo de plenitud y perfecci\u00f3n. Estas vueltas hacen una clara referencia al acontecimiento narrado en el libro de Josu\u00e9 (6, 1-20), pidiendo a Dios que las murallas de la \u201cviolencia, discordia, divisiones entre nosotros, injusticia etc.\u201d que prevalece en muchos sectores de nuestra sociedad se vayan derrumbando al grito de fe de nuestro pueblo. La procesi\u00f3n en la que se hace un recorrido por las instalaciones de la Parroquia, dando testimonio p\u00fablico de la fe y la confianza en la presencia real de Jes\u00fas en el Sant\u00edsimo Sacramento del Altar.<\/p>\n<p><a href=\"https:\/\/iglesiatijuana.org\/web\/wp-content\/uploads\/2019\/08\/f445bd1d-3fcb-4789-b498-568e768f234a.jpg\" data-rel=\"lightbox-image-0\" data-rl_title=\"\" data-rl_caption=\"\" title=\"\"><img loading=\"lazy\" decoding=\"async\" class=\"alignnone size-medium wp-image-10134\" src=\"https:\/\/iglesiatijuana.org\/web\/wp-content\/uploads\/2019\/08\/f445bd1d-3fcb-4789-b498-568e768f234a-300x142.jpg\" alt=\"\" width=\"300\" height=\"142\" srcset=\"https:\/\/iglesiatijuana.org\/web\/wp-content\/uploads\/2019\/08\/f445bd1d-3fcb-4789-b498-568e768f234a-300x142.jpg 300w, https:\/\/iglesiatijuana.org\/web\/wp-content\/uploads\/2019\/08\/f445bd1d-3fcb-4789-b498-568e768f234a-520x245.jpg 520w, https:\/\/iglesiatijuana.org\/web\/wp-content\/uploads\/2019\/08\/f445bd1d-3fcb-4789-b498-568e768f234a.jpg 720w\" sizes=\"auto, (max-width: 300px) 100vw, 300px\" \/><\/a><\/p>\n","protected":false},"excerpt":{"rendered":"<p>Pastoral para la Comunicaci\u00f3n. &#8211; Por iniciativa de la Parroquia Ntra. Sra. de Guadalupe (Zona R\u00edo) se inici\u00f3 el pasado 15 de agosto con una Eucarist\u00eda a las 7:15 am el proyecto llamado \u2018el&#46;&#46;&#46;<\/p>\n","protected":false},"author":5,"featured_media":10134,"comment_status":"closed","ping_status":"closed","sticky":false,"template":"","format":"standard","meta":{"_exactmetrics_skip_tracking":false,"_exactmetrics_sitenote_active":false,"_exactmetrics_sitenote_note":"","_exactmetrics_sitenote_category":0,"footnotes":""},"categories":[20,14],"tags":[],"class_list":["post-10133","post","type-post","status-publish","format-standard","has-post-thumbnail","hentry","category-evangelio-del-dia","category-ultimas-noticias"],"_links":{"self":[{"href":"https:\/\/iglesiatijuana.org\/web\/wp-json\/wp\/v2\/posts\/10133","targetHints":{"allow":["GET"]}}],"collection":[{"href":"https:\/\/iglesiatijuana.org\/web\/wp-json\/wp\/v2\/posts"}],"about":[{"href":"https:\/\/iglesiatijuana.org\/web\/wp-json\/wp\/v2\/types\/post"}],"author":[{"embeddable":true,"href":"https:\/\/iglesiatijuana.org\/web\/wp-json\/wp\/v2\/users\/5"}],"replies":[{"embeddable":true,"href":"https:\/\/iglesiatijuana.org\/web\/wp-json\/wp\/v2\/comments?post=10133"}],"version-history":[{"count":1,"href":"https:\/\/iglesiatijuana.org\/web\/wp-json\/wp\/v2\/posts\/10133\/revisions"}],"predecessor-version":[{"id":10135,"href":"https:\/\/iglesiatijuana.org\/web\/wp-json\/wp\/v2\/posts\/10133\/revisions\/10135"}],"wp:featuredmedia":[{"embeddable":true,"href":"https:\/\/iglesiatijuana.org\/web\/wp-json\/wp\/v2\/media\/10134"}],"wp:attachment":[{"href":"https:\/\/iglesiatijuana.org\/web\/wp-json\/wp\/v2\/media?parent=10133"}],"wp:term":[{"taxonomy":"category","embeddable":true,"href":"https:\/\/iglesiatijuana.org\/web\/wp-json\/wp\/v2\/categories?post=10133"},{"taxonomy":"post_tag","embeddable":true,"href":"https:\/\/iglesiatijuana.org\/web\/wp-json\/wp\/v2\/tags?post=10133"}],"curies":[{"name":"wp","href":"https:\/\/api.w.org\/{rel}","templated":true}]}}