{"id":10353,"date":"2019-09-26T10:39:34","date_gmt":"2019-09-26T17:39:34","guid":{"rendered":"https:\/\/iglesiatijuana.org\/web\/?p=10353"},"modified":"2019-09-26T11:13:00","modified_gmt":"2019-09-26T18:13:00","slug":"10353-2","status":"publish","type":"post","link":"https:\/\/iglesiatijuana.org\/web\/10353-2\/","title":{"rendered":"Jornada Mundial del Migrante y del Refugiado"},"content":{"rendered":"<p style=\"text-align: center;\">Jornada Mundial del Migrante y del Refugiado<\/p>\n<p style=\"text-align: center;\">&#8220;No se trata solo de Migrantes&#8221;<\/p>\n<p style=\"text-align: center;\">29 de septiembre de 2019<\/p>\n<p>&nbsp;<\/p>\n<p style=\"text-align: justify;\">PRESENTACI\u00d3N<br \/>\nEl pr\u00f3ximo 29 de setiembre de 2019 se celebrar\u00e1 la Jornada Mundial del Migrante y el Refugiado. En su preparaci\u00f3n, el Santo Padre nos invita a reflexionar sobre nuestra realidad, sobre el individualismo y utilitarismo que producen la \u201cglobalizaci\u00f3n de la indiferencia\u201d. Nos dice el Santo Padre: \u201c\u2026 las personas migrantes, refugiadas, desplazadas y las v\u00edctimas de la trata se han convertido en emblema de la exclusi\u00f3n\u201d, y es en su presencia que nos invita \u201ca recuperar algunas dimensiones esenciales de nuestra existencia cristiana y de nuestra humanidad\u201d.<\/p>\n<p style=\"text-align: justify;\">\u201cNo se trata solo de migrantes\u201d significa que se trata de nuestros miedos; de la caridad; de nuestra humanidad; se trata de no excluir a nadie; de poner a los \u00faltimos en primer lugar; se trata de la persona en su totalidad, de todas las personas; se trata de construir la ciudad de Dios y del hombre.<\/p>\n<p>&nbsp;<\/p>\n<p><a href=\"https:\/\/iglesiatijuana.org\/web\/wp-content\/uploads\/2019\/09\/Cartel_JMMR19-5.pdf\">Cartel_JMMR19<\/a><\/p>\n<p><a href=\"https:\/\/iglesiatijuana.org\/web\/wp-content\/uploads\/2019\/09\/Corona-JornadaMigrantes-4.pdf\">Corona-JornadaMigrantes<\/a><\/p>\n<p><a href=\"https:\/\/iglesiatijuana.org\/web\/wp-content\/uploads\/2019\/09\/Cuadernillo8_DIGITAL-4.pdf\">Cuadernillo8_DIGITAL<\/a><\/p>\n<p><a href=\"https:\/\/iglesiatijuana.org\/web\/wp-content\/uploads\/2019\/09\/Hora-Santa-JMMR-4.pdf\">Hora-Santa-JMMR<\/a><\/p>\n<p><a href=\"https:\/\/iglesiatijuana.org\/web\/wp-content\/uploads\/2019\/09\/Lectio-Divina-19-JMMR-4.pdf\">Lectio-Divina-19-JMMR<\/a><\/p>\n<p><a href=\"https:\/\/iglesiatijuana.org\/web\/wp-content\/uploads\/2019\/09\/Misa-DOM29sept-2.pdf\">Misa-DOM29sept<\/a><\/p>\n<p><a href=\"https:\/\/iglesiatijuana.org\/web\/wp-content\/uploads\/2019\/09\/JMMR-29sept-660x350.jpg\" data-rel=\"lightbox-image-0\" data-rl_title=\"\" data-rl_caption=\"\" title=\"\"><img loading=\"lazy\" decoding=\"async\" class=\"alignnone size-medium wp-image-10388\" src=\"https:\/\/iglesiatijuana.org\/web\/wp-content\/uploads\/2019\/09\/JMMR-29sept-660x350-300x159.jpg\" alt=\"\" width=\"300\" height=\"159\" srcset=\"https:\/\/iglesiatijuana.org\/web\/wp-content\/uploads\/2019\/09\/JMMR-29sept-660x350-300x159.jpg 300w, https:\/\/iglesiatijuana.org\/web\/wp-content\/uploads\/2019\/09\/JMMR-29sept-660x350.jpg 660w\" sizes=\"auto, (max-width: 300px) 100vw, 300px\" \/><\/a><\/p>\n","protected":false},"excerpt":{"rendered":"<p>Jornada Mundial del Migrante y del Refugiado &#8220;No se trata solo de Migrantes&#8221; 29 de septiembre de 2019 &nbsp; PRESENTACI\u00d3N El pr\u00f3ximo 29 de setiembre de 2019 se celebrar\u00e1 la Jornada Mundial del Migrante&#46;&#46;&#46;<\/p>\n","protected":false},"author":5,"featured_media":10388,"comment_status":"closed","ping_status":"closed","sticky":false,"template":"","format":"standard","meta":{"_exactmetrics_skip_tracking":false,"_exactmetrics_sitenote_active":false,"_exactmetrics_sitenote_note":"","_exactmetrics_sitenote_category":0,"footnotes":""},"categories":[20,14],"tags":[],"class_list":["post-10353","post","type-post","status-publish","format-standard","has-post-thumbnail","hentry","category-evangelio-del-dia","category-ultimas-noticias"],"_links":{"self":[{"href":"https:\/\/iglesiatijuana.org\/web\/wp-json\/wp\/v2\/posts\/10353","targetHints":{"allow":["GET"]}}],"collection":[{"href":"https:\/\/iglesiatijuana.org\/web\/wp-json\/wp\/v2\/posts"}],"about":[{"href":"https:\/\/iglesiatijuana.org\/web\/wp-json\/wp\/v2\/types\/post"}],"author":[{"embeddable":true,"href":"https:\/\/iglesiatijuana.org\/web\/wp-json\/wp\/v2\/users\/5"}],"replies":[{"embeddable":true,"href":"https:\/\/iglesiatijuana.org\/web\/wp-json\/wp\/v2\/comments?post=10353"}],"version-history":[{"count":4,"href":"https:\/\/iglesiatijuana.org\/web\/wp-json\/wp\/v2\/posts\/10353\/revisions"}],"predecessor-version":[{"id":10390,"href":"https:\/\/iglesiatijuana.org\/web\/wp-json\/wp\/v2\/posts\/10353\/revisions\/10390"}],"wp:featuredmedia":[{"embeddable":true,"href":"https:\/\/iglesiatijuana.org\/web\/wp-json\/wp\/v2\/media\/10388"}],"wp:attachment":[{"href":"https:\/\/iglesiatijuana.org\/web\/wp-json\/wp\/v2\/media?parent=10353"}],"wp:term":[{"taxonomy":"category","embeddable":true,"href":"https:\/\/iglesiatijuana.org\/web\/wp-json\/wp\/v2\/categories?post=10353"},{"taxonomy":"post_tag","embeddable":true,"href":"https:\/\/iglesiatijuana.org\/web\/wp-json\/wp\/v2\/tags?post=10353"}],"curies":[{"name":"wp","href":"https:\/\/api.w.org\/{rel}","templated":true}]}}