{"id":10405,"date":"2019-09-28T12:00:02","date_gmt":"2019-09-28T19:00:02","guid":{"rendered":"https:\/\/iglesiatijuana.org\/web\/?p=10405"},"modified":"2019-09-27T11:45:47","modified_gmt":"2019-09-27T18:45:47","slug":"adoracion-eucaristica-en-campamento-de-migrantes-en-mexico-en-la-frontera-de-mexico","status":"publish","type":"post","link":"https:\/\/iglesiatijuana.org\/web\/adoracion-eucaristica-en-campamento-de-migrantes-en-mexico-en-la-frontera-de-mexico\/","title":{"rendered":"Adoraci\u00f3n Eucar\u00edstica en campamento de migrantes en M\u00e9xico en la frontera de M\u00e9xico"},"content":{"rendered":"<p style=\"text-align: justify;\">Pastoral para la Comunicaci\u00f3n. \u2013 En informaci\u00f3n de Prensa CELAM, se dio a conocer que m\u00e1s de mil migrantes salvadore\u00f1os, cubanos, guatemaltecos, hondure\u00f1os y mexicanos acampan en el puente Nuevo Internacional en la ciudad mexicana de Matamoros, Tamaulipas.<\/p>\n<p style=\"text-align: justify;\">Esperan una respuesta favorable por parte de las autoridades americanas que les permita alcanzar el estatus legal de asilados en Estados Unidos. Su objetivo es reconstruir su proyecto de vida luego de huir de sus pa\u00edses de origen al enfrentar graves problem\u00e1ticas econ\u00f3micas y sociales; sin embargo, no siempre obtienen una respuesta favorable del gobierno americano.<\/p>\n<p style=\"text-align: justify;\">Como parte de las acciones de la Iglesia mexicana a favor de estas familias, el Seminario Diocesano de Matamoros lider\u00f3 una jornada de acompa\u00f1amiento espiritual que convoc\u00f3 a los residentes del campamento de migrantes a participar en un espacio de adoraci\u00f3n Eucar\u00edstica y celebraci\u00f3n de la Santa Misa.<\/p>\n<p style=\"text-align: justify;\">\u00ab<em>Hoy, Jes\u00fas Eucarist\u00eda, acamp\u00f3 en medio de ellos. Hoy, Dios nos llev\u00f3 a ese lugar para visitar a tantos migrantes. Dios se hizo presente en esos hermosos ni\u00f1os y ni\u00f1as que con alegr\u00eda le alababan<\/em>\u00ab. Fueron las palabras del\u00a0rector del centro de formaci\u00f3n; Padre Felipe Manuel Arteaga al hablar de la impotencia y desesperaci\u00f3n que viven estas personas y como la oraci\u00f3n les ayuda a vivir de otra manera lo que para cualquier persona es un drama de dolor y soledad.<\/p>\n<p style=\"text-align: justify;\">En esta l\u00ednea el consagrado explic\u00f3 que han apostado por ser un seminario en salida, porque la misi\u00f3n es algo que el Esp\u00edritu provoca e impulsa a salir. Al mismo tiempo invit\u00f3 a seguir\u00a0orando y trabajando por tantos migrantes y deportados que se hallan necesitados de consuelo y esperanza.<\/p>\n<p style=\"text-align: justify;\">Sin olvidar que es parte de muestra misi\u00f3n como creyentes contribuir para que logren una mejor calidad de vida, teniendo fe en que Dios les permitir\u00e1 reunirse con sus familias.<\/p>\n<p style=\"text-align: justify;\">\u00ab<em>Hemos ido al encuentro de nuestros hermanos migrantes para pedir a Dios que les ayude, proteja, defienda y los haga llegar con bien a su destino. Y as\u00ed revelar la inagotable energ\u00eda humanizadora de Jes\u00fas. Deseamos configurarnos con Jes\u00fas, siervo. Teniendo un coraz\u00f3n sensible, un coraz\u00f3n misericordioso para defender, trabajar y orar por los migrantes y m\u00e1s necesitados de la sociedad. Servir siempre a los m\u00e1s desfavorecidos<\/em>.<\/p>\n<p style=\"text-align: justify;\">La ciudad de Matamoros est\u00e1 situada en la frontera con la localidad de\u00a0Brownsville en el estado de Texas y a diario recibe decenas de migrantes que la Iglesia acompa\u00f1a y consuela de forma permanente.<\/p>\n<p style=\"text-align: justify;\">Un testimonio<\/p>\n<p style=\"text-align: justify;\">El Padre Felipe Manuel Arteaga, rector del Seminario Diocesano de Matamoros, Tamaulipas narr\u00f3 su experiencia en el campo de migrantes:<\/p>\n<p style=\"text-align: justify;\">\u00abNuestra Bendita Casa de Formaci\u00f3n tuvo la bendici\u00f3n de ir con Jes\u00fas Eucarist\u00eda quien deseaba acampar con los migrantes para ser fortaleza y consuelo, para ser descanso y reposo; sobretodo, para inundar de esperanza, paz, armon\u00eda y serenidad a los ni\u00f1os y ni\u00f1as, hombre y mujeres migrantes que buscando mejores condiciones de vida salen de su tierra natal exponi\u00e9ndose a grandes peligros en su\u00a0traves\u00eda.<\/p>\n<p style=\"text-align: justify;\">Y en respuesta a lo que anhelamos en nuestros itinerarios formativos en el Seminario Diocesano de Matamoros \u2018San Jos\u00e9\u2019, formar hombres muy humanos y a partir de ah\u00ed, hombres de Dios. Hemos apostado por ser un \u2018Seminario en salida\u2019, porque la misi\u00f3n es algo que el Esp\u00edritu provoca y nos impulsa a salir, salir, siempre salir.<\/p>\n<p style=\"text-align: justify;\">Queremos vivir nuestra formaci\u00f3n sacerdotal con ese horizonte apost\u00f3lico, impregnado de escucha, discernimiento y misi\u00f3n, para llevar ya desde ahora, en cada una de nuestras etapas formativas la alegr\u00eda del Evangelio. El Seminario de Matamoros es destino de misi\u00f3n, de ir en b\u00fasqueda y al encuentro de los dem\u00e1s.<\/p>\n<p style=\"text-align: justify;\">Deseamos configurarnos con Jes\u00fas, buen pastor. Acogiendo con amor de pastor a todos los migrantes. Teniendo el coraje y la fuerza de esp\u00edritu para servir con un impulso renovador y as\u00ed, hacer del Evangelio un aut\u00e9ntico seguimiento al Cristo pobre\u00bb.<\/p>\n<p><a href=\"https:\/\/iglesiatijuana.org\/web\/wp-content\/uploads\/2019\/09\/WhatsApp-Image-2019-09-19-at-15.12.46.jpg\" data-rel=\"lightbox-image-0\" data-rl_title=\"\" data-rl_caption=\"\" title=\"\"><img loading=\"lazy\" decoding=\"async\" class=\"alignnone size-medium wp-image-10406\" src=\"https:\/\/iglesiatijuana.org\/web\/wp-content\/uploads\/2019\/09\/WhatsApp-Image-2019-09-19-at-15.12.46-300x212.jpg\" alt=\"\" width=\"300\" height=\"212\" srcset=\"https:\/\/iglesiatijuana.org\/web\/wp-content\/uploads\/2019\/09\/WhatsApp-Image-2019-09-19-at-15.12.46-300x212.jpg 300w, https:\/\/iglesiatijuana.org\/web\/wp-content\/uploads\/2019\/09\/WhatsApp-Image-2019-09-19-at-15.12.46-768x543.jpg 768w, https:\/\/iglesiatijuana.org\/web\/wp-content\/uploads\/2019\/09\/WhatsApp-Image-2019-09-19-at-15.12.46-1024x724.jpg 1024w, https:\/\/iglesiatijuana.org\/web\/wp-content\/uploads\/2019\/09\/WhatsApp-Image-2019-09-19-at-15.12.46.jpg 1263w\" sizes=\"auto, (max-width: 300px) 100vw, 300px\" \/><\/a><\/p>\n","protected":false},"excerpt":{"rendered":"<p>Pastoral para la Comunicaci\u00f3n. \u2013 En informaci\u00f3n de Prensa CELAM, se dio a conocer que m\u00e1s de mil migrantes salvadore\u00f1os, cubanos, guatemaltecos, hondure\u00f1os y mexicanos acampan en el puente Nuevo Internacional en la ciudad&#46;&#46;&#46;<\/p>\n","protected":false},"author":5,"featured_media":10406,"comment_status":"closed","ping_status":"closed","sticky":false,"template":"","format":"standard","meta":{"_exactmetrics_skip_tracking":false,"_exactmetrics_sitenote_active":false,"_exactmetrics_sitenote_note":"","_exactmetrics_sitenote_category":0,"footnotes":""},"categories":[20,14],"tags":[],"class_list":["post-10405","post","type-post","status-publish","format-standard","has-post-thumbnail","hentry","category-evangelio-del-dia","category-ultimas-noticias"],"_links":{"self":[{"href":"https:\/\/iglesiatijuana.org\/web\/wp-json\/wp\/v2\/posts\/10405","targetHints":{"allow":["GET"]}}],"collection":[{"href":"https:\/\/iglesiatijuana.org\/web\/wp-json\/wp\/v2\/posts"}],"about":[{"href":"https:\/\/iglesiatijuana.org\/web\/wp-json\/wp\/v2\/types\/post"}],"author":[{"embeddable":true,"href":"https:\/\/iglesiatijuana.org\/web\/wp-json\/wp\/v2\/users\/5"}],"replies":[{"embeddable":true,"href":"https:\/\/iglesiatijuana.org\/web\/wp-json\/wp\/v2\/comments?post=10405"}],"version-history":[{"count":1,"href":"https:\/\/iglesiatijuana.org\/web\/wp-json\/wp\/v2\/posts\/10405\/revisions"}],"predecessor-version":[{"id":10407,"href":"https:\/\/iglesiatijuana.org\/web\/wp-json\/wp\/v2\/posts\/10405\/revisions\/10407"}],"wp:featuredmedia":[{"embeddable":true,"href":"https:\/\/iglesiatijuana.org\/web\/wp-json\/wp\/v2\/media\/10406"}],"wp:attachment":[{"href":"https:\/\/iglesiatijuana.org\/web\/wp-json\/wp\/v2\/media?parent=10405"}],"wp:term":[{"taxonomy":"category","embeddable":true,"href":"https:\/\/iglesiatijuana.org\/web\/wp-json\/wp\/v2\/categories?post=10405"},{"taxonomy":"post_tag","embeddable":true,"href":"https:\/\/iglesiatijuana.org\/web\/wp-json\/wp\/v2\/tags?post=10405"}],"curies":[{"name":"wp","href":"https:\/\/api.w.org\/{rel}","templated":true}]}}