{"id":1041,"date":"2011-01-21T04:00:00","date_gmt":"2011-01-21T12:00:00","guid":{"rendered":"http:\/\/iglesiatijuana.org\/web\/doce\/"},"modified":"2011-01-21T04:00:00","modified_gmt":"2011-01-21T12:00:00","slug":"doce","status":"publish","type":"post","link":"https:\/\/iglesiatijuana.org\/web\/doce\/","title":{"rendered":"Jes\u00fas instituy\u00f3 a doce (los Ap\u00f3stoles) para que estuvieran con \u00e9l"},"content":{"rendered":"<p><span style=\"line-height: 115%; font-family: Arial; font-size: 12pt\"><font color=\"#000000\">Viernes <\/font><\/span><\/p>\n<p><strong><span style=\"line-height: 115%; font-family: Arial; font-size: 12pt\"><font color=\"#000000\">Evangelio seg&uacute;n San Marcos 3,13-19.<\/font><\/span><\/strong><\/p>\n<p><span style=\"line-height: 115%; font-family: Arial; font-size: 12pt\"><font color=\"#000000\">Despu&eacute;s subi&oacute; a la monta&ntilde;a y llam&oacute; a su lado a los que quiso. Ellos fueron hacia &eacute;l, y Jes&uacute;s instituy&oacute; a doce para que estuvieran con &eacute;l, y para enviarlos a predicar con el poder de expulsar a los demonios. As&iacute; instituy&oacute; a los Doce: Sim&oacute;n, al que puso el sobrenombre de Pedro; Santiago, hijo de Zebedeo, y Juan, hermano de Santiago, a los que dio el nombre de Boanerges, es decir, hijos del trueno; luego, Andr&eacute;s, Felipe, Bartolom&eacute;, Mateo, Tom&aacute;s, Santiago, hijo de Alfeo, Tadeo, Sim&oacute;n, el Cananeo, y Judas Iscariote, el mismo que lo entreg&oacute;.<\/font><\/span><\/p>\n<p>&nbsp;<\/p>\n<p><strong><span style=\"line-height: 115%; font-family: Arial; font-size: 12pt\"><font color=\"#000000\">REFLEXI&Oacute;N<\/font><\/span><\/strong><\/p>\n<p><span style=\"line-height: 115%; font-family: Arial; font-size: 12pt\"><font color=\"#000000\">Marcos nos cuenta en este pasaje la elecci&oacute;n de los doce ap&oacute;stoles. Por una parte est&aacute; la multitud que oye con gusto la predicaci&oacute;n de Jes&uacute;s y se beneficia de sus milagros. Por otra, los disc&iacute;pulos, que creen en &eacute;l y le van reconociendo como el Mes&iacute;as esperado. Ahora, finalmente, &eacute;l elige a los doce, que a partir de esta hora le seguir&aacute;n y estar&aacute;n con &eacute;l. <\/font><\/span><span style=\"line-height: 115%; font-family: Arial; font-size: 12pt\"><font color=\"#000000\">&laquo;Llam&oacute; a los que quiso&raquo;. Es una elecci&oacute;n gratuita. Tambi&eacute;n a nosotros nos ha elegido gratuitamente para la fe cristiana. En l&iacute;nea con esa lista de los doce, estamos tambi&eacute;n nosotros. Somos <span>&nbsp;<\/span>miembros de una comunidad que es &laquo;apost&oacute;lica&raquo;. <\/font><\/span><span style=\"line-height: 115%; font-family: Arial; font-size: 12pt\"><font color=\"#000000\">No nos elige por nuestros m&eacute;ritos, ni porque seamos los m&aacute;s santos ni los m&aacute;s sabios o porque estemos llenos de cualidades humanas. <\/font><\/span><span style=\"line-height: 115%; font-family: Arial; font-size: 12pt\"><font color=\"#000000\">Probablemente tambi&eacute;n entre nosotros hay personas d&eacute;biles, como en aquellos primeros doce: uno lo traicion&oacute;, otros le abandonaron y en el de mayor confianza le neg&oacute; cobardemente. Nosotros seguro que tambi&eacute;n tenemos momentos de debilidad, de cobard&iacute;a o hasta de traici&oacute;n. Pero siempre deber&iacute;amos contar con su perd&oacute;n y renovar nuestra fidelidad y nuestro seguimiento, aprovechando los medios que nos da para ir madurando. <\/font><\/span><span style=\"line-height: 115%; font-family: Arial; font-size: 12pt\"><font color=\"#000000\">Como los doce, que &laquo;se fueron con &eacute;l&raquo; y luego &laquo;los envi&oacute; a predicar&raquo;, tambi&eacute;n nosotros, cuando celebremos la Eucarist&iacute;a, &laquo;estaremos con &eacute;l&raquo; y al final de la misa, cuando se nos diga que &laquo;nos podemos ir en paz&raquo;, en realidad &laquo;estamos siendo enviados&raquo; para testimoniar con nuestra vida la Buena Noticia que acabamos de celebrar y comulgar.&nbsp;<\/font><\/span><span style=\"line-height: 115%; font-family: Arial; font-size: 12pt\"><font color=\"#000000\">&nbsp;<\/font><\/span><\/p>\n<p>&nbsp;<\/p>\n<p><strong><span style=\"line-height: 115%; font-family: Arial; font-size: 12pt\"><font color=\"#000000\">Mons. Salvador Cisneros G.<\/font><\/span><\/strong><\/p>\n<p><strong><span style=\"line-height: 115%; font-family: Arial; font-size: 12pt\"><font color=\"#000000\">Parroquia Santa Teresa de &Aacute;vila<\/font><\/span><\/strong><span style=\"line-height: 115%; font-family: Arial; font-size: 12pt\"><font color=\"#000000\">&nbsp;<\/font><\/span><\/p>\n","protected":false},"excerpt":{"rendered":"<p>Viernes Evangelio seg&uacute;n San Marcos 3,13-19. Despu&eacute;s subi&oacute; a la monta&ntilde;a y llam&oacute; a su lado a los que quiso. Ellos fueron hacia &eacute;l, y Jes&uacute;s instituy&oacute; a doce para que estuvieran con &eacute;l,&#46;&#46;&#46;<\/p>\n","protected":false},"author":5,"featured_media":0,"comment_status":"closed","ping_status":"open","sticky":false,"template":"","format":"standard","meta":{"_exactmetrics_skip_tracking":false,"_exactmetrics_sitenote_active":false,"_exactmetrics_sitenote_note":"","_exactmetrics_sitenote_category":0,"footnotes":""},"categories":[20],"tags":[],"class_list":["post-1041","post","type-post","status-publish","format-standard","hentry","category-evangelio-del-dia"],"_links":{"self":[{"href":"https:\/\/iglesiatijuana.org\/web\/wp-json\/wp\/v2\/posts\/1041","targetHints":{"allow":["GET"]}}],"collection":[{"href":"https:\/\/iglesiatijuana.org\/web\/wp-json\/wp\/v2\/posts"}],"about":[{"href":"https:\/\/iglesiatijuana.org\/web\/wp-json\/wp\/v2\/types\/post"}],"author":[{"embeddable":true,"href":"https:\/\/iglesiatijuana.org\/web\/wp-json\/wp\/v2\/users\/5"}],"replies":[{"embeddable":true,"href":"https:\/\/iglesiatijuana.org\/web\/wp-json\/wp\/v2\/comments?post=1041"}],"version-history":[{"count":0,"href":"https:\/\/iglesiatijuana.org\/web\/wp-json\/wp\/v2\/posts\/1041\/revisions"}],"wp:attachment":[{"href":"https:\/\/iglesiatijuana.org\/web\/wp-json\/wp\/v2\/media?parent=1041"}],"wp:term":[{"taxonomy":"category","embeddable":true,"href":"https:\/\/iglesiatijuana.org\/web\/wp-json\/wp\/v2\/categories?post=1041"},{"taxonomy":"post_tag","embeddable":true,"href":"https:\/\/iglesiatijuana.org\/web\/wp-json\/wp\/v2\/tags?post=1041"}],"curies":[{"name":"wp","href":"https:\/\/api.w.org\/{rel}","templated":true}]}}