{"id":10458,"date":"2019-10-01T13:38:34","date_gmt":"2019-10-01T20:38:34","guid":{"rendered":"https:\/\/iglesiatijuana.org\/web\/?p=10458"},"modified":"2019-10-01T13:39:10","modified_gmt":"2019-10-01T20:39:10","slug":"semana-de-estudio-y-actualizacion","status":"publish","type":"post","link":"https:\/\/iglesiatijuana.org\/web\/semana-de-estudio-y-actualizacion\/","title":{"rendered":"\u201cSemana de Estudio y Actualizaci\u00f3n\u201d"},"content":{"rendered":"<p style=\"text-align: center;\"><strong>\u201cSemana de Estudio y Actualizaci\u00f3n\u201d<\/strong><\/p>\n<p style=\"text-align: center;\"><strong>Arquidi\u00f3cesis de Tijuana<\/strong><\/p>\n<p style=\"text-align: justify;\">La Arquidi\u00f3cesis de Tijuana impulsada por el Arzobispo Metropolitano Francisco Moreno Barr\u00f3n realiz\u00f3 la \u201cSemana de Estudio y Actualizaci\u00f3n\u201d los d\u00edas del 24 al 27 de septiembre 2019 este dedicada en esta edici\u00f3n a la \u201cprotecci\u00f3n de personas vulnerables\u201d. La semana de estudio fue impartida por el Pbro. Dr. Daniel Portillo Trevizo, director de CEPROME, Centro de investigaci\u00f3n y formaci\u00f3n interdisciplinar para la protecci\u00f3n del menor.<\/p>\n<p style=\"text-align: justify;\">**********<\/p>\n<p style=\"text-align: justify;\">Pbro. Dr. Daniel Portillo Trevizo. Sacerdote de la Arquidi\u00f3cesis de Chihuahua. Estudi\u00f3 la licenciatura en Teolog\u00eda Espiritual y la especializaci\u00f3n en Formaci\u00f3n Sacerdotal en la Pontificia Universidad Gregoriana de Roma. M\u00e1s tarde, obtuvo el grado de maestro en Psicoan\u00e1lisis por la Universidad Intercontinental y despu\u00e9s el de doctor en Teolog\u00eda por la Universidad Pontificia de M\u00e9xico (UPM). Actualmente, es director del Centro de Investigaci\u00f3n y Formaci\u00f3n Interdisciplinar para la Protecci\u00f3n del Menor (adscrito a la UPM) y profesor de tiempo completo de Teolog\u00eda y Psicolog\u00eda en la misma universidad. Es miembro de la Comisi\u00f3n internacional de protecci\u00f3n de menores de la orden de los Agustinos Recoletos. Sus l\u00edneas de investigaci\u00f3n son la formaci\u00f3n sacerdotal, la prevenci\u00f3n del abuso sexual de menores dentro de la Iglesia y la integraci\u00f3n de la teolog\u00eda espiritual y la psicolog\u00eda. Dentro de sus publicaciones se encuentra el libro: \u201cPsico-Teolog\u00eda del Discernimiento vocacional\u201d<\/p>\n<p>&nbsp;<\/p>\n<p><a href=\"https:\/\/iglesiatijuana.org\/web\/wp-content\/uploads\/2019\/10\/86e85e37-895f-424c-bcf8-9d6395cf404a.jpg\" data-rel=\"lightbox-image-0\" data-rl_title=\"\" data-rl_caption=\"\" title=\"\"><img loading=\"lazy\" decoding=\"async\" class=\"alignnone size-medium wp-image-10466\" src=\"https:\/\/iglesiatijuana.org\/web\/wp-content\/uploads\/2019\/10\/86e85e37-895f-424c-bcf8-9d6395cf404a-300x201.jpg\" alt=\"\" width=\"300\" height=\"201\" srcset=\"https:\/\/iglesiatijuana.org\/web\/wp-content\/uploads\/2019\/10\/86e85e37-895f-424c-bcf8-9d6395cf404a-300x201.jpg 300w, https:\/\/iglesiatijuana.org\/web\/wp-content\/uploads\/2019\/10\/86e85e37-895f-424c-bcf8-9d6395cf404a-768x515.jpg 768w, https:\/\/iglesiatijuana.org\/web\/wp-content\/uploads\/2019\/10\/86e85e37-895f-424c-bcf8-9d6395cf404a-1024x687.jpg 1024w, https:\/\/iglesiatijuana.org\/web\/wp-content\/uploads\/2019\/10\/86e85e37-895f-424c-bcf8-9d6395cf404a.jpg 1280w\" sizes=\"auto, (max-width: 300px) 100vw, 300px\" \/><\/a><\/p>\n<p style=\"text-align: justify;\">Este siguiente material adjunto es autor\u00eda del expositor: Pbro. Dr. Daniel Portillo Trevizo.<\/p>\n<p style=\"text-align: justify;\">padredanielportillo@gmail.com<\/p>\n<p><a href=\"https:\/\/iglesiatijuana.org\/web\/wp-content\/uploads\/2019\/10\/HACIA-UNA-CULTURA-DE-LA-PREVENCI\u00d3N.pdf\">HACIA UNA CULTURA DE LA PREVENCI\u00d3N<\/a> <a href=\"https:\/\/iglesiatijuana.org\/web\/wp-content\/uploads\/2019\/10\/ABUSO-INTRAFAMILIAR-1-2.pdf\">ABUSO INTRAFAMILIAR<\/a><\/p>\n<p><a href=\"https:\/\/iglesiatijuana.org\/web\/wp-content\/uploads\/2019\/10\/Encuentro-Parroquia-1.pdf\">Encuentro Parroquia<\/a><\/p>\n<p><a href=\"https:\/\/iglesiatijuana.org\/web\/wp-content\/uploads\/2019\/10\/HACIA-UNA-CULTURA-DE-LA-PREVENCI\u00d3N-1.pdf\">HACIA UNA CULTURA DE LA PREVENCI\u00d3N<\/a><\/p>\n<p>&nbsp;<\/p>\n","protected":false},"excerpt":{"rendered":"<p>\u201cSemana de Estudio y Actualizaci\u00f3n\u201d Arquidi\u00f3cesis de Tijuana La Arquidi\u00f3cesis de Tijuana impulsada por el Arzobispo Metropolitano Francisco Moreno Barr\u00f3n realiz\u00f3 la \u201cSemana de Estudio y Actualizaci\u00f3n\u201d los d\u00edas del 24 al 27 de&#46;&#46;&#46;<\/p>\n","protected":false},"author":5,"featured_media":10466,"comment_status":"closed","ping_status":"closed","sticky":false,"template":"","format":"standard","meta":{"_exactmetrics_skip_tracking":false,"_exactmetrics_sitenote_active":false,"_exactmetrics_sitenote_note":"","_exactmetrics_sitenote_category":0,"footnotes":""},"categories":[20,14],"tags":[],"class_list":["post-10458","post","type-post","status-publish","format-standard","has-post-thumbnail","hentry","category-evangelio-del-dia","category-ultimas-noticias"],"_links":{"self":[{"href":"https:\/\/iglesiatijuana.org\/web\/wp-json\/wp\/v2\/posts\/10458","targetHints":{"allow":["GET"]}}],"collection":[{"href":"https:\/\/iglesiatijuana.org\/web\/wp-json\/wp\/v2\/posts"}],"about":[{"href":"https:\/\/iglesiatijuana.org\/web\/wp-json\/wp\/v2\/types\/post"}],"author":[{"embeddable":true,"href":"https:\/\/iglesiatijuana.org\/web\/wp-json\/wp\/v2\/users\/5"}],"replies":[{"embeddable":true,"href":"https:\/\/iglesiatijuana.org\/web\/wp-json\/wp\/v2\/comments?post=10458"}],"version-history":[{"count":2,"href":"https:\/\/iglesiatijuana.org\/web\/wp-json\/wp\/v2\/posts\/10458\/revisions"}],"predecessor-version":[{"id":10468,"href":"https:\/\/iglesiatijuana.org\/web\/wp-json\/wp\/v2\/posts\/10458\/revisions\/10468"}],"wp:featuredmedia":[{"embeddable":true,"href":"https:\/\/iglesiatijuana.org\/web\/wp-json\/wp\/v2\/media\/10466"}],"wp:attachment":[{"href":"https:\/\/iglesiatijuana.org\/web\/wp-json\/wp\/v2\/media?parent=10458"}],"wp:term":[{"taxonomy":"category","embeddable":true,"href":"https:\/\/iglesiatijuana.org\/web\/wp-json\/wp\/v2\/categories?post=10458"},{"taxonomy":"post_tag","embeddable":true,"href":"https:\/\/iglesiatijuana.org\/web\/wp-json\/wp\/v2\/tags?post=10458"}],"curies":[{"name":"wp","href":"https:\/\/api.w.org\/{rel}","templated":true}]}}