{"id":10552,"date":"2019-10-14T10:32:48","date_gmt":"2019-10-14T17:32:48","guid":{"rendered":"https:\/\/iglesiatijuana.org\/web\/?p=10552"},"modified":"2019-10-14T10:32:48","modified_gmt":"2019-10-14T17:32:48","slug":"la-dimension-pastoral-de-jovenes-y-adolescentes-lanza-la-convocatoria-a-las-ix-asamblea-de-pastoral-juvenil-2019","status":"publish","type":"post","link":"https:\/\/iglesiatijuana.org\/web\/la-dimension-pastoral-de-jovenes-y-adolescentes-lanza-la-convocatoria-a-las-ix-asamblea-de-pastoral-juvenil-2019\/","title":{"rendered":"La Dimensi\u00f3n Pastoral de J\u00f3venes y Adolescentes lanza la Convocatoria a las IX Asamblea de pastoral juvenil 2019"},"content":{"rendered":"<p style=\"text-align: justify;\">Pastoral para la Comunicaci\u00f3n. &#8211; Anunciada en los nuevos are\u00f3pagos de las redes sociales y del ambiente cibernauta de los j\u00f3venes, la Dimensi\u00f3n Pastoral de J\u00f3venes y Adolescente con su responsable el P. Enrique Villalobos Ramos y el Equipo de agentes de pastoral juvenil ha lanzado su convocatoria digital para invitar y abrazar a los j\u00f3venes de la Arquidi\u00f3cesis a vivir y celebrar la Asamblea Pastoral en la que en sinton\u00eda con la Iglesia particular es fundamental su reflexi\u00f3n, iluminaci\u00f3n y aportes.<\/p>\n<p style=\"text-align: justify;\">En efecto, la exhortaci\u00f3n postsinodal \u201cChristus vivit\u201d ofrece \u201cuna estrategia de evangelizaci\u00f3n donde los protagonistas son Jesucristo y los j\u00f3venes cristianos\u201d como se\u00f1alan expertos en el tema, especialmente subrayando que las dimensiones como el acompa\u00f1amiento son fundamentales para caminar con los j\u00f3venes hoy.<\/p>\n<p style=\"text-align: justify;\">En esta sinton\u00eda, los esfuerzos de cada etapa del servicio y trabajo con los j\u00f3venes en la Arquidi\u00f3cesis de Tijuana se orientan para asumir la llama del Papa Francisco en la necesidad de promover una \u201cconversi\u00f3n misionera\u201d en la Iglesia que pasa por atender y escuchar las inquietudes de los j\u00f3venes a caminar junto a los j\u00f3venes inquietos.<\/p>\n<p><iframe loading=\"lazy\" title=\"Asamblea Arquidi\u00f3cesana de Pastoral Juvenil 2019\" width=\"500\" height=\"281\" src=\"https:\/\/www.youtube.com\/embed\/imGDl0dLrao?feature=oembed&#038;wmode=opaque\" frameborder=\"0\" allow=\"accelerometer; autoplay; clipboard-write; encrypted-media; gyroscope; picture-in-picture; web-share\" referrerpolicy=\"strict-origin-when-cross-origin\" allowfullscreen><\/iframe><\/p>\n<p><a href=\"https:\/\/iglesiatijuana.org\/web\/wp-content\/uploads\/2019\/10\/72086124_2405737513027682_8820460742500155392_n.jpg\" data-rel=\"lightbox-image-0\" data-rl_title=\"\" data-rl_caption=\"\" title=\"\"><img loading=\"lazy\" decoding=\"async\" class=\"alignnone size-medium wp-image-10553\" src=\"https:\/\/iglesiatijuana.org\/web\/wp-content\/uploads\/2019\/10\/72086124_2405737513027682_8820460742500155392_n-300x169.jpg\" alt=\"\" width=\"300\" height=\"169\" srcset=\"https:\/\/iglesiatijuana.org\/web\/wp-content\/uploads\/2019\/10\/72086124_2405737513027682_8820460742500155392_n-300x169.jpg 300w, https:\/\/iglesiatijuana.org\/web\/wp-content\/uploads\/2019\/10\/72086124_2405737513027682_8820460742500155392_n-768x432.jpg 768w, https:\/\/iglesiatijuana.org\/web\/wp-content\/uploads\/2019\/10\/72086124_2405737513027682_8820460742500155392_n.jpg 960w\" sizes=\"auto, (max-width: 300px) 100vw, 300px\" \/><\/a><\/p>\n","protected":false},"excerpt":{"rendered":"<p>Pastoral para la Comunicaci\u00f3n. &#8211; Anunciada en los nuevos are\u00f3pagos de las redes sociales y del ambiente cibernauta de los j\u00f3venes, la Dimensi\u00f3n Pastoral de J\u00f3venes y Adolescente con su responsable el P. Enrique&#46;&#46;&#46;<\/p>\n","protected":false},"author":5,"featured_media":10553,"comment_status":"closed","ping_status":"closed","sticky":false,"template":"","format":"standard","meta":{"_exactmetrics_skip_tracking":false,"_exactmetrics_sitenote_active":false,"_exactmetrics_sitenote_note":"","_exactmetrics_sitenote_category":0,"footnotes":""},"categories":[20,14],"tags":[],"class_list":["post-10552","post","type-post","status-publish","format-standard","has-post-thumbnail","hentry","category-evangelio-del-dia","category-ultimas-noticias"],"_links":{"self":[{"href":"https:\/\/iglesiatijuana.org\/web\/wp-json\/wp\/v2\/posts\/10552","targetHints":{"allow":["GET"]}}],"collection":[{"href":"https:\/\/iglesiatijuana.org\/web\/wp-json\/wp\/v2\/posts"}],"about":[{"href":"https:\/\/iglesiatijuana.org\/web\/wp-json\/wp\/v2\/types\/post"}],"author":[{"embeddable":true,"href":"https:\/\/iglesiatijuana.org\/web\/wp-json\/wp\/v2\/users\/5"}],"replies":[{"embeddable":true,"href":"https:\/\/iglesiatijuana.org\/web\/wp-json\/wp\/v2\/comments?post=10552"}],"version-history":[{"count":1,"href":"https:\/\/iglesiatijuana.org\/web\/wp-json\/wp\/v2\/posts\/10552\/revisions"}],"predecessor-version":[{"id":10554,"href":"https:\/\/iglesiatijuana.org\/web\/wp-json\/wp\/v2\/posts\/10552\/revisions\/10554"}],"wp:featuredmedia":[{"embeddable":true,"href":"https:\/\/iglesiatijuana.org\/web\/wp-json\/wp\/v2\/media\/10553"}],"wp:attachment":[{"href":"https:\/\/iglesiatijuana.org\/web\/wp-json\/wp\/v2\/media?parent=10552"}],"wp:term":[{"taxonomy":"category","embeddable":true,"href":"https:\/\/iglesiatijuana.org\/web\/wp-json\/wp\/v2\/categories?post=10552"},{"taxonomy":"post_tag","embeddable":true,"href":"https:\/\/iglesiatijuana.org\/web\/wp-json\/wp\/v2\/tags?post=10552"}],"curies":[{"name":"wp","href":"https:\/\/api.w.org\/{rel}","templated":true}]}}