{"id":10555,"date":"2019-10-14T10:49:10","date_gmt":"2019-10-14T17:49:10","guid":{"rendered":"https:\/\/iglesiatijuana.org\/web\/?p=10555"},"modified":"2019-10-14T10:49:10","modified_gmt":"2019-10-14T17:49:10","slug":"se-acerca-el-domund-2019-conoce-el-mensaje-del-papa-francisco-para-este-ano","status":"publish","type":"post","link":"https:\/\/iglesiatijuana.org\/web\/se-acerca-el-domund-2019-conoce-el-mensaje-del-papa-francisco-para-este-ano\/","title":{"rendered":"Se acerca el DOMUND 2019: conoce el Mensaje del Papa Francisco para este a\u00f1o"},"content":{"rendered":"<p style=\"text-align: center;\">MENSAJE DEL SANTO PADRE FRANCISCO<br \/>\nPARA LA JORNADA MUNDIAL DE LAS MISIONES 2019.<\/p>\n<p style=\"text-align: center;\">\n<p style=\"text-align: center;\">Bautizados y enviados:<br \/>\nla Iglesia de Cristo en misi\u00f3n en el mundo.<\/p>\n<p>&nbsp;<\/p>\n<p style=\"text-align: justify;\">Queridos hermanos y hermanas:<\/p>\n<p style=\"text-align: justify;\">He pedido a toda la Iglesia que durante el mes de octubre de 2019 se viva un tiempo misionero extraordinario, para conmemorar el centenario de la promulgaci\u00f3n de la Carta apost\u00f3lica<a href=\"https:\/\/w2.vatican.va\/content\/benedict-xv\/es\/apost_letters\/documents\/hf_ben-xv_apl_19191130_maximum-illud.html\"> Maximum illud<\/a> del <a href=\"https:\/\/w2.vatican.va\/content\/benedict-xv\/es.html\">Papa Benedicto XV<\/a> (30 noviembre 1919). La visi\u00f3n prof\u00e9tica de su propuesta apost\u00f3lica me ha confirmado que hoy sigue siendo importante renovar el compromiso misionero de la Iglesia, impulsar evang\u00e9licamente su misi\u00f3n de anunciar y llevar al mundo la salvaci\u00f3n de Jesucristo, muerto y resucitado.<\/p>\n<p style=\"text-align: justify;\">El t\u00edtulo del presente mensaje es igual al tema del Octubre misionero: Bautizados y enviados: la Iglesia de Cristo en misi\u00f3n en el mundo. La celebraci\u00f3n de este mes nos ayudar\u00e1 en primer lugar a volver a encontrar el sentido misionero de nuestra adhesi\u00f3n de fe a Jesucristo, fe que hemos recibido gratuitamente como un don en el bautismo. Nuestra pertenencia filial a Dios no es un acto individual sino eclesial: la comuni\u00f3n con Dios, Padre, Hijo y Esp\u00edritu Santo, es fuente de una vida nueva junto a tantos otros hermanos y hermanas. Y esta vida divina no es un producto para vender \u2014nosotros no hacemos proselitismo\u2014 sino una riqueza para dar, para comunicar, para anunciar; este es el sentido de la misi\u00f3n. Gratuitamente hemos recibido este don y gratuitamente lo compartimos (cf. Mt 10,8), sin excluir a nadie. Dios quiere que todos los hombres se salven y lleguen al conocimiento de la verdad, y a la experiencia de su misericordia, por medio de la Iglesia, sacramento universal de salvaci\u00f3n (cf. 1 Tm 2,4; 3,15; Conc. Ecum. Vat. II, Const. dogm. <a href=\"http:\/\/www.vatican.va\/archive\/hist_councils\/ii_vatican_council\/documents\/vat-ii_const_19641121_lumen-gentium_sp.html\">Lumen gentium<\/a>, 48).<\/p>\n<p style=\"text-align: justify;\">La Iglesia est\u00e1 en misi\u00f3n en el mundo: la fe en Jesucristo nos da la dimensi\u00f3n justa de todas las cosas haci\u00e9ndonos ver el mundo con los ojos y el coraz\u00f3n de Dios; la esperanza nos abre a los horizontes eternos de la vida divina de la que participamos verdaderamente; la caridad, que pregustamos en los sacramentos y en el amor fraterno, nos conduce hasta los confines de la tierra (cf. Mi 5,3; Mt 28,19; Hch 1,8; Rm 10,18). Una Iglesia en salida hasta los \u00faltimos confines exige una conversi\u00f3n misionera constante y permanente. Cu\u00e1ntos santos, cu\u00e1ntas mujeres y hombres de fe nos dan testimonio, nos muestran que es posible y realizable esta apertura ilimitada, esta salida misericordiosa, como impulso urgente del amor y como fruto de su intr\u00ednseca l\u00f3gica de don, de sacrificio y de gratuidad (cf. 2 Co 5,14-21). Porque ha de ser hombre de Dios quien a Dios tiene que predicar (cf. Carta apost. <a href=\"https:\/\/w2.vatican.va\/content\/benedict-xv\/es\/apost_letters\/documents\/hf_ben-xv_apl_19191130_maximum-illud.html\">\u00a0Maximum illud<\/a>).<\/p>\n<p style=\"text-align: justify;\">Es un mandato que nos toca de cerca: yo soy siempre una misi\u00f3n; t\u00fa eres siempre una misi\u00f3n; todo bautizado y bautizada es una misi\u00f3n. Quien ama se pone en movimiento, sale de s\u00ed mismo, es atra\u00eddo y atrae, se da al otro y teje relaciones que generan vida. Para el amor de Dios nadie es in\u00fatil e insignificante. Cada uno de nosotros es una misi\u00f3n en el mundo porque es fruto del amor de Dios.<\/p>\n<p style=\"text-align: justify;\">Aun cuando mi padre y mi madre hubieran traicionado el amor con la mentira, el odio y la infidelidad, Dios nunca renuncia al don de la vida, sino que destina a todos sus hijos, desde siempre, a su vida divina y eterna (cf. Ef 1,3-6).<\/p>\n<p style=\"text-align: justify;\">Esta vida se nos comunica en el bautismo, que nos da la fe en Jesucristo vencedor del pecado y de la muerte, nos regenera a imagen y semejanza de Dios y nos introduce en el cuerpo de Cristo que es la Iglesia. En este sentido, el bautismo es realmente necesario para la salvaci\u00f3n porque nos garantiza que somos hijos e hijas en la casa del Padre, siempre y en todas partes, nunca hu\u00e9rfanos, extranjeros o esclavos. Lo que en el cristiano es realidad sacramental \u2014cuyo cumplimiento es la eucarist\u00eda\u2014, permanece como vocaci\u00f3n y destino para todo hombre y mujer que espera la conversi\u00f3n y la salvaci\u00f3n. De hecho, el bautismo es cumplimiento de la promesa del don divino que hace al ser humano hijo en el Hijo. Somos hijos de nuestros padres naturales, pero en el bautismo se nos da la paternidad originaria y la maternidad verdadera: no puede tener a Dios como padre quien no tiene a la Iglesia como madre (cf. San Cipriano, La unidad de la Iglesia cat\u00f3lica, 4).<\/p>\n<p style=\"text-align: justify;\">As\u00ed, nuestra misi\u00f3n radica en la paternidad de Dios y en la maternidad de la Iglesia, porque el env\u00edo manifestado por Jes\u00fas en el mandato pascual es inherente al bautismo: como el Padre me ha enviado as\u00ed tambi\u00e9n os env\u00edo yo, llenos del Esp\u00edritu Santo para la reconciliaci\u00f3n del mundo (cf. Jn 20,19-23; Mt 28,16-20). Este env\u00edo compete al cristiano, para que a nadie le falte el anuncio de su vocaci\u00f3n a hijo adoptivo, la certeza de su dignidad personal y del valor intr\u00ednseco de toda vida humana desde su concepci\u00f3n hasta la muerte natural. El secularismo creciente, cuando se hace rechazo positivo y cultural de la activa paternidad de Dios en nuestra historia, impide toda aut\u00e9ntica fraternidad universal, que se expresa en el respeto rec\u00edproco de la vida de cada uno. Sin el Dios de Jesucristo, toda diferencia se reduce a una amenaza infernal haciendo imposible cualquier acogida fraterna y la unidad fecunda del g\u00e9nero humano.<\/p>\n<p style=\"text-align: justify;\">El destino universal de la salvaci\u00f3n ofrecida por Dios en Jesucristo condujo a Benedicto XV a exigir la superaci\u00f3n de toda clausura nacionalista y etnoc\u00e9ntrica, de toda mezcla del anuncio del Evangelio con las potencias coloniales, con sus intereses econ\u00f3micos y militares. En su Carta apost\u00f3lica <a href=\"https:\/\/w2.vatican.va\/content\/benedict-xv\/es\/apost_letters\/documents\/hf_ben-xv_apl_19191130_maximum-illud.html\">Maximum illud<\/a>, el Papa recordaba que la universalidad divina de la misi\u00f3n de la Iglesia exige la salida de una pertenencia exclusiva a la propia patria y a la propia etnia. La apertura de la cultura y de la comunidad a la novedad salv\u00edfica de Jesucristo requiere la superaci\u00f3n de toda introversi\u00f3n \u00e9tnica y eclesial impropia. Tambi\u00e9n hoy la Iglesia sigue necesitando hombres y mujeres que, en virtud de su bautismo, respondan generosamente a la llamada a salir de su propia casa, su propia familia, su propia patria, su propia lengua, su propia Iglesia local. Ellos son enviados a las gentes en el mundo que a\u00fan no est\u00e1 transfigurado por los sacramentos de Jesucristo y de su santa Iglesia. Anunciando la Palabra de Dios, testimoniando el Evangelio y celebrando la vida del Esp\u00edritu llaman a la conversi\u00f3n, bautizan y ofrecen la salvaci\u00f3n cristiana en el respeto de la libertad personal de cada uno, en di\u00e1logo con las culturas y las religiones de los pueblos donde son enviados. La missio ad gentes, siempre necesaria en la Iglesia, contribuye as\u00ed de manera fundamental al proceso de conversi\u00f3n permanente de todos los cristianos. La fe en la pascua de Jes\u00fas, el env\u00edo eclesial bautismal, la salida geogr\u00e1fica y cultural de s\u00ed y del propio hogar, la necesidad de salvaci\u00f3n del pecado y la liberaci\u00f3n del mal personal y social exigen que la misi\u00f3n llegue hasta los \u00faltimos rincones de la tierra.<\/p>\n<p style=\"text-align: justify;\">La coincidencia providencial con la celebraci\u00f3n del <a href=\"http:\/\/www.sinodoamazonico.va\/content\/sinodoamazonico\/es.html\">S\u00ednodo especial de los obispos para la regi\u00f3n Panamaz\u00f3nica<\/a> me lleva a destacar que la misi\u00f3n confiada por Jes\u00fas, con el don de su esp\u00edritu, sigue siendo actual y necesaria tambi\u00e9n para los habitantes de esas tierras. Un Pentecost\u00e9s renovado abre las puertas de la Iglesia para que ninguna cultura permanezca cerrada en s\u00ed misma y ning\u00fan pueblo se quede aislado, sino que se abran a la comuni\u00f3n universal de la fe. Que nadie se quede encerrado en el propio yo, en la autorreferencialidad de la propia pertenencia \u00e9tnica y religiosa. La pascua de Jes\u00fas rompe los estrechos l\u00edmites de mundos, religiones y culturas, llam\u00e1ndolos a crecer en el respeto por la dignidad del hombre y de la mujer, hacia una conversi\u00f3n cada vez m\u00e1s plena a la verdad del Se\u00f1or resucitado que nos da a toda la vida verdadera.<\/p>\n<p style=\"text-align: justify;\">A este respecto, me vienen a la mente las palabras del papa <a href=\"http:\/\/w2.vatican.va\/content\/benedict-xvi\/es.html\">Benedicto XVI<\/a> al comienzo del encuentro de obispos latinoamericanos en Aparecida, Brasil, en el a\u00f1o 2007, palabras que deseo aqu\u00ed recordar y hacer m\u00edas: \u00ab\u00bfQu\u00e9 ha significado la aceptaci\u00f3n de la fe cristiana para los pueblos de Am\u00e9rica Latina y del Caribe? Para ellos ha significado conocer y acoger a Cristo, el Dios desconocido que sus antepasados, sin saberlo, buscaban en sus ricas tradiciones religiosas. Cristo era el Salvador que anhelaban silenciosamente. Ha significado tambi\u00e9n haber recibido, con las aguas del bautismo, la vida divina que los hizo hijos de Dios por adopci\u00f3n; haber recibido, adem\u00e1s, el Esp\u00edritu Santo que ha venido a fecundar sus culturas, purific\u00e1ndolas y desarrollando los numerosos g\u00e9rmenes y semillas que el Verbo encarnado hab\u00eda puesto en ellas, orient\u00e1ndolas as\u00ed por los caminos del Evangelio. [&#8230;] El Verbo de Dios, haci\u00e9ndose carne en Jesucristo, se hizo tambi\u00e9n historia y cultura. La utop\u00eda de volver a dar vida a las religiones precolombinas, separ\u00e1ndolas de Cristo y de la Iglesia universal, no ser\u00eda un progreso, sino un retroceso. En realidad ser\u00eda una involuci\u00f3n hacia un momento hist\u00f3rico anclado en el pasado\u00bb (<a href=\"http:\/\/w2.vatican.va\/content\/benedict-xvi\/es\/speeches\/2007\/may\/documents\/hf_ben-xvi_spe_20070513_conference-aparecida.html\">Discurso en la Sesi\u00f3n inaugural, 13 mayo 2007<\/a>).<\/p>\n<p style=\"text-align: justify;\">Confiemos a Mar\u00eda, nuestra Madre, la misi\u00f3n de la Iglesia. La Virgen, unida a su Hijo desde la encarnaci\u00f3n, se puso en movimiento, particip\u00f3 totalmente en la misi\u00f3n de Jes\u00fas, misi\u00f3n que a los pies de la cruz se convirti\u00f3 tambi\u00e9n en su propia misi\u00f3n: colaborar como Madre de la Iglesia que en el Esp\u00edritu y en la fe engendra nuevos hijos e hijas de Dios.<\/p>\n<p style=\"text-align: justify;\">Quisiera concluir con unas breves palabras sobre las Obras Misionales Pontificias, ya propuestas como instrumento misionero en la <a href=\"https:\/\/w2.vatican.va\/content\/benedict-xv\/es\/apost_letters\/documents\/hf_ben-xv_apl_19191130_maximum-illud.html\">\u00a0Maximum illud<\/a>. Las OMP manifiestan su servicio a la universalidad eclesial en la forma de una red global que apoya al Papa en su compromiso misionero mediante la oraci\u00f3n, alma de la misi\u00f3n, y la caridad de los cristianos dispersos por el mundo entero. Sus donativos ayudan al Papa en la evangelizaci\u00f3n de las Iglesias particulares (Obra de la Propagaci\u00f3n de la Fe), en la formaci\u00f3n del clero local (Obra de San Pedro Ap\u00f3stol), en la educaci\u00f3n de una conciencia misionera de los ni\u00f1os de todo el mundo (Obra de la Infancia Misionera) y en la formaci\u00f3n misionera de la fe de los cristianos (Pontificia Uni\u00f3n Misional). Renovando mi apoyo a dichas obras, deseo que el Mes Misionero Extraordinario de Octubre 2019 contribuya a la renovaci\u00f3n de su servicio a mi ministerio misionero.<\/p>\n<p style=\"text-align: justify;\">A los misioneros, a las misioneras y a todos los que en virtud del propio bautismo participan de alg\u00fan modo en la misi\u00f3n de la Iglesia, les env\u00edo de coraz\u00f3n mi bendici\u00f3n.<\/p>\n<p style=\"text-align: justify;\">Vaticano, 9 de junio de 2019, Solemnidad de Pentecost\u00e9s.<\/p>\n<p style=\"text-align: justify;\"><strong>Francisco<\/strong><\/p>\n<p><a href=\"https:\/\/iglesiatijuana.org\/web\/wp-content\/uploads\/2019\/10\/Mensaje-Papa-DOMUND.jpg\" data-rel=\"lightbox-image-0\" data-rl_title=\"\" data-rl_caption=\"\" title=\"\"><img loading=\"lazy\" decoding=\"async\" class=\"alignnone size-medium wp-image-10556\" src=\"https:\/\/iglesiatijuana.org\/web\/wp-content\/uploads\/2019\/10\/Mensaje-Papa-DOMUND-300x225.jpg\" alt=\"\" width=\"300\" height=\"225\" srcset=\"https:\/\/iglesiatijuana.org\/web\/wp-content\/uploads\/2019\/10\/Mensaje-Papa-DOMUND-300x225.jpg 300w, https:\/\/iglesiatijuana.org\/web\/wp-content\/uploads\/2019\/10\/Mensaje-Papa-DOMUND-768x576.jpg 768w, https:\/\/iglesiatijuana.org\/web\/wp-content\/uploads\/2019\/10\/Mensaje-Papa-DOMUND.jpg 807w\" sizes=\"auto, (max-width: 300px) 100vw, 300px\" \/><\/a><\/p>\n","protected":false},"excerpt":{"rendered":"<p>MENSAJE DEL SANTO PADRE FRANCISCO PARA LA JORNADA MUNDIAL DE LAS MISIONES 2019. Bautizados y enviados: la Iglesia de Cristo en misi\u00f3n en el mundo. &nbsp; Queridos hermanos y hermanas: He pedido a toda&#46;&#46;&#46;<\/p>\n","protected":false},"author":5,"featured_media":10556,"comment_status":"closed","ping_status":"closed","sticky":false,"template":"","format":"standard","meta":{"_exactmetrics_skip_tracking":false,"_exactmetrics_sitenote_active":false,"_exactmetrics_sitenote_note":"","_exactmetrics_sitenote_category":0,"footnotes":""},"categories":[20,14],"tags":[],"class_list":["post-10555","post","type-post","status-publish","format-standard","has-post-thumbnail","hentry","category-evangelio-del-dia","category-ultimas-noticias"],"_links":{"self":[{"href":"https:\/\/iglesiatijuana.org\/web\/wp-json\/wp\/v2\/posts\/10555","targetHints":{"allow":["GET"]}}],"collection":[{"href":"https:\/\/iglesiatijuana.org\/web\/wp-json\/wp\/v2\/posts"}],"about":[{"href":"https:\/\/iglesiatijuana.org\/web\/wp-json\/wp\/v2\/types\/post"}],"author":[{"embeddable":true,"href":"https:\/\/iglesiatijuana.org\/web\/wp-json\/wp\/v2\/users\/5"}],"replies":[{"embeddable":true,"href":"https:\/\/iglesiatijuana.org\/web\/wp-json\/wp\/v2\/comments?post=10555"}],"version-history":[{"count":1,"href":"https:\/\/iglesiatijuana.org\/web\/wp-json\/wp\/v2\/posts\/10555\/revisions"}],"predecessor-version":[{"id":10557,"href":"https:\/\/iglesiatijuana.org\/web\/wp-json\/wp\/v2\/posts\/10555\/revisions\/10557"}],"wp:featuredmedia":[{"embeddable":true,"href":"https:\/\/iglesiatijuana.org\/web\/wp-json\/wp\/v2\/media\/10556"}],"wp:attachment":[{"href":"https:\/\/iglesiatijuana.org\/web\/wp-json\/wp\/v2\/media?parent=10555"}],"wp:term":[{"taxonomy":"category","embeddable":true,"href":"https:\/\/iglesiatijuana.org\/web\/wp-json\/wp\/v2\/categories?post=10555"},{"taxonomy":"post_tag","embeddable":true,"href":"https:\/\/iglesiatijuana.org\/web\/wp-json\/wp\/v2\/tags?post=10555"}],"curies":[{"name":"wp","href":"https:\/\/api.w.org\/{rel}","templated":true}]}}