{"id":10653,"date":"2019-11-06T10:58:15","date_gmt":"2019-11-06T18:58:15","guid":{"rendered":"https:\/\/iglesiatijuana.org\/web\/?p=10653"},"modified":"2019-11-06T10:58:15","modified_gmt":"2019-11-06T18:58:15","slug":"la-arquidiocesis-de-tijuana-recibe-formacion-liturgica-en-el-vi-congreso-diocesano-de-pastoral-liturgica","status":"publish","type":"post","link":"https:\/\/iglesiatijuana.org\/web\/la-arquidiocesis-de-tijuana-recibe-formacion-liturgica-en-el-vi-congreso-diocesano-de-pastoral-liturgica\/","title":{"rendered":"La Arquidi\u00f3cesis de Tijuana recibe formaci\u00f3n Lit\u00fargica en el VI Congreso Diocesano de Pastoral Lit\u00fargica"},"content":{"rendered":"<p style=\"text-align: justify;\">Pastoral para la Comunicaci\u00f3n. &#8211; La Arquidi\u00f3cesis de Tijuana est\u00e1 realizando el VI Congreso Diocesano de Pastoral Lit\u00fargica, cuyo objetivo es conocer el fundamento teol\u00f3gico \u2013 Lit\u00fargico, las catequesis mistag\u00f3gicas y las aplicaciones pastorales de la iniciaci\u00f3n cristiana. Este congreso est\u00e1 dedicado a presb\u00edteros, di\u00e1conos permanentes y transitorios, catequistas, Ministros extraordinarios de la comuni\u00f3n y equipos parroquiales de animaci\u00f3n lit\u00fargica. En la Arquidi\u00f3cesis son varias sedes las que imparten la tem\u00e1tica, tales como los municipios de Rosarito, Tecate y por supuesto la mayor\u00eda de los fieles se congrega en Tijuana.<\/p>\n<p style=\"text-align: justify;\">En el primer d\u00eda de trabajos del VI Congreso Diocesano de Pastoral Lit\u00fargica se trat\u00f3 el tema de \u201cLos sacramentos de la Iniciaci\u00f3n cristiana o la iniciaci\u00f3n cristiana, un sacramento.\u201d por el Pbro. Dr. Manuel Fernando Sedano L\u00f3pez, de la Arquidi\u00f3cesis de Puebla, quien explic\u00f3 \u201cque en algunas ocasiones no se tiene claro el lugar que ocupa la Liturgia dentro de la Sinodalidad, y \u00e9sta se convierte en un pretexto para los proyectos y programas de la Iglesia, y esto sucede por no tener claro el termino Liturgia, al que entendemos como los requisitos, los objetos y celebraciones para clausurar o iniciar una semana de estudio, entre otros\u201d, incidiendo que la dimensi\u00f3n lit\u00fargica es mayor en su sentido.<\/p>\n<p style=\"text-align: justify;\">\u201cTenemos que entrar a una verdadera reflexi\u00f3n Lit\u00fargica, a comprender el Misterio en su profundidad, para desde ah\u00ed, ubicar en su justo lugar de lo que se habla. Como tratemos la Liturgia en este momento, as\u00ed estar\u00e1 la Iglesia el d\u00eda de ma\u00f1ana\u201d<\/p>\n<p style=\"text-align: justify;\">Apunto tambi\u00e9n que &#8211; \u201clas homil\u00edas son usadas para evangelizar, para catequizar, para comprometer y para dar avisos, en el sentido estricto no es para esto la Liturgia, la Liturgia es la celebraci\u00f3n de un Misterio que ha sido anunciado antes por la dimensi\u00f3n prof\u00e9tica concretamente en el kerigma, un Misterio que ya fue profundizado en la catequesis, la Liturgia o celebraci\u00f3n Eucar\u00edstica es un momento donde entramos a un conjunto de ritos y preces que entendemos y vivimos a partir de la iniciaci\u00f3n cristiana y dentro de la celebraci\u00f3n la Homil\u00eda es la Palabra que produce Salvaci\u00f3n e induce a los evangelizados y sacramentalizados a una misi\u00f3n concreta dentro de la Iglesia y fuera de la Iglesia\u201d.<\/p>\n<p style=\"text-align: justify;\">La respuesta a este VI Congreso diocesano de pastoral Lit\u00fargica ha rebasado las expectativas de los mismos organizadores por la convocatoria tan favorable tanto en la sede de sacerdotes como los laicos que han trabajado estos temas en las diferentes sedes, contando con m\u00e1s de 1,500 laicos en total interesados en formarse con fundamentos en su fe.<\/p>\n<p style=\"text-align: justify;\">El Congreso se realiz\u00f3 desde el d\u00eda lunes 04 de noviembre y concluir\u00e1 el mi\u00e9rcoles 06 del mismo mes.<\/p>\n<p><a href=\"https:\/\/iglesiatijuana.org\/web\/wp-content\/uploads\/2019\/11\/74384936_10157531319589089_7005109629919166464_o.jpg\" data-rel=\"lightbox-image-0\" data-rl_title=\"\" data-rl_caption=\"\" title=\"\"><img loading=\"lazy\" decoding=\"async\" class=\"alignnone size-medium wp-image-10654\" src=\"https:\/\/iglesiatijuana.org\/web\/wp-content\/uploads\/2019\/11\/74384936_10157531319589089_7005109629919166464_o-300x200.jpg\" alt=\"\" width=\"300\" height=\"200\" srcset=\"https:\/\/iglesiatijuana.org\/web\/wp-content\/uploads\/2019\/11\/74384936_10157531319589089_7005109629919166464_o-300x200.jpg 300w, https:\/\/iglesiatijuana.org\/web\/wp-content\/uploads\/2019\/11\/74384936_10157531319589089_7005109629919166464_o-768x511.jpg 768w, https:\/\/iglesiatijuana.org\/web\/wp-content\/uploads\/2019\/11\/74384936_10157531319589089_7005109629919166464_o.jpg 960w\" sizes=\"auto, (max-width: 300px) 100vw, 300px\" \/><\/a><\/p>\n","protected":false},"excerpt":{"rendered":"<p>Pastoral para la Comunicaci\u00f3n. &#8211; La Arquidi\u00f3cesis de Tijuana est\u00e1 realizando el VI Congreso Diocesano de Pastoral Lit\u00fargica, cuyo objetivo es conocer el fundamento teol\u00f3gico \u2013 Lit\u00fargico, las catequesis mistag\u00f3gicas y las aplicaciones pastorales&#46;&#46;&#46;<\/p>\n","protected":false},"author":5,"featured_media":10654,"comment_status":"closed","ping_status":"closed","sticky":false,"template":"","format":"standard","meta":{"_exactmetrics_skip_tracking":false,"_exactmetrics_sitenote_active":false,"_exactmetrics_sitenote_note":"","_exactmetrics_sitenote_category":0,"footnotes":""},"categories":[20,14],"tags":[],"class_list":["post-10653","post","type-post","status-publish","format-standard","has-post-thumbnail","hentry","category-evangelio-del-dia","category-ultimas-noticias"],"_links":{"self":[{"href":"https:\/\/iglesiatijuana.org\/web\/wp-json\/wp\/v2\/posts\/10653","targetHints":{"allow":["GET"]}}],"collection":[{"href":"https:\/\/iglesiatijuana.org\/web\/wp-json\/wp\/v2\/posts"}],"about":[{"href":"https:\/\/iglesiatijuana.org\/web\/wp-json\/wp\/v2\/types\/post"}],"author":[{"embeddable":true,"href":"https:\/\/iglesiatijuana.org\/web\/wp-json\/wp\/v2\/users\/5"}],"replies":[{"embeddable":true,"href":"https:\/\/iglesiatijuana.org\/web\/wp-json\/wp\/v2\/comments?post=10653"}],"version-history":[{"count":1,"href":"https:\/\/iglesiatijuana.org\/web\/wp-json\/wp\/v2\/posts\/10653\/revisions"}],"predecessor-version":[{"id":10655,"href":"https:\/\/iglesiatijuana.org\/web\/wp-json\/wp\/v2\/posts\/10653\/revisions\/10655"}],"wp:featuredmedia":[{"embeddable":true,"href":"https:\/\/iglesiatijuana.org\/web\/wp-json\/wp\/v2\/media\/10654"}],"wp:attachment":[{"href":"https:\/\/iglesiatijuana.org\/web\/wp-json\/wp\/v2\/media?parent=10653"}],"wp:term":[{"taxonomy":"category","embeddable":true,"href":"https:\/\/iglesiatijuana.org\/web\/wp-json\/wp\/v2\/categories?post=10653"},{"taxonomy":"post_tag","embeddable":true,"href":"https:\/\/iglesiatijuana.org\/web\/wp-json\/wp\/v2\/tags?post=10653"}],"curies":[{"name":"wp","href":"https:\/\/api.w.org\/{rel}","templated":true}]}}