{"id":10696,"date":"2019-11-11T11:57:36","date_gmt":"2019-11-11T19:57:36","guid":{"rendered":"https:\/\/iglesiatijuana.org\/web\/?p=10696"},"modified":"2019-11-11T11:57:58","modified_gmt":"2019-11-11T19:57:58","slug":"concluye-congreso-latinoamericano-sobre-la-prevencion-de-abuso-de-menores-celebrado-en-mexico-pero-el-trabajo-y-los-desafios-continuan","status":"publish","type":"post","link":"https:\/\/iglesiatijuana.org\/web\/concluye-congreso-latinoamericano-sobre-la-prevencion-de-abuso-de-menores-celebrado-en-mexico-pero-el-trabajo-y-los-desafios-continuan\/","title":{"rendered":"Concluye Congreso Latinoamericano sobre la Prevenci\u00f3n de Abuso de Menores celebrado en M\u00e9xico pero el trabajo y los desaf\u00edos continuan"},"content":{"rendered":"<p style=\"text-align: justify;\">Pastoral para la Comunicaci\u00f3n.- Se realiz\u00f3 del 6 al 8 de noviembre del 2019 el Congreso Latinoamericano sobre la Prevenci\u00f3n del Abuso de Menores teniendo como sede la Universidad Pontificia de M\u00e9xico, en el que participaron diversos ponentes como: Mons. Charles Scicluna, Secretario adjunto de la Congregaci\u00f3n para la Doctrina de la Fe; Mons. Rogelio Cabrera L\u00f3pez, presidente de la Conferencia del Episcopado Mexicano; y el Cardenal Blase Joseph Cupich, Arzobispo de Chicago, el Pbro. Dr. Hans Zollner, entre otros.<\/p>\n<p style=\"text-align: justify;\">Con el objetivo de hacer un llamado a buscar nuevos caminos no s\u00f3lo para fortalecer la cultura de la denuncia y llevar a la justicia a los responsables de abusos sexuales al interior de la Iglesia, sino para prevenir que estos cr\u00edmenes ocurran. En la secci\u00f3n inaugural el Nuncio Apost\u00f3lico en M\u00e9xico, Franco Coppola, asegur\u00f3 que \u201cLos caminos antiguos son caminos que nos han llevado a esta situaci\u00f3n. Hay que cambiarlos, no son adecuados a la situaci\u00f3n de hoy. Justamente se dec\u00eda antes pueden ser cosas \u00f3ptimas, muy buenas, pero respond\u00edan a necesidades de hace 50 o 60 a\u00f1os, del otro siglo; y no a las necesidades de la sociedad de hoy\u2026Hoy no existe nada que sea definitivo, sino que es acompa\u00f1ado paso a paso\u201d, dijo Monse\u00f1or Coppola.<\/p>\n<p style=\"text-align: justify;\">Por su parte el Cardenal Carlos Aguiar Retes, Arzobispo Primado de M\u00e9xico, subrayo que\u00a0fomentar la cultura de la prevenci\u00f3n\u00a0pasa por combatir tres graves crisis que atraviesan la sociedad y la Iglesia: la crisis familiar, educativa y espiritual. Considerando que adem\u00e1s de ver los aspectos m\u00e1s concretos de c\u00f3mo actuar en estos casos y c\u00f3mo afrontar las situaciones lamentables del abuso a menores, \u201ctengamos en cuenta estas causas de fondo que est\u00e1n en las ra\u00edces de los problemas que vivimos como sociedad y como Iglesia\u201d.<\/p>\n<p style=\"text-align: justify;\">En este contexto el P. Daniel Portillo Trevizo, Director del Centro de Protecci\u00f3n de Menores (Ceprome) de la UPM, asegur\u00f3 que la erradicaci\u00f3n de los abusos de menores por parte de sacerdotes y religiosos s\u00f3lo puede ser efectivo si se realiza como un esfuerzo com\u00fan. \u201cEn la prevenci\u00f3n de la Iglesia no se trabaja s\u00f3lo. Comienza con la participaci\u00f3n de una persona como t\u00fa, de una familia como la tuya y de una iglesia diocesana como a la que tu perteneces\u201d, asegur\u00f3.<\/p>\n<p style=\"text-align: justify;\">El Arzobispo de Chicago fue uno de los ponentes del Congreso sobre la prevenci\u00f3n del abuso el Cardenal Blase J. Cupich quien consider\u00f3 que gracias a la valent\u00eda de los\u00a0sobrevivientes de abuso sexual, la Iglesia ha comenzado un proceso esencial de aut\u00e9ntica purificaci\u00f3n en su ponencia titulada \u201cHacia una verdadera purificaci\u00f3n eclesial\u201d. Expres\u00f3 que\u00a0el camino de la purificaci\u00f3n eclesial comienza desde la\u00a0solidaridad\u00a0que se tenga con las v\u00edctimas: \u201cSe les debe de abrazar a trav\u00e9s de una conexi\u00f3n profunda con ellos y con su dolor. Esto tambi\u00e9n involucra a los obispos, pues ellos deben reconocer que estas v\u00edctimas son nuestras v\u00edctimas, y los victimarios de la Iglesia, nuestros victimarios\u201d. Un segundo elemento para remover el dolor es la\u00a0sinodalidad, pues toda la Iglesia debe de caminar con los sobrevivientes, a trav\u00e9s de un acompa\u00f1amiento y contacto permanente con ellos, el tercer elemento es la\u00a0conversi\u00f3n, uno de los pasos m\u00e1s dif\u00edciles para todos nosotros, \u201cya que esta \u2018purificaci\u00f3n\u2019 no tiene ventajas para la iglesia, ni para nadie\u201d y finalmente subrayo que el cuarto elemento es la\u00a0transparencia y aceptar las fallas pasadas, pues a decir del\u00a0Arzobispo de Chicago, estas tienen un efecto liberador y al mismo tiempo se perciben las limitaciones y necesidades del clero.<\/p>\n<p style=\"text-align: justify;\">En este rubro el Dr. Hans Zollner experto en prevenci\u00f3n y lucha contra el abuso sexual infantil asegur\u00f3 que el ser humano no es una m\u00e1quina, cuyos males se pueden acabar con un antivirus. Durante su ponencia titulada: \u201cLa atenci\u00f3n psicol\u00f3gica a la v\u00edctima y a los victimarios\u201d<strong>,<\/strong>\u00a0el sacerdote recalc\u00f3 que no hay una respuesta m\u00e1gica dentro de un cuestionario psicol\u00f3gico para detectar a un abusador. \u201cMuchas personas me han preguntado si les puedo dar instrumentos para detectar a personas abusadoras, candidatos al seminario, pero eso no se puede hacer\u2026\u201d subrayo que alargar el proceso de admisi\u00f3n para el seminario, como medida preventiva contra los abusos sexuales dentro de la Iglesia.<\/p>\n<p style=\"text-align: justify;\">Expuso que el abuso ha estado presente en toda la historia de la humanidad y por desgracia continuar\u00e1; pero es deber de la Iglesia prevenirlo. Puntualiz\u00f3 que todos los que cometen violencia sexual son abusadores, y es necesario darles atenci\u00f3n y seguimiento terap\u00e9utico. \u201cPor eso, nosotros, la Iglesia, estamos en este congreso, porque estamos comprometidos para que estos abusos ya no sucedan. Estamos conscientes de que no lo vamos a parar completamente, pero si conocemos las \u2018estrategias\u2019 de los abusadores, es posible encontrar m\u00e9todos efectivos y sustentables de prevenci\u00f3n; esta \u00faltima se puede desarrollar con los aportes de las v\u00edctimas de abuso, porque ellos saben muy bien la manera de actuar de los perpetradores\u201d. Ya que \u201cLa atenci\u00f3n psicol\u00f3gica a v\u00edctimas y victimarios son tareas para las personas profesionalmente preparadas para ello, pero a todos nos compete ayudar para que la Iglesia sea un lugar m\u00e1s seguro para todos\u201d, concluy\u00f3.<\/p>\n<p style=\"text-align: justify;\">En otro rubro que compete a dicha realidad Mons. Charles Scicluna Arzobispo de Malta y miembro de la Congregaci\u00f3n para la Doctrina de la Fe se\u00f1al\u00f3 que este tipo de da\u00f1o no es f\u00e1cil de reparar ya que \u201cLa v\u00edctima de abuso sexual tambi\u00e9n tiene derecho a solicitar una indemnizaci\u00f3n por da\u00f1os y perjuicios, este es un principio s\u00f3lido de la doctrina cat\u00f3lica\u201d. Considerando que la Iglesia ha promovido el principio de la responsabilidad personal del delincuente, que est\u00e1 obligado a pagar los da\u00f1os causados a la v\u00edctima. Por ello, enfatiz\u00f3 la necesaria, la figura de un procurador eclesial que defienda los intereses de la v\u00edctima durante el proceso judicial can\u00f3nico.<\/p>\n<p style=\"text-align: justify;\">Se\u00f1al\u00f3 que hay un desequilibrio entre las leyes eclesi\u00e1sticas y las civiles, pues mientras que en estas \u00faltimas s\u00ed se puede pedir una compensaci\u00f3n econ\u00f3mica, el sistema eclesi\u00e1stico no lo contempla.<\/p>\n<p style=\"text-align: justify;\">En s\u00edntesis, para el P. Zollner, los abusos sexuales cometidos por cl\u00e9rigos, y la falta de una acci\u00f3n adecuada y puntual para atender estos casos, son signos de que la Iglesia Cat\u00f3lica necesita una\u00a0reforma espiritual,\u00a0asegur\u00f3 el sacerdote Hans Zollner, presidente del Centro para la Protecci\u00f3n Infantil de la Pontificia Universidad Gregoriana de Roma. El discernimiento espiritual debe de convertirse en una pr\u00e1ctica habitual para tomar mejores decisiones y liberarse de muchas acciones y actitudes desordenadas. \u201cEl juicio propio es un gran desaf\u00edo, y el\u00a0Papa Francisco\u00a0lo repite a diario porque quiere que seamos adultos en nuestra fe, lo cual nos ayudar\u00e1 a tomar mejores decisiones, pero d\u00e1ndole la cara al Se\u00f1or\u201d, coment\u00f3.<\/p>\n<p style=\"text-align: justify;\">La continuidad de una reforma espiritual no s\u00f3lo es para los sacerdotes, sino tambi\u00e9n para los obispos, a trav\u00e9s de una formaci\u00f3n permanente. \u201cTodas estas situaciones son un llamado de Dios para enfrentar la realidad; \u00c9l quiere que tomemos conciencia para hacer una verdadera reforma, s\u00f3lo as\u00ed la credibilidad volver\u00e1 a la Iglesia\u201d.<\/p>\n<p style=\"text-align: justify;\">En este encuentro participan representantes de 15 pa\u00edses latinoamericanos, con el objetivo de reflexionar, desde una perspectiva interdisciplinar, sobre este flagelo, con el fin de crear las sinergias necesarias entre las distintas instancias e instituciones en la regi\u00f3n.<\/p>\n<p>&nbsp;<\/p>\n<p><a href=\"https:\/\/iglesiatijuana.org\/web\/wp-content\/uploads\/2019\/11\/7856d9d0-b673-4ae9-acca-9a3869ffc46d.jpg\" data-rel=\"lightbox-image-0\" data-rl_title=\"\" data-rl_caption=\"\" title=\"\"><img loading=\"lazy\" decoding=\"async\" class=\"alignnone size-full wp-image-10697\" src=\"https:\/\/iglesiatijuana.org\/web\/wp-content\/uploads\/2019\/11\/7856d9d0-b673-4ae9-acca-9a3869ffc46d.jpg\" alt=\"\" width=\"1200\" height=\"800\" srcset=\"https:\/\/iglesiatijuana.org\/web\/wp-content\/uploads\/2019\/11\/7856d9d0-b673-4ae9-acca-9a3869ffc46d.jpg 1200w, https:\/\/iglesiatijuana.org\/web\/wp-content\/uploads\/2019\/11\/7856d9d0-b673-4ae9-acca-9a3869ffc46d-300x200.jpg 300w, https:\/\/iglesiatijuana.org\/web\/wp-content\/uploads\/2019\/11\/7856d9d0-b673-4ae9-acca-9a3869ffc46d-768x512.jpg 768w, https:\/\/iglesiatijuana.org\/web\/wp-content\/uploads\/2019\/11\/7856d9d0-b673-4ae9-acca-9a3869ffc46d-1024x683.jpg 1024w\" sizes=\"auto, (max-width: 1200px) 100vw, 1200px\" \/><\/a><\/p>\n","protected":false},"excerpt":{"rendered":"<p>Pastoral para la Comunicaci\u00f3n.- Se realiz\u00f3 del 6 al 8 de noviembre del 2019 el Congreso Latinoamericano sobre la Prevenci\u00f3n del Abuso de Menores teniendo como sede la Universidad Pontificia de M\u00e9xico, en el&#46;&#46;&#46;<\/p>\n","protected":false},"author":101012,"featured_media":10698,"comment_status":"closed","ping_status":"closed","sticky":false,"template":"","format":"standard","meta":{"_exactmetrics_skip_tracking":false,"_exactmetrics_sitenote_active":false,"_exactmetrics_sitenote_note":"","_exactmetrics_sitenote_category":0,"footnotes":""},"categories":[20,14],"tags":[],"class_list":["post-10696","post","type-post","status-publish","format-standard","has-post-thumbnail","hentry","category-evangelio-del-dia","category-ultimas-noticias"],"_links":{"self":[{"href":"https:\/\/iglesiatijuana.org\/web\/wp-json\/wp\/v2\/posts\/10696","targetHints":{"allow":["GET"]}}],"collection":[{"href":"https:\/\/iglesiatijuana.org\/web\/wp-json\/wp\/v2\/posts"}],"about":[{"href":"https:\/\/iglesiatijuana.org\/web\/wp-json\/wp\/v2\/types\/post"}],"author":[{"embeddable":true,"href":"https:\/\/iglesiatijuana.org\/web\/wp-json\/wp\/v2\/users\/101012"}],"replies":[{"embeddable":true,"href":"https:\/\/iglesiatijuana.org\/web\/wp-json\/wp\/v2\/comments?post=10696"}],"version-history":[{"count":2,"href":"https:\/\/iglesiatijuana.org\/web\/wp-json\/wp\/v2\/posts\/10696\/revisions"}],"predecessor-version":[{"id":10700,"href":"https:\/\/iglesiatijuana.org\/web\/wp-json\/wp\/v2\/posts\/10696\/revisions\/10700"}],"wp:featuredmedia":[{"embeddable":true,"href":"https:\/\/iglesiatijuana.org\/web\/wp-json\/wp\/v2\/media\/10698"}],"wp:attachment":[{"href":"https:\/\/iglesiatijuana.org\/web\/wp-json\/wp\/v2\/media?parent=10696"}],"wp:term":[{"taxonomy":"category","embeddable":true,"href":"https:\/\/iglesiatijuana.org\/web\/wp-json\/wp\/v2\/categories?post=10696"},{"taxonomy":"post_tag","embeddable":true,"href":"https:\/\/iglesiatijuana.org\/web\/wp-json\/wp\/v2\/tags?post=10696"}],"curies":[{"name":"wp","href":"https:\/\/api.w.org\/{rel}","templated":true}]}}