{"id":10705,"date":"2019-11-12T13:03:46","date_gmt":"2019-11-12T21:03:46","guid":{"rendered":"https:\/\/iglesiatijuana.org\/web\/?p=10705"},"modified":"2019-11-12T13:03:46","modified_gmt":"2019-11-12T21:03:46","slug":"el-presidente-de-la-conferencia-episcopal-mexicana-plantea-5-puntos-sobre-el-proyecto-pastoral-global-2031-2033","status":"publish","type":"post","link":"https:\/\/iglesiatijuana.org\/web\/el-presidente-de-la-conferencia-episcopal-mexicana-plantea-5-puntos-sobre-el-proyecto-pastoral-global-2031-2033\/","title":{"rendered":"El Presidente de la Conferencia Episcopal Mexicana plantea 5 puntos sobre el Proyecto Pastoral Global 2031 \u2013 2033"},"content":{"rendered":"<p style=\"text-align: justify;\">Pastoral para la Comunicaci\u00f3n.- Los Obispos mexicanos llevan a cabo su CVIII Asamblea Plenaria la cual comenz\u00f3 el 11 de noviembre y culminar\u00e1 el viernes 15 de noviembre de 2019. Monse\u00f1or Rogelio Cabrera L\u00f3pez, Arzobispo de Monterrey y Presidente de la Conferencia Episcopal Mexicana asegur\u00f3 que \u201cse trata de un espacio privilegiado para &#8216;indicar prioridades y l\u00edneas pastorales de nivel nacional y alentar su ejecuci\u00f3n&#8217;, como leemos en nuestro Estatuto, que hemos incorporado a nuestro Proyecto Pastoral Global 2031 &#8211; 2033&#8243;.<\/p>\n<p style=\"text-align: justify;\">\n<p style=\"text-align: justify;\">El Presidente de la CEM tambi\u00e9n indic\u00f3 cinco temas sobre los que reflexionar durante su mensaje inaugural: En primer lugar \u2013 dijo \u2013 \u201cvivir el ministerio episcopal adoptando una actitud cr\u00edtica, ofreciendo tambi\u00e9n formas de resolver las dificultades econ\u00f3micas, pol\u00edticas y sociales que experimenta el pa\u00eds\u201d. Si son capaces de esto, se podr\u00e1 realizar una &#8220;pastoral de intervenci\u00f3n&#8221; gracias a la cual actuar\u00edan a trav\u00e9s de sus comisiones junto a especialistas que iluminar\u00edan la realidad del pa\u00eds.<\/p>\n<p style=\"text-align: justify;\">\n<p style=\"text-align: justify;\">El segundo punto sobre el que se centr\u00f3 fue en los tres desaf\u00edos a los que se enfrentan como Iglesia en M\u00e9xico: el Kerigm\u00e1tico-m\u00edstico, es decir, c\u00f3mo avanza la catequesis y la evangelizaci\u00f3n; el Sinodal-Comunitario, es decir, averiguar c\u00f3mo es la comuni\u00f3n entre parroquias y centros cristianos y por \u00faltimo, el \u00c9tico-Moral, en el que se debe evaluar c\u00f3mo responden a la crisis antropol\u00f3gica actual para la defensa de la dignidad humana y la reconstrucci\u00f3n del tejido social.<\/p>\n<p style=\"text-align: justify;\">\n<p style=\"text-align: justify;\">En tercer lugar, expres\u00f3 la necesidad de seguir los consejos de CELAM como instituci\u00f3n latinoamericana, \u201cporque conoce nuestra realidad y nuestra camino de conversi\u00f3n\u201d, tambi\u00e9n pidi\u00f3 vivir la sinodalidad misionera \u201cbajo la gu\u00eda del Papa\u201d y convertirse as\u00ed \u201cen pastores misioneros con olor a oveja, con una vida austera y misericordiosa\u201d.<\/p>\n<p style=\"text-align: justify;\">\n<p style=\"text-align: justify;\">El cuarto punto es el de \u201cseguir un itinerario espiritual\u201d, en el que haya una formaci\u00f3n continua, pero tambi\u00e9n una fuerte espiritualidad para llevar a cabo el Proyecto Pastoral Global.<\/p>\n<p style=\"text-align: justify;\">\n<p style=\"text-align: justify;\">Por \u00faltimo, expres\u00f3 su deseo de \u201cconcretar todo en una Asamblea Nacional de la Iglesia en M\u00e9xico&#8221;, que permita \u201cconocer a todos los miembros: religiosos, seminaristas, laicos, j\u00f3venes y todas las realidades sociales de nuestra naci\u00f3n\u201d.<\/p>\n<p>&nbsp;<\/p>\n<p><a href=\"https:\/\/iglesiatijuana.org\/web\/wp-content\/uploads\/2019\/11\/b780a531-e802-4d33-9cb9-f8024cc20e76.jpg\" data-rel=\"lightbox-image-0\" data-rl_title=\"\" data-rl_caption=\"\" title=\"\"><img loading=\"lazy\" decoding=\"async\" class=\"alignnone size-full wp-image-10707\" src=\"https:\/\/iglesiatijuana.org\/web\/wp-content\/uploads\/2019\/11\/b780a531-e802-4d33-9cb9-f8024cc20e76.jpg\" alt=\"\" width=\"853\" height=\"567\" srcset=\"https:\/\/iglesiatijuana.org\/web\/wp-content\/uploads\/2019\/11\/b780a531-e802-4d33-9cb9-f8024cc20e76.jpg 853w, https:\/\/iglesiatijuana.org\/web\/wp-content\/uploads\/2019\/11\/b780a531-e802-4d33-9cb9-f8024cc20e76-300x199.jpg 300w, https:\/\/iglesiatijuana.org\/web\/wp-content\/uploads\/2019\/11\/b780a531-e802-4d33-9cb9-f8024cc20e76-768x510.jpg 768w\" sizes=\"auto, (max-width: 853px) 100vw, 853px\" \/><\/a><\/p>\n","protected":false},"excerpt":{"rendered":"<p>Pastoral para la Comunicaci\u00f3n.- Los Obispos mexicanos llevan a cabo su CVIII Asamblea Plenaria la cual comenz\u00f3 el 11 de noviembre y culminar\u00e1 el viernes 15 de noviembre de 2019. Monse\u00f1or Rogelio Cabrera L\u00f3pez,&#46;&#46;&#46;<\/p>\n","protected":false},"author":101012,"featured_media":10706,"comment_status":"closed","ping_status":"closed","sticky":false,"template":"","format":"standard","meta":{"_exactmetrics_skip_tracking":false,"_exactmetrics_sitenote_active":false,"_exactmetrics_sitenote_note":"","_exactmetrics_sitenote_category":0,"footnotes":""},"categories":[20,14],"tags":[],"class_list":["post-10705","post","type-post","status-publish","format-standard","has-post-thumbnail","hentry","category-evangelio-del-dia","category-ultimas-noticias"],"_links":{"self":[{"href":"https:\/\/iglesiatijuana.org\/web\/wp-json\/wp\/v2\/posts\/10705","targetHints":{"allow":["GET"]}}],"collection":[{"href":"https:\/\/iglesiatijuana.org\/web\/wp-json\/wp\/v2\/posts"}],"about":[{"href":"https:\/\/iglesiatijuana.org\/web\/wp-json\/wp\/v2\/types\/post"}],"author":[{"embeddable":true,"href":"https:\/\/iglesiatijuana.org\/web\/wp-json\/wp\/v2\/users\/101012"}],"replies":[{"embeddable":true,"href":"https:\/\/iglesiatijuana.org\/web\/wp-json\/wp\/v2\/comments?post=10705"}],"version-history":[{"count":1,"href":"https:\/\/iglesiatijuana.org\/web\/wp-json\/wp\/v2\/posts\/10705\/revisions"}],"predecessor-version":[{"id":10708,"href":"https:\/\/iglesiatijuana.org\/web\/wp-json\/wp\/v2\/posts\/10705\/revisions\/10708"}],"wp:featuredmedia":[{"embeddable":true,"href":"https:\/\/iglesiatijuana.org\/web\/wp-json\/wp\/v2\/media\/10706"}],"wp:attachment":[{"href":"https:\/\/iglesiatijuana.org\/web\/wp-json\/wp\/v2\/media?parent=10705"}],"wp:term":[{"taxonomy":"category","embeddable":true,"href":"https:\/\/iglesiatijuana.org\/web\/wp-json\/wp\/v2\/categories?post=10705"},{"taxonomy":"post_tag","embeddable":true,"href":"https:\/\/iglesiatijuana.org\/web\/wp-json\/wp\/v2\/tags?post=10705"}],"curies":[{"name":"wp","href":"https:\/\/api.w.org\/{rel}","templated":true}]}}