{"id":10718,"date":"2019-11-14T11:42:19","date_gmt":"2019-11-14T19:42:19","guid":{"rendered":"https:\/\/iglesiatijuana.org\/web\/?p=10718"},"modified":"2019-11-14T11:42:19","modified_gmt":"2019-11-14T19:42:19","slug":"dimension-de-musica-liturgica-en-tijuana-convoca-a-retiro-para-coros-2019","status":"publish","type":"post","link":"https:\/\/iglesiatijuana.org\/web\/dimension-de-musica-liturgica-en-tijuana-convoca-a-retiro-para-coros-2019\/","title":{"rendered":"Dimensi\u00f3n de M\u00fasica Lit\u00fargica en Tijuana convoca a Retiro para coros 2019"},"content":{"rendered":"<p style=\"text-align: justify;\">Pastoral para la Comunicaci\u00f3n. &#8211; \u201cEl canto sagrado, unido a las palabras, constituye una parte necesaria e integral de la Liturgia solemne\u201d. (SC 113)<\/p>\n<p style=\"text-align: justify;\">A tenor de esta exhortaci\u00f3n el Pbro. Fernado Kazunari Zorrilla Kuroda, quien es actualmente el encargado de la Dimensi\u00f3n de M\u00fasica Lit\u00fargica en Tijuana, programo para los coros de la Arquidi\u00f3cesis de Tijuana el \u2018Retiro para coros 2019\u2019.<\/p>\n<p style=\"text-align: justify;\">\u201cEl retiro para coros es una de las herramientas con las que cuenta la Dimensi\u00f3n de M\u00fasica Lit\u00fargica. Por algunos a\u00f1os esta dimensi\u00f3n qued\u00f3 sin asesor cuando asumo el cargo, el Mto. Cesar Sol\u00f3rzano, Director del Coro Arquidiocesana, me indica que tiene estos retiros para coros como una herramienta de unidad, de cercan\u00eda de los coros con nuestro Arzobispo Francisco Moreno Barr\u00f3n. Dichos retiros consisten b\u00e1sicamente en dos temas impartidos por el Maestro C\u00e9sar, la Santa Misa presidida por el Arzobispo y la adoraci\u00f3n Eucar\u00edstica\u201d. Comparti\u00f3 el Pbro. Kasunari.<\/p>\n<p style=\"text-align: justify;\">Este retiro estar\u00e1 dedicado especialmente para coros parroquiales, instrumentalistas y solistas. Esta primera fase motiva por ahora a la Dimensi\u00f3n de m\u00fasica Lit\u00fargica, conocer a los coros parroquiales, posteriormente, tienen pensado proyectar otros elementos como retomar el canto vocacional, clases para coros e incluso una escuela de formaci\u00f3n para m\u00fasicos, donde entraran todos los Ministerios de M\u00fasica que haya en nuestra Iglesia particular de Tijuana, pues por ahora como dependencia, solo se cuenta con el Coro Arquidiocesano.<\/p>\n<p style=\"text-align: justify;\">La formaci\u00f3n principal ser\u00e1 Lit\u00fargica, para ense\u00f1ar a los coros la precisi\u00f3n musical en el Adviento que ya est\u00e1 pr\u00f3ximo y ser\u00e1 tema central del retiro. No es propiamente un taller, sino un retiro de m\u00fasica Lit\u00fargica. El Sr. Arzobispo, Francisco Moreno Barr\u00f3n estar\u00e1 presente con una charla y la Santa Misa.<\/p>\n<p style=\"text-align: justify;\">\u201cLa intenci\u00f3n &#8211; dice el Pbro. Kasunari -, es hacer una base de datos adem\u00e1s del coro Arquidiocesano para iniciar propiamente la Dimensi\u00f3n de M\u00fasica con los j\u00f3venes que est\u00e9n animados para formar el equipo de la Dimensi\u00f3n y con ellos trabajar la Escuela de M\u00fasica, el canto vocacional, formaci\u00f3n de Ministerios de musicales etc., esto a petici\u00f3n del Arzobispo. Hago extensiva esta invitaci\u00f3n \u2013 continu\u00f3 &#8211;\u00a0 a P\u00e1rrocos, Vicarios, a las personas que se dedican al Ministerio de M\u00fasica Lit\u00fargica a que se animen a participar de este retiro para coros el pr\u00f3ximo 30 de noviembre\u201d.<\/p>\n<p style=\"text-align: justify;\">El retiro est\u00e1 programado para el s\u00e1bado 30 de noviembre de 10 de la ma\u00f1ana a 4 de la tarde en la Parroquia Guadalupe, zona r\u00edo (Nueva Catedral). Favor de llevar l\u00e1piz, cuaderno y refrigerio. La cuota de recuperaci\u00f3n es de $60 pesos por persona.<\/p>\n<p><a href=\"https:\/\/iglesiatijuana.org\/web\/wp-content\/uploads\/2019\/11\/a94884ab-4eb2-48bf-a664-aec6f2d787c9.jpg\" data-rel=\"lightbox-image-0\" data-rl_title=\"\" data-rl_caption=\"\" title=\"\"><img loading=\"lazy\" decoding=\"async\" class=\"alignnone size-medium wp-image-10719\" src=\"https:\/\/iglesiatijuana.org\/web\/wp-content\/uploads\/2019\/11\/a94884ab-4eb2-48bf-a664-aec6f2d787c9-300x142.jpg\" alt=\"\" width=\"300\" height=\"142\" srcset=\"https:\/\/iglesiatijuana.org\/web\/wp-content\/uploads\/2019\/11\/a94884ab-4eb2-48bf-a664-aec6f2d787c9-300x142.jpg 300w, https:\/\/iglesiatijuana.org\/web\/wp-content\/uploads\/2019\/11\/a94884ab-4eb2-48bf-a664-aec6f2d787c9-520x245.jpg 520w, https:\/\/iglesiatijuana.org\/web\/wp-content\/uploads\/2019\/11\/a94884ab-4eb2-48bf-a664-aec6f2d787c9.jpg 720w\" sizes=\"auto, (max-width: 300px) 100vw, 300px\" \/><\/a><\/p>\n","protected":false},"excerpt":{"rendered":"<p>Pastoral para la Comunicaci\u00f3n. &#8211; \u201cEl canto sagrado, unido a las palabras, constituye una parte necesaria e integral de la Liturgia solemne\u201d. (SC 113) A tenor de esta exhortaci\u00f3n el Pbro. Fernado Kazunari Zorrilla&#46;&#46;&#46;<\/p>\n","protected":false},"author":5,"featured_media":10719,"comment_status":"closed","ping_status":"closed","sticky":false,"template":"","format":"standard","meta":{"_exactmetrics_skip_tracking":false,"_exactmetrics_sitenote_active":false,"_exactmetrics_sitenote_note":"","_exactmetrics_sitenote_category":0,"footnotes":""},"categories":[20,14],"tags":[],"class_list":["post-10718","post","type-post","status-publish","format-standard","has-post-thumbnail","hentry","category-evangelio-del-dia","category-ultimas-noticias"],"_links":{"self":[{"href":"https:\/\/iglesiatijuana.org\/web\/wp-json\/wp\/v2\/posts\/10718","targetHints":{"allow":["GET"]}}],"collection":[{"href":"https:\/\/iglesiatijuana.org\/web\/wp-json\/wp\/v2\/posts"}],"about":[{"href":"https:\/\/iglesiatijuana.org\/web\/wp-json\/wp\/v2\/types\/post"}],"author":[{"embeddable":true,"href":"https:\/\/iglesiatijuana.org\/web\/wp-json\/wp\/v2\/users\/5"}],"replies":[{"embeddable":true,"href":"https:\/\/iglesiatijuana.org\/web\/wp-json\/wp\/v2\/comments?post=10718"}],"version-history":[{"count":1,"href":"https:\/\/iglesiatijuana.org\/web\/wp-json\/wp\/v2\/posts\/10718\/revisions"}],"predecessor-version":[{"id":10720,"href":"https:\/\/iglesiatijuana.org\/web\/wp-json\/wp\/v2\/posts\/10718\/revisions\/10720"}],"wp:featuredmedia":[{"embeddable":true,"href":"https:\/\/iglesiatijuana.org\/web\/wp-json\/wp\/v2\/media\/10719"}],"wp:attachment":[{"href":"https:\/\/iglesiatijuana.org\/web\/wp-json\/wp\/v2\/media?parent=10718"}],"wp:term":[{"taxonomy":"category","embeddable":true,"href":"https:\/\/iglesiatijuana.org\/web\/wp-json\/wp\/v2\/categories?post=10718"},{"taxonomy":"post_tag","embeddable":true,"href":"https:\/\/iglesiatijuana.org\/web\/wp-json\/wp\/v2\/tags?post=10718"}],"curies":[{"name":"wp","href":"https:\/\/api.w.org\/{rel}","templated":true}]}}