{"id":1074,"date":"2011-02-05T04:00:00","date_gmt":"2011-02-05T12:00:00","guid":{"rendered":"http:\/\/iglesiatijuana.org\/web\/ovejas-2\/"},"modified":"2011-02-05T04:00:00","modified_gmt":"2011-02-05T12:00:00","slug":"ovejas-2","status":"publish","type":"post","link":"https:\/\/iglesiatijuana.org\/web\/ovejas-2\/","title":{"rendered":"(Jes\u00fas) sinti\u00f3 compasi\u00f3n de ellos, pues estaban como ovejas que no tienen pastor"},"content":{"rendered":"<p><span style=\"line-height: 115%; font-family: Arial; font-size: 12pt\"><font color=\"#000000\">S&aacute;bado<\/font><\/span><\/p>\n<p><span style=\"line-height: 115%; font-family: Arial; font-size: 12pt\"><font color=\"#000000\">Lectura <\/font><\/span><\/p>\n<p><strong><span style=\"line-height: 115%; font-family: Arial; font-size: 12pt\"><font color=\"#000000\">Marcos 6,30-34 <\/font><\/span><\/strong><\/p>\n<p><strong><\/strong><font color=\"#000000\"><span style=\"line-height: 115%; font-family: Arial; font-size: 12pt\">Los ap&oacute;stoles se reunieron con Jes&uacute;s y le contaron todo lo que hab&iacute;an hecho y lo que hab&iacute;an ense&ntilde;ado. &Eacute;l, entonces, les dice: &laquo;Venid tambi&eacute;n vosotros aparte, a un lugar solitario, para descansar un poco.&raquo; Pues los que iban y ven&iacute;an eran muchos, y no les quedaba tiempo ni para comer. Y se fueron en la barca, aparte, a un lugar solitario. Pero les vieron marcharse y muchos cayeron en cuenta; y fueron all&aacute; corriendo, a pie, de todas las ciudades y llegaron antes que ellos. Y al desembarcar, vio mucha gente, sinti&oacute; compasi&oacute;n de ellos, pues estaban como ovejas que no tienen pastor, y se puso a ense&ntilde;arles muchas cosas.<\/span><span style=\"line-height: 115%; font-family: Arial; color: black; font-size: 12pt\"> <\/span><\/font><\/p>\n<p><font color=\"#000000\"><\/font><\/p>\n<p><font color=\"#000000\"><\/font><strong><span style=\"line-height: 115%; font-family: Arial; color: black; font-size: 12pt\">MEDITATIO<\/span><\/strong><\/p>\n<p><strong><\/strong><span style=\"line-height: 115%; font-family: Arial; letter-spacing: -0.2pt; color: black; font-size: 12pt\">Lo esencial en la vida no es lo que parece m&aacute;s im&shy;portante a los ojos de los hombres.<span>&nbsp; <\/span><\/span><span style=\"line-height: 115%; font-family: Arial; letter-spacing: -0.55pt; color: black; font-size: 12pt\">Cuando los disc&iacute;pulos vuelven con Jes&uacute;s a contarle el <\/span><span style=\"line-height: 115%; font-family: Arial; letter-spacing: -0.1pt; color: black; font-size: 12pt\">&eacute;xito de su misi&oacute;n <em>(&laquo;expulsaban a los demonios y cura&shy;<\/em><\/span><em><span style=\"line-height: 115%; font-family: Arial; letter-spacing: -0.05pt; color: black; font-size: 12pt\">ban a los enfermos&raquo;<\/span><\/em><span style=\"line-height: 115%; font-family: Arial; letter-spacing: -0.05pt; color: black; font-size: 12pt\">), el Maestro no hace caso <\/span><span style=\"line-height: 115%; font-family: Arial; letter-spacing: -0.45pt; color: black; font-size: 12pt\">a lo que cuentan, sino que los llama para algo m&aacute;s esen&shy;<\/span><span style=\"line-height: 115%; font-family: Arial; letter-spacing: -0.35pt; color: black; font-size: 12pt\">cial a&uacute;n que el &eacute;xito: <em>&laquo;Vengan ustedes solos a un lugar so&shy;<\/em><\/span><em><span style=\"line-height: 115%; font-family: Arial; letter-spacing: 0.05pt; color: black; font-size: 12pt\">litario, para descansar un poco&raquo;<\/span><\/em><span style=\"line-height: 115%; font-family: Arial; letter-spacing: 0.05pt; color: black; font-size: 12pt\">. En el mundo <\/span><span style=\"line-height: 115%; font-family: Arial; letter-spacing: -0.15pt; color: black; font-size: 12pt\">convulso en el que nos hemos acostumbrado a vivir, <\/span><span style=\"line-height: 115%; font-family: Arial; letter-spacing: -0.2pt; color: black; font-size: 12pt\">hemos perdido la dimensi&oacute;n del reposo; nos creemos <\/span><span style=\"line-height: 115%; font-family: Arial; letter-spacing: -0.5pt; color: black; font-size: 12pt\">generosos y buenos porque nos damos sin reserva, <\/span><span style=\"line-height: 115%; font-family: Arial; letter-spacing: -0.4pt; color: black; font-size: 12pt\">sin conservar ya espacio alguno para nosotros, sin casi <\/span><span style=\"line-height: 115%; font-family: Arial; color: black; font-size: 12pt\">tener tiempo para &laquo;comer&raquo;. <span style=\"letter-spacing: -0.1pt\">Jes&uacute;s nos recuerda que no es posible vivir sin ali&shy;<\/span><span style=\"letter-spacing: -0.45pt\">mento. Nos recuerda la simple realidad de nuestra con&shy;<\/span><span style=\"letter-spacing: -0.2pt\">dici&oacute;n humana, donde mostrarse demasiado activo tal <\/span><span style=\"letter-spacing: -0.35pt\">vez signifique presunci&oacute;n y orgullo. Pero nos recuerda, <\/span><span style=\"letter-spacing: -0.2pt\">sobre todo, el alimento del que no podemos prescindir, <\/span><span style=\"letter-spacing: -0.3pt\">so pena de la nulidad de todo lo dem&aacute;s: sin retirarnos <\/span><span style=\"letter-spacing: -0.25pt\">aparte para la oraci&oacute;n, sin acercarnos a la mesa de la <span style=\"letter-spacing: -0.4pt\">Palabra<\/span><span style=\"letter-spacing: -0.4pt\"> y de la eucarist&iacute;a, se seca nuestro coraz&oacute;n y se <\/span><\/span><span style=\"letter-spacing: -0.3pt\">marchita nuestra fe.<\/span><\/span><\/p>\n<p><span style=\"line-height: 115%; font-family: Arial; color: black; font-size: 12pt\"><\/span><\/p>\n<p><span style=\"line-height: 115%; font-family: Arial; color: black; font-size: 12pt\"><\/span><strong><span style=\"line-height: 115%; font-family: Arial; color: black; font-size: 12pt\">ORATIO<\/span><\/strong><\/p>\n<p><strong><\/strong><span style=\"line-height: 115%; font-family: Arial; letter-spacing: -0.15pt; color: black; font-size: 12pt\">La oraci&oacute;n, Se&ntilde;or, no resulta tan f&aacute;cil. Es preciso <\/span><span style=\"line-height: 115%; font-family: Arial; letter-spacing: -0.25pt; color: black; font-size: 12pt\">hacer silencio dentro de nosotros, retirarnos aparte, si <\/span><span style=\"line-height: 115%; font-family: Arial; letter-spacing: -0.3pt; color: black; font-size: 12pt\">no f&iacute;sicamente, s&iacute; al menos con el pensamiento y en lo que ata&ntilde;e a las preocupaciones.<\/span><span style=\"line-height: 115%; font-family: Arial; letter-spacing: -0.45pt; color: black; font-size: 12pt\">Ay&uacute;dame, Se&ntilde;or, porque no s&eacute; buscar la soledad don&shy;de pueda estar solo contigo. No s&eacute; ni siquiera buscar el <\/span><span style=\"line-height: 115%; font-family: Arial; letter-spacing: -0.25pt; color: black; font-size: 12pt\">reposo, y el &laquo;tiempo libre&raquo; me dispersa en mil distrac&shy;<\/span><span style=\"line-height: 115%; font-family: Arial; letter-spacing: -0.4pt; color: black; font-size: 12pt\">ciones. Lib&eacute;rame t&uacute;, Se&ntilde;or, del apremio que supone te&shy;ner siempre algo que hacer, del frenes&iacute; de estar siempre <\/span><span style=\"line-height: 115%; font-family: Arial; letter-spacing: -0.5pt; color: black; font-size: 12pt\">en medio de la gente, de la b&uacute;squeda extenuante de ru&shy;<\/span><span style=\"line-height: 115%; font-family: Arial; letter-spacing: -0.3pt; color: black; font-size: 12pt\">mores y confusi&oacute;n. Ya no sabemos escuchar el silencio, <\/span><span style=\"line-height: 115%; font-family: Arial; letter-spacing: -0.5pt; color: black; font-size: 12pt\">y hasta en los templos, durante las celebraciones, llena&shy;<\/span><span style=\"line-height: 115%; font-family: Arial; letter-spacing: -0.3pt; color: black; font-size: 12pt\">mos todos los huecos de m&uacute;sicas y cantos.<\/span><span style=\"line-height: 115%; font-family: Arial; letter-spacing: -0.25pt; color: black; font-size: 12pt\">Conc&eacute;deme la capacidad de descubrir tu voz en las <\/span><span style=\"line-height: 115%; font-family: Arial; letter-spacing: -0.35pt; color: black; font-size: 12pt\">cosas peque&ntilde;as: en el reposo, en el sue&ntilde;o, cuando todo <\/span><span style=\"line-height: 115%; font-family: Arial; letter-spacing: -0.4pt; color: black; font-size: 12pt\">lo dem&aacute;s est&aacute; en silencio y s&oacute;lo t&uacute; puedes entrar en lo <\/span><span style=\"line-height: 115%; font-family: Arial; letter-spacing: -0.2pt; color: black; font-size: 12pt\">&iacute;ntimo de los corazones.<\/span><\/p>\n<p>&nbsp;<\/p>\n<p><strong><span style=\"line-height: 115%; font-family: Arial; font-size: 12pt\"><font color=\"#000000\">Mons. Salvador Cisneros G.<\/font><\/span><\/strong><\/p>\n<p><strong><\/strong><strong><span style=\"line-height: 115%; font-family: Arial; font-size: 12pt\"><font color=\"#000000\">Parroquia Santa Teresa de &Aacute;vila<\/font><\/span><\/strong><\/p>\n","protected":false},"excerpt":{"rendered":"<p>S&aacute;bado Lectura Marcos 6,30-34 Los ap&oacute;stoles se reunieron con Jes&uacute;s y le contaron todo lo que hab&iacute;an hecho y lo que hab&iacute;an ense&ntilde;ado. &Eacute;l, entonces, les dice: &laquo;Venid tambi&eacute;n vosotros aparte, a un lugar&#46;&#46;&#46;<\/p>\n","protected":false},"author":5,"featured_media":0,"comment_status":"closed","ping_status":"open","sticky":false,"template":"","format":"standard","meta":{"_exactmetrics_skip_tracking":false,"_exactmetrics_sitenote_active":false,"_exactmetrics_sitenote_note":"","_exactmetrics_sitenote_category":0,"footnotes":""},"categories":[20],"tags":[],"class_list":["post-1074","post","type-post","status-publish","format-standard","hentry","category-evangelio-del-dia"],"_links":{"self":[{"href":"https:\/\/iglesiatijuana.org\/web\/wp-json\/wp\/v2\/posts\/1074","targetHints":{"allow":["GET"]}}],"collection":[{"href":"https:\/\/iglesiatijuana.org\/web\/wp-json\/wp\/v2\/posts"}],"about":[{"href":"https:\/\/iglesiatijuana.org\/web\/wp-json\/wp\/v2\/types\/post"}],"author":[{"embeddable":true,"href":"https:\/\/iglesiatijuana.org\/web\/wp-json\/wp\/v2\/users\/5"}],"replies":[{"embeddable":true,"href":"https:\/\/iglesiatijuana.org\/web\/wp-json\/wp\/v2\/comments?post=1074"}],"version-history":[{"count":0,"href":"https:\/\/iglesiatijuana.org\/web\/wp-json\/wp\/v2\/posts\/1074\/revisions"}],"wp:attachment":[{"href":"https:\/\/iglesiatijuana.org\/web\/wp-json\/wp\/v2\/media?parent=1074"}],"wp:term":[{"taxonomy":"category","embeddable":true,"href":"https:\/\/iglesiatijuana.org\/web\/wp-json\/wp\/v2\/categories?post=1074"},{"taxonomy":"post_tag","embeddable":true,"href":"https:\/\/iglesiatijuana.org\/web\/wp-json\/wp\/v2\/tags?post=1074"}],"curies":[{"name":"wp","href":"https:\/\/api.w.org\/{rel}","templated":true}]}}