{"id":10826,"date":"2019-12-02T15:33:32","date_gmt":"2019-12-02T23:33:32","guid":{"rendered":"https:\/\/iglesiatijuana.org\/web\/?p=10826"},"modified":"2019-12-02T15:38:12","modified_gmt":"2019-12-02T23:38:12","slug":"conoces-los-elementos-que-componen-el-nacimiento-papa-francisco-nos-los-explica","status":"publish","type":"post","link":"https:\/\/iglesiatijuana.org\/web\/conoces-los-elementos-que-componen-el-nacimiento-papa-francisco-nos-los-explica\/","title":{"rendered":"\u00bfConoces los elementos que componen el \u201cNacimiento\u201d? Papa Francisco nos los explica"},"content":{"rendered":"<p style=\"text-align: justify;\">Pastoral para la Comunicaci\u00f3n.- \u00a0El Obispo de Roma ha publicado la Carta <em>\u201cAdmirabile signum\u201d<\/em> a trav\u00e9s de la cual nos comparte el sentido de los signos, elementos y personajes que lo integran.<\/p>\n<p style=\"text-align: justify;\"><em>1.- El cielo estrellado, en la oscuridad y el silencio de la noche:<\/em> es la noche que a veces rodea nuestra vida. \u201cPues bien, incluso en esos momentos \u2013 escribe el Papa \u2013 Dios no nos deja solos, sino que se hace presente\u201d y \u201clleva la luz all\u00ed donde hay tinieblas e ilumina a los que pasan por las tinieblas del sufrimiento\u201d.<\/p>\n<p style=\"text-align: justify;\"><em>2.-Mar\u00eda y Jos\u00e9:<\/em> el abandono en Dios ya que en la cueva est\u00e1n Mar\u00eda y Jos\u00e9. Mar\u00eda es \u201cel testimonio de c\u00f3mo abandonarse en la fe a la voluntad de Dios&#8221;, as\u00ed como Jos\u00e9, &#8220;el custodio que no se cansa de proteger a su familia\u201d.<\/p>\n<p style=\"text-align: justify;\"><em>3.-El Ni\u00f1o Jes\u00fas:<\/em> el amor que cambia la historia<\/p>\n<p style=\"text-align: justify;\"><em>4.- Los paisajes:<\/em> hay paisajes hechos de ruinas de casas y palacios antiguos, \u201csigno visible de la humanidad ca\u00edda\u201d que Jes\u00fas vino \u201ca sanar y reconstruir\u201d. Hay monta\u00f1as, arroyos, ovejas, para representar a toda la creaci\u00f3n que participa en la fiesta de la venida del Mes\u00edas<\/p>\n<p style=\"text-align: justify;\"><em>5.- Los \u00e1ngeles y la <\/em>estrella-<em>cometa:<\/em> son el signo de que \u201cnosotros tambi\u00e9n estamos llamados a ponernos en camino para llegar a la cueva y adorar al Se\u00f1or\u201d.<\/p>\n<p style=\"text-align: justify;\"><em>6.-Los pastores:<\/em> nos dicen que son \u201clos m\u00e1s humildes y los m\u00e1s pobres que saben acoger el acontecimiento de la Encarnaci\u00f3n\u201d, como lo son las estatuas de los mendigos.<\/p>\n<p style=\"text-align: justify;\"><em>7.-Los pobres:<\/em> son los privilegiados de este misterio y, a menudo, los m\u00e1s capaces de reconocer la presencia de Dios en medio de nosotros\u201d.<\/p>\n<p style=\"text-align: justify;\"><em>8.-El palacio de Herodes:<\/em> \u201cest\u00e1 al fondo, cerrado, sordo al anuncio de la alegr\u00eda&#8221;. Nacido en el pesebre \u2013 afirma Francisco \u2013 Dios mismo inicia la \u00fanica verdadera revoluci\u00f3n que da esperanza y dignidad a los despose\u00eddos, a los marginados: la revoluci\u00f3n del amor, la revoluci\u00f3n de la ternura\u201d.<\/p>\n<p style=\"text-align: justify;\"><em>9.-Otros personajes<\/em>: En el pesebre se colocan a menudo figuras que parecen no tener relaci\u00f3n con las narraciones evang\u00e9licas, para decirnos \u2013 observa el Papa \u2013 que &#8220;en este nuevo mundo inaugurado por Jes\u00fas hay lugar para todo lo humano y para toda criatura&#8221;. Del pastor al herrero, del panadero al m\u00fasico, de las mujeres que llevan jarras de agua a los ni\u00f1os que juegan&#8221;, para representar &#8220;la santidad cotidiana, la alegr\u00eda de hacer las cosas cotidianas de una manera extraordinaria, cuando Jes\u00fas comparte con nosotros su vida divina&#8221;.<\/p>\n<p style=\"text-align: justify;\"><em>10.-Los Reyes Magos:<\/em> Cuando se acerca la fiesta de la Epifan\u00eda, se colocan en el pesebre las tres estatuas de los Reyes Magos, que \u201cense\u00f1an que se puede partir desde lejos para llegar a Cristo\u201d.<\/p>\n<p style=\"text-align: justify;\">El Obispo de Roma concluye el Papa Francisco \u2013 El pesebre forma parte del dulce y exigente proceso de transmisi\u00f3n de la fe&#8221;: no importa c\u00f3mo se construye, \u201clo que importa es que hable a nuestras vidas\u201d, dici\u00e9ndonos el amor de Dios por nosotros, \u201cel Dios que se hizo ni\u00f1o para decirnos lo cerca que est\u00e1 de todo ser humano, en cualquier condici\u00f3n en que se encuentre&#8221;, y para decirnos que &#8220;aqu\u00ed es donde est\u00e1 la felicidad&#8221;.<\/p>\n<p>&nbsp;<\/p>\n<p><a href=\"https:\/\/iglesiatijuana.org\/web\/wp-content\/uploads\/2019\/12\/nacimiento2.jpg\" data-rel=\"lightbox-image-0\" data-rl_title=\"\" data-rl_caption=\"\" title=\"\"><img loading=\"lazy\" decoding=\"async\" class=\"alignnone size-full wp-image-10827\" src=\"https:\/\/iglesiatijuana.org\/web\/wp-content\/uploads\/2019\/12\/nacimiento2.jpg\" alt=\"\" width=\"720\" height=\"340\" srcset=\"https:\/\/iglesiatijuana.org\/web\/wp-content\/uploads\/2019\/12\/nacimiento2.jpg 720w, https:\/\/iglesiatijuana.org\/web\/wp-content\/uploads\/2019\/12\/nacimiento2-300x142.jpg 300w, https:\/\/iglesiatijuana.org\/web\/wp-content\/uploads\/2019\/12\/nacimiento2-520x245.jpg 520w\" sizes=\"auto, (max-width: 720px) 100vw, 720px\" \/><\/a><\/p>\n<p style=\"text-align: justify;\">\n","protected":false},"excerpt":{"rendered":"<p>Pastoral para la Comunicaci\u00f3n.- \u00a0El Obispo de Roma ha publicado la Carta \u201cAdmirabile signum\u201d a trav\u00e9s de la cual nos comparte el sentido de los signos, elementos y personajes que lo integran. 1.- El&#46;&#46;&#46;<\/p>\n","protected":false},"author":101012,"featured_media":10827,"comment_status":"closed","ping_status":"closed","sticky":false,"template":"","format":"standard","meta":{"_exactmetrics_skip_tracking":false,"_exactmetrics_sitenote_active":false,"_exactmetrics_sitenote_note":"","_exactmetrics_sitenote_category":0,"footnotes":""},"categories":[20,14],"tags":[],"class_list":["post-10826","post","type-post","status-publish","format-standard","has-post-thumbnail","hentry","category-evangelio-del-dia","category-ultimas-noticias"],"_links":{"self":[{"href":"https:\/\/iglesiatijuana.org\/web\/wp-json\/wp\/v2\/posts\/10826","targetHints":{"allow":["GET"]}}],"collection":[{"href":"https:\/\/iglesiatijuana.org\/web\/wp-json\/wp\/v2\/posts"}],"about":[{"href":"https:\/\/iglesiatijuana.org\/web\/wp-json\/wp\/v2\/types\/post"}],"author":[{"embeddable":true,"href":"https:\/\/iglesiatijuana.org\/web\/wp-json\/wp\/v2\/users\/101012"}],"replies":[{"embeddable":true,"href":"https:\/\/iglesiatijuana.org\/web\/wp-json\/wp\/v2\/comments?post=10826"}],"version-history":[{"count":3,"href":"https:\/\/iglesiatijuana.org\/web\/wp-json\/wp\/v2\/posts\/10826\/revisions"}],"predecessor-version":[{"id":10830,"href":"https:\/\/iglesiatijuana.org\/web\/wp-json\/wp\/v2\/posts\/10826\/revisions\/10830"}],"wp:featuredmedia":[{"embeddable":true,"href":"https:\/\/iglesiatijuana.org\/web\/wp-json\/wp\/v2\/media\/10827"}],"wp:attachment":[{"href":"https:\/\/iglesiatijuana.org\/web\/wp-json\/wp\/v2\/media?parent=10826"}],"wp:term":[{"taxonomy":"category","embeddable":true,"href":"https:\/\/iglesiatijuana.org\/web\/wp-json\/wp\/v2\/categories?post=10826"},{"taxonomy":"post_tag","embeddable":true,"href":"https:\/\/iglesiatijuana.org\/web\/wp-json\/wp\/v2\/tags?post=10826"}],"curies":[{"name":"wp","href":"https:\/\/api.w.org\/{rel}","templated":true}]}}