{"id":10853,"date":"2019-12-06T11:45:46","date_gmt":"2019-12-06T19:45:46","guid":{"rendered":"https:\/\/iglesiatijuana.org\/web\/?p=10853"},"modified":"2019-12-06T12:20:35","modified_gmt":"2019-12-06T20:20:35","slug":"adviento-nos-preparamos-para-la-navidad-y-la-segunda-venida-de-cristo-al-mundo","status":"publish","type":"post","link":"https:\/\/iglesiatijuana.org\/web\/adviento-nos-preparamos-para-la-navidad-y-la-segunda-venida-de-cristo-al-mundo\/","title":{"rendered":"En Adviento nos preparamos para la navidad y la segunda venida de Cristo al mundo"},"content":{"rendered":"<p style=\"text-align: justify;\">Pastoral para la Comunicaci\u00f3n. &#8211; En la Iglesia vivimos el tiempo lit\u00fargico de Adviento. A este prop\u00f3sito nuestro Arzobispo Francisco Moreno Barr\u00f3n nos exhorta para que el Adviento reafirme en cada uno de nosotros esa iniciativa de Dios que viene al encuentro del hombre para manifestar su amor sin l\u00edmites alentando la esperanza y la fe.<\/p>\n<p style=\"text-align: justify;\">En el primer domingo de Adviento, el Sr. Arz. Francisco Moreno Barr\u00f3n resalto frente a la comunidad de fieles Cat\u00f3licos Reunidos en la Catedral Metropolitana: \u201cMuy queridos hermanos todos en Cristo Jes\u00fas, hoy en el inicio de un nuevo a\u00f1o Lit\u00fargico en la Iglesia, hoy en el Primer domingo del Adviento, estamos invitados por la Palabra de Dios a prepararnos para celebrar como cada a\u00f1o el nacimiento del Ni\u00f1o Dios en esta pr\u00f3xima navidad, nos invita a prepararnos para la segunda venida de Cristo para el fin del mundo, cuando Cristo venga a consumar la creaci\u00f3n y entregar a su Padre Dios lo que le ha confiado. Les invito a prepararnos incluso para nuestra propia muerte, el d\u00eda que el Se\u00f1or nos llame a su presencia, son pues, tres preparaciones, &#8211; para la navidad, &#8211; para el fin del mundo, &#8211; para el d\u00eda de nuestra propia muerte\u201d.<\/p>\n<p style=\"text-align: justify;\">El t\u00e9rmino &#8220;Adviento&#8221; viene del lat\u00edn adventus, que significa venida, llegada. El color usado en la liturgia de la Iglesia durante este tiempo es el morado. El Adviento se trata tambi\u00e9n de prepararnos para la Parus\u00eda o segunda venida de Jesucristo en la &#8220;majestad de su gloria&#8221;.<\/p>\n<p style=\"text-align: justify;\">Respecto a lo anterior el Sr. Arzobispo continu\u00f3 diciendo: \u201cEl Padre Dios quiso que Su Hijo se hiciera humano, de nuestra carne y de nuestro hueso, Dios y Hombre verdadero al mismo tiempo, nosotros cada a\u00f1o celebramos ese nacimiento con mucha fe, con mucha devoci\u00f3n porque queremos que el Ni\u00f1o Dios renazca en nuestro coraz\u00f3n, por ello es necesario prepararnos en este tiempo de gracia llamado, Adviento. Pero tambi\u00e9n hemos de prepararnos para la Parus\u00eda que es la segunda venida de Cristo que ya no nacer\u00e1 entre pajas, sino que vendr\u00e1 como Due\u00f1o y Se\u00f1or de todo lo creado para dar a cada quien, seg\u00fan sus acciones, entonces ser\u00e1 el final de todo. El mundo no es nuestra tienda definitiva, sino que vamos a cielos nuevos, a tierra nueva. Vivamos pues de acuerdo al plan de Dios, haciendo a un lado las obras de las tinieblas, entonces llegar\u00e1 la navidad y el ni\u00f1o Jes\u00fas renacer\u00e1 en nuestro coraz\u00f3n\u201d finaliz\u00f3 el Arzobispo.<\/p>\n<p style=\"text-align: justify;\">En resumen, el Adviento comprende las cuatro semanas antes de la Navidad. El Adviento es tiempo de preparaci\u00f3n, esperanza y arrepentimiento de nuestros pecados para la llegada del Se\u00f1or. En el Adviento nos preparamos para la navidad y la segunda venida de Cristo al mundo, cuando volver\u00e1 como Rey de todo el Universo. Es un tiempo en el que podemos revisar c\u00f3mo ha sido nuestra vida espiritual, nuestra vida en relaci\u00f3n con Dios y convertirnos de nuevo. Es un tiempo en el que podemos hacer un plan de vida para mejorar como personas.<\/p>\n<p><a href=\"https:\/\/iglesiatijuana.org\/web\/wp-content\/uploads\/2019\/12\/IMG_1868.jpg\" data-rel=\"lightbox-image-0\" data-rl_title=\"\" data-rl_caption=\"\" title=\"\"><img loading=\"lazy\" decoding=\"async\" class=\"alignnone size-medium wp-image-10854\" src=\"https:\/\/iglesiatijuana.org\/web\/wp-content\/uploads\/2019\/12\/IMG_1868-300x172.jpg\" alt=\"\" width=\"300\" height=\"172\" srcset=\"https:\/\/iglesiatijuana.org\/web\/wp-content\/uploads\/2019\/12\/IMG_1868-300x172.jpg 300w, https:\/\/iglesiatijuana.org\/web\/wp-content\/uploads\/2019\/12\/IMG_1868-768x439.jpg 768w, https:\/\/iglesiatijuana.org\/web\/wp-content\/uploads\/2019\/12\/IMG_1868-1024x586.jpg 1024w\" sizes=\"auto, (max-width: 300px) 100vw, 300px\" \/><\/a><\/p>\n","protected":false},"excerpt":{"rendered":"<p>Pastoral para la Comunicaci\u00f3n. &#8211; En la Iglesia vivimos el tiempo lit\u00fargico de Adviento. A este prop\u00f3sito nuestro Arzobispo Francisco Moreno Barr\u00f3n nos exhorta para que el Adviento reafirme en cada uno de nosotros&#46;&#46;&#46;<\/p>\n","protected":false},"author":5,"featured_media":10854,"comment_status":"closed","ping_status":"closed","sticky":false,"template":"","format":"standard","meta":{"_exactmetrics_skip_tracking":false,"_exactmetrics_sitenote_active":false,"_exactmetrics_sitenote_note":"","_exactmetrics_sitenote_category":0,"footnotes":""},"categories":[20,14],"tags":[],"class_list":["post-10853","post","type-post","status-publish","format-standard","has-post-thumbnail","hentry","category-evangelio-del-dia","category-ultimas-noticias"],"_links":{"self":[{"href":"https:\/\/iglesiatijuana.org\/web\/wp-json\/wp\/v2\/posts\/10853","targetHints":{"allow":["GET"]}}],"collection":[{"href":"https:\/\/iglesiatijuana.org\/web\/wp-json\/wp\/v2\/posts"}],"about":[{"href":"https:\/\/iglesiatijuana.org\/web\/wp-json\/wp\/v2\/types\/post"}],"author":[{"embeddable":true,"href":"https:\/\/iglesiatijuana.org\/web\/wp-json\/wp\/v2\/users\/5"}],"replies":[{"embeddable":true,"href":"https:\/\/iglesiatijuana.org\/web\/wp-json\/wp\/v2\/comments?post=10853"}],"version-history":[{"count":3,"href":"https:\/\/iglesiatijuana.org\/web\/wp-json\/wp\/v2\/posts\/10853\/revisions"}],"predecessor-version":[{"id":10861,"href":"https:\/\/iglesiatijuana.org\/web\/wp-json\/wp\/v2\/posts\/10853\/revisions\/10861"}],"wp:featuredmedia":[{"embeddable":true,"href":"https:\/\/iglesiatijuana.org\/web\/wp-json\/wp\/v2\/media\/10854"}],"wp:attachment":[{"href":"https:\/\/iglesiatijuana.org\/web\/wp-json\/wp\/v2\/media?parent=10853"}],"wp:term":[{"taxonomy":"category","embeddable":true,"href":"https:\/\/iglesiatijuana.org\/web\/wp-json\/wp\/v2\/categories?post=10853"},{"taxonomy":"post_tag","embeddable":true,"href":"https:\/\/iglesiatijuana.org\/web\/wp-json\/wp\/v2\/tags?post=10853"}],"curies":[{"name":"wp","href":"https:\/\/api.w.org\/{rel}","templated":true}]}}