{"id":10928,"date":"2020-01-06T14:28:32","date_gmt":"2020-01-06T22:28:32","guid":{"rendered":"https:\/\/iglesiatijuana.org\/web\/?p=10928"},"modified":"2020-01-06T14:28:32","modified_gmt":"2020-01-06T22:28:32","slug":"que-al-compartir-y-partir-la-rosca-de-reyes-podemos-orar-y-vivir-la-fe-con-los-demas","status":"publish","type":"post","link":"https:\/\/iglesiatijuana.org\/web\/que-al-compartir-y-partir-la-rosca-de-reyes-podemos-orar-y-vivir-la-fe-con-los-demas\/","title":{"rendered":"Que al compartir y partir la Rosca de Reyes podemos orar y vivir la fe con los dem\u00e1s"},"content":{"rendered":"<p style=\"text-align: justify;\">Pastoral para la Comunicaci\u00f3n.- Los misioneros que llegaron a nuestro pa\u00eds incorporaron la rosca en la celebraci\u00f3n del 6 de enero. La rosca tiene la forma de una corona que se ofrece al Ni\u00f1o Dios, reconoci\u00e9ndolo como Rey de reyes. Los fragmentos de fruta cristalizada (rojos, verdes o negros), representan sus joyas.<\/p>\n<p style=\"text-align: justify;\">Como una propuesta entre otras opciones, se puede aprovechar este momento de encuentro en familia, amigos o diversos \u00e1mbitos para que podamos leer, orar, escuchar o compartir algunos pensamientos que a continuaci\u00f3n ofrecemos:<\/p>\n<p style=\"text-align: justify;\">1.- Orar: Los pastores que lo visitaron el d\u00eda de Navidad se llenaron de alegr\u00eda. Tambi\u00e9n se alegraron los Reyes Magos que llegaron desde el Oriente para adorarlo. Oraci\u00f3n:\u00a0<em>Hoy estamos contentos porque el nacimiento del Ni\u00f1o Jes\u00fas es motivo de celebraci\u00f3n y convivencia. Te damos gracias, Padre amoroso, por el don de la alegr\u00eda. Te pedimos que quienes viven tristes sientan el amor que nos trajo tu hijo Jesucristo. Am\u00e9n.<\/em><\/p>\n<p style=\"text-align: justify;\">2.- \u201cLos Magos encontraron al Ni\u00f1o Jes\u00fas guiados por la luz de la estrella. Oraci\u00f3n:\u00a0<em>Hoy buscamos la luz porque quien cree en Dios no camina en oscuridad. Te pedimos que quienes viven en oscuridad, por el pecado o la falta de fe encuentren a Cristo, verdadera luz del mundo. Am\u00e9n. (Se puede encender una vela).<\/em><\/p>\n<p style=\"text-align: justify;\">3.- Los pastores y los Magos encontraron al Ni\u00f1o Jes\u00fas acompa\u00f1ado de sus padres. Oraci\u00f3n:\u00a0<em>Hoy gozamos por la unidad de esta familia o grupo. Te damos gracias por nuestra familia (o por este grupo de amigos o compa\u00f1eros de trabajo). Te pedimos que bendigas y protejas a nuestros seres queridos, y que tu gracia nos mantenga siempre unidos. Am\u00e9n.<\/em><\/p>\n<p style=\"text-align: justify;\">4.- Los Magos ofrecieron sus dones ante el reci\u00e9n nacido. Uno le ofreci\u00f3 oro para reconocerlo como rey. Otro le ofreci\u00f3 incienso para reconocerlo como Dios. Uno m\u00e1s le ofreci\u00f3 la mirra, con la que se embalsama a los muertos, para reconocerlo como humano y mortal. Oraci\u00f3n:\u00a0<em>Hoy queremos ofrecerte lo que somos. Nuestros dones ya no son oro, incienso y mirra, sino el principal mandamiento que Jes\u00fas nos pidi\u00f3: el amor. Te pedimos por los que viven sin amor.<\/em><\/p>\n<p style=\"text-align: justify;\">5.- Hoy nos unimos en torno a un pan, signo de alimento y comuni\u00f3n. Oraci\u00f3n:\u00a0<em>Te damos gracias por todos los alimentos que nos das, por las manos que los siembran y cosechan, por quienes los transportan y los preparan. Te damos gracias por el trabajo que nos permite tenerlos y por la salud que nos permite consumirlos. Te pedimos por todos los que carecen de trabajo y alimento.<\/em><\/p>\n<p style=\"text-align: justify;\">6.- Este pan con forma de corona nos recuerda que los Reyes Magos reconocieron a tu divino Hijo como Rey de reyes. Oraci\u00f3n:\u00a0<em>Te pedimos que todos los pueblos de la Tierra reconozcan a Jesucristo como Dios y colaboren en la creaci\u00f3n de un mundo m\u00e1s justo, reino de amor, paz y justicia. Te pedimos por quienes son explotados y humillados.<\/em><\/p>\n<p style=\"text-align: justify;\">Cada comensal parte entonces una rebanada de la rosca y quien encuentra la figurita del Ni\u00f1o debe preparar la fiesta de la Candelaria, el 2 de febrero, y llevar a la Iglesia la imagen del Ni\u00f1o Dios.<\/p>\n<p style=\"text-align: justify;\">*Propuesta del P. Jos\u00e9 de Jes\u00fas Aguilar (Arquidi\u00f3cesis de M\u00e9xico)<\/p>\n<p><a href=\"https:\/\/iglesiatijuana.org\/web\/wp-content\/uploads\/2020\/01\/07ea02dd-fd4d-4d57-96af-2d430df97c3c.jpg\" data-rel=\"lightbox-image-0\" data-rl_title=\"\" data-rl_caption=\"\" title=\"\"><img loading=\"lazy\" decoding=\"async\" class=\"alignnone size-medium wp-image-10929\" src=\"https:\/\/iglesiatijuana.org\/web\/wp-content\/uploads\/2020\/01\/07ea02dd-fd4d-4d57-96af-2d430df97c3c-300x135.jpg\" alt=\"\" width=\"300\" height=\"135\" srcset=\"https:\/\/iglesiatijuana.org\/web\/wp-content\/uploads\/2020\/01\/07ea02dd-fd4d-4d57-96af-2d430df97c3c-300x135.jpg 300w, https:\/\/iglesiatijuana.org\/web\/wp-content\/uploads\/2020\/01\/07ea02dd-fd4d-4d57-96af-2d430df97c3c-768x345.jpg 768w, https:\/\/iglesiatijuana.org\/web\/wp-content\/uploads\/2020\/01\/07ea02dd-fd4d-4d57-96af-2d430df97c3c-1024x460.jpg 1024w, https:\/\/iglesiatijuana.org\/web\/wp-content\/uploads\/2020\/01\/07ea02dd-fd4d-4d57-96af-2d430df97c3c.jpg 1068w\" sizes=\"auto, (max-width: 300px) 100vw, 300px\" \/><\/a><\/p>\n","protected":false},"excerpt":{"rendered":"<p>Pastoral para la Comunicaci\u00f3n.- Los misioneros que llegaron a nuestro pa\u00eds incorporaron la rosca en la celebraci\u00f3n del 6 de enero. La rosca tiene la forma de una corona que se ofrece al Ni\u00f1o&#46;&#46;&#46;<\/p>\n","protected":false},"author":5,"featured_media":10929,"comment_status":"closed","ping_status":"closed","sticky":false,"template":"","format":"standard","meta":{"_exactmetrics_skip_tracking":false,"_exactmetrics_sitenote_active":false,"_exactmetrics_sitenote_note":"","_exactmetrics_sitenote_category":0,"footnotes":""},"categories":[20,14],"tags":[],"class_list":["post-10928","post","type-post","status-publish","format-standard","has-post-thumbnail","hentry","category-evangelio-del-dia","category-ultimas-noticias"],"_links":{"self":[{"href":"https:\/\/iglesiatijuana.org\/web\/wp-json\/wp\/v2\/posts\/10928","targetHints":{"allow":["GET"]}}],"collection":[{"href":"https:\/\/iglesiatijuana.org\/web\/wp-json\/wp\/v2\/posts"}],"about":[{"href":"https:\/\/iglesiatijuana.org\/web\/wp-json\/wp\/v2\/types\/post"}],"author":[{"embeddable":true,"href":"https:\/\/iglesiatijuana.org\/web\/wp-json\/wp\/v2\/users\/5"}],"replies":[{"embeddable":true,"href":"https:\/\/iglesiatijuana.org\/web\/wp-json\/wp\/v2\/comments?post=10928"}],"version-history":[{"count":1,"href":"https:\/\/iglesiatijuana.org\/web\/wp-json\/wp\/v2\/posts\/10928\/revisions"}],"predecessor-version":[{"id":10930,"href":"https:\/\/iglesiatijuana.org\/web\/wp-json\/wp\/v2\/posts\/10928\/revisions\/10930"}],"wp:featuredmedia":[{"embeddable":true,"href":"https:\/\/iglesiatijuana.org\/web\/wp-json\/wp\/v2\/media\/10929"}],"wp:attachment":[{"href":"https:\/\/iglesiatijuana.org\/web\/wp-json\/wp\/v2\/media?parent=10928"}],"wp:term":[{"taxonomy":"category","embeddable":true,"href":"https:\/\/iglesiatijuana.org\/web\/wp-json\/wp\/v2\/categories?post=10928"},{"taxonomy":"post_tag","embeddable":true,"href":"https:\/\/iglesiatijuana.org\/web\/wp-json\/wp\/v2\/tags?post=10928"}],"curies":[{"name":"wp","href":"https:\/\/api.w.org\/{rel}","templated":true}]}}