{"id":10935,"date":"2020-01-09T10:58:13","date_gmt":"2020-01-09T18:58:13","guid":{"rendered":"https:\/\/iglesiatijuana.org\/web\/?p=10935"},"modified":"2020-01-09T11:02:43","modified_gmt":"2020-01-09T19:02:43","slug":"unirse-a-maria-reina-de-la-paz-en-medio-de-las-tensiones-con-iran-obispos-de-estados-unidos","status":"publish","type":"post","link":"https:\/\/iglesiatijuana.org\/web\/unirse-a-maria-reina-de-la-paz-en-medio-de-las-tensiones-con-iran-obispos-de-estados-unidos\/","title":{"rendered":"Unirse a Mar\u00eda Reina de la Paz, en medio de las tensiones con Ir\u00e1n: Obispos de Estados Unidos"},"content":{"rendered":"<p style=\"text-align: justify;\">Pastoral para la Comunicaci\u00f3n. &#8211; En misiva dada a conocer por la Conferencia de Obispos Cat\u00f3licos de los Estados Unidos (USCCB en su sitio oficial (http:\/www.usccb.org\/) el presidente de la USCCB advirti\u00f3 sobre la urgencia de \u201crezar para que los l\u00edderes de nuestro mundo busquen el di\u00e1logo y la paz\u201d.<\/p>\n<p style=\"text-align: justify;\">El Arzobispo de Los \u00c1ngeles, Jos\u00e9 H. G\u00f3mez, emiti\u00f3 una declaraci\u00f3n sobre los \u00faltimos sucesos de tensi\u00f3n entre ese pa\u00eds e Ir\u00e1n. La madrugada del pasado 8 de enero 2020, Ir\u00e1n lanz\u00f3 un ataque con misiles bal\u00edsticos sobre dos bases que albergan militares de Estados Unidos en Irak, en venganza por el asesinato del general iran\u00ed Qasem Soleimani.<\/p>\n<p style=\"text-align: justify;\">Ante la tensi\u00f3n que este hecho ha provocado entre Estados Unidos e Ir\u00e1n, Jos\u00e9 H. G\u00f3mez expres\u00f3: \u201cdebemos rezar urgentemente para que los l\u00edderes de nuestro mundo busquen el di\u00e1logo y busquen la paz. \u00danase a m\u00ed para pedirle a nuestra Sant\u00edsima Madre Mar\u00eda, la Reina de la Paz, que interceda para que Jesucristo fortalezca a los pacificadores, consuele el sufrimiento y proteja a los inocentes y a todos los que est\u00e1n en peligro, especialmente a los hombres y mujeres de nuestros servicios diplom\u00e1ticos y fuerzas armadas y militares\u201d.<\/p>\n<p><a href=\"https:\/\/iglesiatijuana.org\/web\/wp-content\/uploads\/2020\/01\/e95aa641-f8c7-43e5-9493-d965274ea20c.jpg\" data-rel=\"lightbox-image-0\" data-rl_title=\"\" data-rl_caption=\"\" title=\"\"><img loading=\"lazy\" decoding=\"async\" class=\"alignnone size-medium wp-image-10936\" src=\"https:\/\/iglesiatijuana.org\/web\/wp-content\/uploads\/2020\/01\/e95aa641-f8c7-43e5-9493-d965274ea20c-300x168.jpg\" alt=\"\" width=\"300\" height=\"168\" \/><\/a><\/p>\n<p>&nbsp;<\/p>\n","protected":false},"excerpt":{"rendered":"<p>Pastoral para la Comunicaci\u00f3n. &#8211; En misiva dada a conocer por la Conferencia de Obispos Cat\u00f3licos de los Estados Unidos (USCCB en su sitio oficial (http:\/www.usccb.org\/) el presidente de la USCCB advirti\u00f3 sobre la&#46;&#46;&#46;<\/p>\n","protected":false},"author":5,"featured_media":10936,"comment_status":"closed","ping_status":"closed","sticky":false,"template":"","format":"standard","meta":{"_exactmetrics_skip_tracking":false,"_exactmetrics_sitenote_active":false,"_exactmetrics_sitenote_note":"","_exactmetrics_sitenote_category":0,"footnotes":""},"categories":[20,14],"tags":[],"class_list":["post-10935","post","type-post","status-publish","format-standard","has-post-thumbnail","hentry","category-evangelio-del-dia","category-ultimas-noticias"],"_links":{"self":[{"href":"https:\/\/iglesiatijuana.org\/web\/wp-json\/wp\/v2\/posts\/10935","targetHints":{"allow":["GET"]}}],"collection":[{"href":"https:\/\/iglesiatijuana.org\/web\/wp-json\/wp\/v2\/posts"}],"about":[{"href":"https:\/\/iglesiatijuana.org\/web\/wp-json\/wp\/v2\/types\/post"}],"author":[{"embeddable":true,"href":"https:\/\/iglesiatijuana.org\/web\/wp-json\/wp\/v2\/users\/5"}],"replies":[{"embeddable":true,"href":"https:\/\/iglesiatijuana.org\/web\/wp-json\/wp\/v2\/comments?post=10935"}],"version-history":[{"count":1,"href":"https:\/\/iglesiatijuana.org\/web\/wp-json\/wp\/v2\/posts\/10935\/revisions"}],"predecessor-version":[{"id":10937,"href":"https:\/\/iglesiatijuana.org\/web\/wp-json\/wp\/v2\/posts\/10935\/revisions\/10937"}],"wp:featuredmedia":[{"embeddable":true,"href":"https:\/\/iglesiatijuana.org\/web\/wp-json\/wp\/v2\/media\/10936"}],"wp:attachment":[{"href":"https:\/\/iglesiatijuana.org\/web\/wp-json\/wp\/v2\/media?parent=10935"}],"wp:term":[{"taxonomy":"category","embeddable":true,"href":"https:\/\/iglesiatijuana.org\/web\/wp-json\/wp\/v2\/categories?post=10935"},{"taxonomy":"post_tag","embeddable":true,"href":"https:\/\/iglesiatijuana.org\/web\/wp-json\/wp\/v2\/tags?post=10935"}],"curies":[{"name":"wp","href":"https:\/\/api.w.org\/{rel}","templated":true}]}}