{"id":11080,"date":"2020-02-06T12:50:06","date_gmt":"2020-02-06T20:50:06","guid":{"rendered":"https:\/\/iglesiatijuana.org\/web\/?p=11080"},"modified":"2020-02-06T12:50:06","modified_gmt":"2020-02-06T20:50:06","slug":"arzobispo-francisco-a-laicos-vivan-su-pertenencia-a-la-iglesia-y-su-compromiso-en-medio-del-mundo","status":"publish","type":"post","link":"https:\/\/iglesiatijuana.org\/web\/arzobispo-francisco-a-laicos-vivan-su-pertenencia-a-la-iglesia-y-su-compromiso-en-medio-del-mundo\/","title":{"rendered":"Arzobispo Francisco a laicos: &#8220;vivan su pertenencia a la Iglesia y su compromiso en medio del mundo\u201d"},"content":{"rendered":"<p style=\"text-align: justify;\">Pastoral para la Comunicaci\u00f3n. &#8211; El pasado mes de enero el Sr. Arzobispo Francisco Moreno Barr\u00f3n tuvo su encuentro con el grupo de laicos en el ministerio de Lectorado y Acolitado para el servicio de la comunidad. El Sr. Arzobispo estuvo acompa\u00f1ado de quienes son sus delegados en la formaci\u00f3n de laicos que son el Pbro. Javier S\u00e1nchez y el Di\u00e1cono Jorge Daniel. La Eucarist\u00eda se realiz\u00f3 en la Parroquia Santa Mar\u00eda Reina de la Paz en la Col. Independencia.<\/p>\n<p style=\"text-align: justify;\">Durante la homil\u00eda con la que concluy\u00f3 el encuentro, el Sr. Arzobispo agradeci\u00f3 y record\u00f3 al Pbro. Juan Carlos Delgado quien camino y apoyo en este caminar para los ministerios de la Sagrada Liturgia.<\/p>\n<p style=\"text-align: justify;\">Y prosigui\u00f3 en su homil\u00eda: \u201cQueridos hermanos presb\u00edteros y di\u00e1conos, queridos lectores y ac\u00f3litos de nuestra Arquidi\u00f3cesis de Tijuana. Desde del primer d\u00eda de mi llegada a estas tierras he dicho en repetidas ocasiones que la renovaci\u00f3n de la Iglesia est\u00e1 en el coraz\u00f3n del sacerdote, pero tambi\u00e9n les he dicho que este es el tiempo de los laicos, donde en este proceso su obispo quiere poner en su coraz\u00f3n la misi\u00f3n de que ustedes ocupen el lugar que les corresponda en la vida de la Iglesia. El futuro y el presente de nuestra Arquidi\u00f3cesis est\u00e1 en sus manos queridos laicos.\u201d \u2013 y &#8211; \u201cUn acolito, lector, ministro extraordinario de la comuni\u00f3n podr\u00e1 cumplir m\u00e1s dignamente en la Eucarist\u00eda, si profundizan m\u00e1s intensamente en este Misterio de Cristo. Queridos laicos vivan intensamente su pertenencia a la Iglesia, vivan su compromiso en medio del mundo transformando las realidades temporales con sentido cristiano, dando testimonio de nuestra fe en Cristo Jes\u00fas.<\/p>\n<p style=\"text-align: justify;\">\u201cSu participaci\u00f3n como lectores y ac\u00f3litos es un gesto muy bello a la Iglesia y estoy seguro que ustedes lo disfrutan enormemente. Les invito a que ustedes sean verdadera luz para las naciones para que la salvaci\u00f3n de Jes\u00fas llegue hasta los confines de la tierra\u201d. Dijo al finalizar la homil\u00eda el Sr. Arz. Francisco Moreno Barr\u00f3n.<\/p>\n<p style=\"text-align: justify;\">Antes de la bendici\u00f3n final, el Pbro. Javier S\u00e1nchez dirigi\u00f3 unas palabras por la presencia del Arzobispo en este encuentro: \u201cMe comprometo a continuar la formaci\u00f3n que usted Sr. Arzobispo nos pide para en un a\u00f1o se note la diferencia de toma de conciencia de estos nuevos ac\u00f3litos y lectores. Me comprometo a que esta formaci\u00f3n no sea vista como una carga, sino como una oportunidad para ser mejores servidores\u201d<\/p>\n<p><a href=\"https:\/\/iglesiatijuana.org\/web\/wp-content\/uploads\/2020\/02\/82304820_10157744586309089_4809344506493140992_o.jpg\" data-rel=\"lightbox-image-0\" data-rl_title=\"\" data-rl_caption=\"\" title=\"\"><img loading=\"lazy\" decoding=\"async\" class=\"alignnone size-medium wp-image-11081\" src=\"https:\/\/iglesiatijuana.org\/web\/wp-content\/uploads\/2020\/02\/82304820_10157744586309089_4809344506493140992_o-300x200.jpg\" alt=\"\" width=\"300\" height=\"200\" srcset=\"https:\/\/iglesiatijuana.org\/web\/wp-content\/uploads\/2020\/02\/82304820_10157744586309089_4809344506493140992_o-300x200.jpg 300w, https:\/\/iglesiatijuana.org\/web\/wp-content\/uploads\/2020\/02\/82304820_10157744586309089_4809344506493140992_o-768x512.jpg 768w, https:\/\/iglesiatijuana.org\/web\/wp-content\/uploads\/2020\/02\/82304820_10157744586309089_4809344506493140992_o-1024x683.jpg 1024w, https:\/\/iglesiatijuana.org\/web\/wp-content\/uploads\/2020\/02\/82304820_10157744586309089_4809344506493140992_o.jpg 2048w\" sizes=\"auto, (max-width: 300px) 100vw, 300px\" \/><\/a><\/p>\n","protected":false},"excerpt":{"rendered":"<p>Pastoral para la Comunicaci\u00f3n. &#8211; El pasado mes de enero el Sr. Arzobispo Francisco Moreno Barr\u00f3n tuvo su encuentro con el grupo de laicos en el ministerio de Lectorado y Acolitado para el servicio&#46;&#46;&#46;<\/p>\n","protected":false},"author":5,"featured_media":11081,"comment_status":"closed","ping_status":"closed","sticky":false,"template":"","format":"standard","meta":{"_exactmetrics_skip_tracking":false,"_exactmetrics_sitenote_active":false,"_exactmetrics_sitenote_note":"","_exactmetrics_sitenote_category":0,"footnotes":""},"categories":[20,14],"tags":[],"class_list":["post-11080","post","type-post","status-publish","format-standard","has-post-thumbnail","hentry","category-evangelio-del-dia","category-ultimas-noticias"],"_links":{"self":[{"href":"https:\/\/iglesiatijuana.org\/web\/wp-json\/wp\/v2\/posts\/11080","targetHints":{"allow":["GET"]}}],"collection":[{"href":"https:\/\/iglesiatijuana.org\/web\/wp-json\/wp\/v2\/posts"}],"about":[{"href":"https:\/\/iglesiatijuana.org\/web\/wp-json\/wp\/v2\/types\/post"}],"author":[{"embeddable":true,"href":"https:\/\/iglesiatijuana.org\/web\/wp-json\/wp\/v2\/users\/5"}],"replies":[{"embeddable":true,"href":"https:\/\/iglesiatijuana.org\/web\/wp-json\/wp\/v2\/comments?post=11080"}],"version-history":[{"count":1,"href":"https:\/\/iglesiatijuana.org\/web\/wp-json\/wp\/v2\/posts\/11080\/revisions"}],"predecessor-version":[{"id":11082,"href":"https:\/\/iglesiatijuana.org\/web\/wp-json\/wp\/v2\/posts\/11080\/revisions\/11082"}],"wp:featuredmedia":[{"embeddable":true,"href":"https:\/\/iglesiatijuana.org\/web\/wp-json\/wp\/v2\/media\/11081"}],"wp:attachment":[{"href":"https:\/\/iglesiatijuana.org\/web\/wp-json\/wp\/v2\/media?parent=11080"}],"wp:term":[{"taxonomy":"category","embeddable":true,"href":"https:\/\/iglesiatijuana.org\/web\/wp-json\/wp\/v2\/categories?post=11080"},{"taxonomy":"post_tag","embeddable":true,"href":"https:\/\/iglesiatijuana.org\/web\/wp-json\/wp\/v2\/tags?post=11080"}],"curies":[{"name":"wp","href":"https:\/\/api.w.org\/{rel}","templated":true}]}}