{"id":11113,"date":"2020-02-12T12:38:11","date_gmt":"2020-02-12T20:38:11","guid":{"rendered":"https:\/\/iglesiatijuana.org\/web\/?p=11113"},"modified":"2020-02-12T12:38:11","modified_gmt":"2020-02-12T20:38:11","slug":"exhortacion-post-sinodal-sobre-la-amazonia-los-pobres-cultura-naturaleza-y-comunidad-cristiana","status":"publish","type":"post","link":"https:\/\/iglesiatijuana.org\/web\/exhortacion-post-sinodal-sobre-la-amazonia-los-pobres-cultura-naturaleza-y-comunidad-cristiana\/","title":{"rendered":"Exhortaci\u00f3n Post-Sinodal sobre la Amazonia: \u201clos pobres, cultura, naturaleza y comunidad cristiana\u201d"},"content":{"rendered":"<p style=\"text-align: justify;\">Pastoral para la Comunicaci\u00f3n. &#8211; Se present\u00f3 el mi\u00e9rcoles, 12 de febrero, en la Oficina de Prensa de la Santa Sede, la Exhortaci\u00f3n Apost\u00f3lica Post-Sinodal del Santo Padre Francisco \u201cQuerida Amazonia\u201d, con la participaci\u00f3n de los Cardenales Lorenzo Baldisseri y Michael Czerny, el Padre Adelson Ara\u00fajo dos Santos, Sor Augusta de Oliveira, el profesor Carlos Nobre y Monse\u00f1or David Mart\u00ednez de Aguirre Guinea.<\/p>\n<p style=\"text-align: justify;\">\n<p style=\"text-align: justify;\">En informaci\u00f3n vertida por Vatican News, el documento traza nuevos caminos de evangelizaci\u00f3n y cuidado del ambiente y de los pobres. Francisco desea un nuevo impulso misionero y alienta el papel de los laicos en las comunidades eclesiales. El Papa Francisco comparte sus \u201cSue\u00f1os para la Amazonia\u201d (no. 5-7), cuyo destino debe preocupar a todos, porque esta tierra tambi\u00e9n es \u201cnuestra\u201d. Formula \u201ccuatro grandes sue\u00f1os\u201d: que la Amazonia \u201cluche por los derechos de los m\u00e1s pobres\u201d, \u201cpreserve la riqueza cultural\u201d, \u201ccustodie celosamente la abrumadora hermosura natural\u201d y, por \u00faltimo, que las comunidades cristianas sean \u201ccapaces de entregarse y encarnarse en la Amazonia\u201d.<\/p>\n<p style=\"text-align: justify;\">\n<p style=\"text-align: justify;\"><em>El sue\u00f1o social: Que la Iglesia est\u00e9 al lado de los oprimidos<\/em><\/p>\n<p style=\"text-align: justify;\">En tonos vibrantes, habla de \u201cinjusticia y crimen\u201d (9-14). Recuerda que Benedicto XVI ya hab\u00eda denunciado \u201cla devastaci\u00f3n ambiental de la Amazonia\u201d. Los pueblos originarios, advierte, sufren el \u201csometimiento\u201d tanto de los poderes locales como de los externos.<\/p>\n<p style=\"text-align: justify;\">\n<p style=\"text-align: justify;\"><em>Que los pobres sean escuchados sobre el futuro de la Amazonia<\/em><\/p>\n<p style=\"text-align: justify;\">Ante tal injusticia, el Pont\u00edfice pide \u201cindignarse y pedir perd\u00f3n\u201d (15-19). Para Francisco son necesarias \u201credes de solidaridad y desarrollo\u201d y llama al compromiso de todos, incluyendo a los l\u00edderes pol\u00edticos. A partir de aqu\u00ed, el Papa se detiene en el tema del \u201csentido comunitario\u201d (20-22). La \u00faltima parte del primer cap\u00edtulo est\u00e1 dedicada a las \u201cInstituciones da\u00f1adas\u201d (23-25) y al \u201cDi\u00e1logo social\u201d (26-27). El Papa denuncia el mal de la corrupci\u00f3n que envenena al Estado y sus instituciones.<\/p>\n<p style=\"text-align: justify;\">\n<p style=\"text-align: justify;\"><em>El sue\u00f1o cultural: cuidar el poliedro amaz\u00f3nico<\/em><\/p>\n<p style=\"text-align: justify;\">El segundo cap\u00edtulo est\u00e1 dedicado al \u201cSue\u00f1o cultural\u201d. Francisco inmediatamente deja claro que \u201cpromover la Amazonia\u201d no significa \u201ccolonizarla culturalmente\u201d (28). As\u00ed, utiliza una imagen que le es muy querida: \u201cel poliedro amaz\u00f3nico\u201d (29-32). Es necesario luchar contra la \u201ccolonizaci\u00f3n postmoderna\u201d. Para Francisco es urgente \u201ccuidar las ra\u00edces\u201d (33-35).<\/p>\n<p style=\"text-align: justify;\">\n<p style=\"text-align: justify;\"><em>No a un indigenismo cerrado, sino a un encuentro intercultural<\/em><\/p>\n<p style=\"text-align: justify;\">La Exhortaci\u00f3n se centra entonces en el \u201cencuentro intercultural\u201d (36-38). Incluso las \u201cculturas supuestamente m\u00e1s evolucionadas\u201d, observa, pueden aprender de los pueblos que \u201cdesarrollaron un tesoro cultural estando enlazadas con la naturaleza\u201d. La diversidad, por lo tanto, no es \u201cuna frontera\u201d, sino \u201cun puente\u201d, y dice no a un \u201cindigenismo completamente cerrado\u201d.<\/p>\n<p style=\"text-align: justify;\">Para el Papa, es urgente escuchar \u201cel grito de la Amazonia\u201d (47-52). Recuerda que el equilibrio planetario depende de su salud. Hay, escribe, fuertes intereses no solo locales, sino tambi\u00e9n internacionales. La soluci\u00f3n, por lo tanto, no es la \u201cinternacionalizaci\u00f3n\u201d de la Amazonia, sino que debe crecer \u201cla responsabilidad de los gobiernos nacionales\u201d. El desarrollo sostenible, contin\u00faa, requiere que los habitantes est\u00e9n siempre informados sobre los proyectos que les conciernen y espera la creaci\u00f3n de \u201cun sistema normativo\u201d con \u201cl\u00edmites infranqueables\u201d. As\u00ed, invita a la \u201cProfec\u00eda de la contemplaci\u00f3n\u201d (53-57).<\/p>\n<p style=\"text-align: justify;\">\n<p style=\"text-align: justify;\"><em>El sue\u00f1o eclesial: Desarrollar una Iglesia con rostro amaz\u00f3nico<\/em><\/p>\n<p style=\"text-align: justify;\">El \u00faltimo cap\u00edtulo, el m\u00e1s contundente, est\u00e1 dedicado \u201cm\u00e1s directamente\u201d a los pastores y fieles cat\u00f3licos y se centra en el \u201cSue\u00f1o eclesial\u201d. El Papa invita a \u201cdesarrollar una Iglesia con rostro amaz\u00f3nico\u201d a trav\u00e9s de un \u201cgran anuncio misionero\u201d (61), un \u201canuncio indispensable en la Amazonia\u201d (62-65). Para el Papa no basta con llevar un \u201cmensaje social\u201d. Estos pueblos tienen \u201cderecho al anuncio del Evangelio\u201d, de lo contrario \u201ccada estructura eclesial se convertir\u00e1\u201d en una ONG. Una parte sustancial se dedica entonces a la inculturaci\u00f3n. Retomando la\u00a0<em>Gaudium et Spes<\/em>, habla de la \u201cinculturaci\u00f3n\u201d (66-69) como un proceso que lleva \u201ca la plenitud a la luz del Evangelio\u201d lo bueno que existe en las culturas amaz\u00f3nicas.<\/p>\n<p style=\"text-align: justify;\">\n<p style=\"text-align: justify;\">El Papa mira m\u00e1s profundamente, se\u00f1alando los \u201cCaminos de inculturaci\u00f3n en la Amazonia\u201d (70-74). Los valores presentes en las comunidades originarias, escribe, deben ser \u201crecogidos en la evangelizaci\u00f3n\u201d. Y en los dos p\u00e1rrafos siguientes se centra en la \u201cinculturaci\u00f3n social y espiritual\u201d (75-76). El Papa se\u00f1ala que, dada la pobreza de tantos habitantes de la Amazonia, la inculturaci\u00f3n debe tener un \u201cperfume marcadamente social\u201d. Al mismo tiempo, sin embargo, la dimensi\u00f3n social debe integrarse con la dimensi\u00f3n \u201cespiritual\u201d.<\/p>\n<p style=\"text-align: justify;\">\n<p style=\"text-align: justify;\">Otro pasaje significativo de\u00a0<em>Querida Amazonia<\/em>\u00a0es sobre la inculturaci\u00f3n de la liturgia (81-84). El Pont\u00edfice constata que el Concilio Vaticano II hab\u00eda pedido un esfuerzo de \u201cinculturaci\u00f3n de la liturgia en los pueblos ind\u00edgenas\u201d. Tambi\u00e9n recuerda, en una nota al texto, que en el S\u00ednodo \u201csurgi\u00f3 la propuesta de elaborar un\u00a0<em>rito amaz\u00f3nico<\/em>\u201d. Los sacramentos, exhorta, \u201cdeben ser accesibles, sobre todo para los pobres\u201d. La Iglesia, enfatiza recordando a\u00a0<em>Amoris laetitia<\/em>, no puede convertirse en una \u201caduana\u201d.<\/p>\n<p style=\"text-align: justify;\">\n<p style=\"text-align: justify;\">Vinculado a esto est\u00e1 el tema de \u201cla inculturaci\u00f3n de la ministerialidad\u201d (85-90) al que la Iglesia debe dar una respuesta \u201cvaliente\u201d. Para el Papa debe garantizarse \u201cuna mayor frecuencia de la celebraci\u00f3n de la Eucarist\u00eda\u201d. A este respecto, reitera, es importante \u201cdeterminar qu\u00e9 es lo m\u00e1s espec\u00edfico del sacerdote\u201d. La respuesta, se lee, est\u00e1 en el sacramento del Orden que habilita solo al sacerdote para presidir la Eucarist\u00eda. \u00bfC\u00f3mo, entonces, \u201casegurar ese ministerio sacerdotal\u201d en \u00e1reas remotas? Francisco exhorta a todos los obispos, especialmente a los latinoamericanos, \u201ca ser m\u00e1s generosos\u201d, orientando a aquellos que \u201cmuestran vocaci\u00f3n misionera\u201d a elegir la Amazonia y los invita a revisar la formaci\u00f3n de los sacerdotes.<\/p>\n<p style=\"text-align: justify;\">\n<p style=\"text-align: justify;\">\n<p style=\"text-align: justify;\"><em>Favorecer un protagonismo de los laicos en la comunidad<\/em><\/p>\n<p style=\"text-align: justify;\">Despu\u00e9s de los sacramentos,\u00a0<em>Querida Amazonia<\/em>\u00a0se detiene en las \u201ccomunidades repletas de vida\u201d (91-98) en las que los laicos deben asumir \u201cresponsabilidades importantes\u201d. Para el Papa, de hecho, no se trata \u201csolo de facilitar una mayor presencia de ministros ordenados\u201d, un objetivo \u201climitado\u201d si no se suscita \u201cnueva vida en las comunidades\u201d. Por lo tanto, se necesitan nuevos \u201cservicios laicales\u201d. Solo a trav\u00e9s de un \u201ccontundente protagonismo de los laicos\u201d, reitera, la Iglesia podr\u00e1 responder a los \u201cdesaf\u00edos de la Amazonia\u201d. Para el Pont\u00edfice, las personas consagradas ocupan tambi\u00e9n un lugar especial, al tiempo que recuerda el papel de las comunidades de base que han defendido los derechos sociales y alienta en particular la actividad de la REPAM y de los \u201cequipos misioneros itinerantes\u201d.<\/p>\n<p style=\"text-align: justify;\">\n<p style=\"text-align: justify;\"><em>Nuevos espacios para las mujeres, pero sin \u201cclericalizaciones\u201d<\/em><\/p>\n<p style=\"text-align: justify;\">El Papa dedica un espacio propio a la fuerza y al don de las mujeres (99-103). Reconoce que en la Amazonia algunas comunidades se han mantenido solo \u201cgracias a la presencia de mujeres fuertes y generosas\u201d. Sin embargo, advierte que no se debe reducir \u201cla Iglesia a estructuras funcionales\u201d. Si este fuera el caso, de hecho, solo se les dar\u00eda un papel si tuvieran acceso al Orden Sagrado. Para el Papa la clericalizaci\u00f3n de la mujer debe ser rechazada, aceptando en cambio la contribuci\u00f3n seg\u00fan el modo femenino que prolonga \u201cla fuerza y la ternura de Mar\u00eda\u201d. \u00c9l alienta el surgimiento de nuevos servicios femeninos, que &#8211; con el reconocimiento p\u00fablico de los obispos \u2013 incidan en las decisiones de las comunidades.<\/p>\n<p style=\"text-align: justify;\">\n<p style=\"text-align: justify;\">\n<p style=\"text-align: justify;\">El Papa Francisco concluye\u00a0<em>Querida Amazonia<\/em>\u00a0con una oraci\u00f3n a la Madre de la Amazonia (111). \u201cMadre, mira a los pobres de la Amazonia\u201d, recita un pasaje de su oraci\u00f3n, \u201cporque su hogar est\u00e1 siendo destruido por intereses mezquinos (\u2026) Toca la sensibilidad de los poderosos, porque, aunque sentimos que ya es tarde nos llamas a salvar lo que todav\u00eda vive\u201d.<\/p>\n<p>&nbsp;<\/p>\n<p><a href=\"https:\/\/iglesiatijuana.org\/web\/wp-content\/uploads\/2020\/02\/AMAZONIA.jpg\" data-rel=\"lightbox-image-0\" data-rl_title=\"\" data-rl_caption=\"\" title=\"\"><img loading=\"lazy\" decoding=\"async\" class=\"alignnone size-full wp-image-11114\" src=\"https:\/\/iglesiatijuana.org\/web\/wp-content\/uploads\/2020\/02\/AMAZONIA.jpg\" alt=\"\" width=\"720\" height=\"340\" srcset=\"https:\/\/iglesiatijuana.org\/web\/wp-content\/uploads\/2020\/02\/AMAZONIA.jpg 720w, https:\/\/iglesiatijuana.org\/web\/wp-content\/uploads\/2020\/02\/AMAZONIA-300x142.jpg 300w, https:\/\/iglesiatijuana.org\/web\/wp-content\/uploads\/2020\/02\/AMAZONIA-520x245.jpg 520w\" sizes=\"auto, (max-width: 720px) 100vw, 720px\" \/><\/a><\/p>\n","protected":false},"excerpt":{"rendered":"<p>Pastoral para la Comunicaci\u00f3n. &#8211; Se present\u00f3 el mi\u00e9rcoles, 12 de febrero, en la Oficina de Prensa de la Santa Sede, la Exhortaci\u00f3n Apost\u00f3lica Post-Sinodal del Santo Padre Francisco \u201cQuerida Amazonia\u201d, con la participaci\u00f3n&#46;&#46;&#46;<\/p>\n","protected":false},"author":101012,"featured_media":11114,"comment_status":"closed","ping_status":"closed","sticky":false,"template":"","format":"standard","meta":{"_exactmetrics_skip_tracking":false,"_exactmetrics_sitenote_active":false,"_exactmetrics_sitenote_note":"","_exactmetrics_sitenote_category":0,"footnotes":""},"categories":[20,14],"tags":[],"class_list":["post-11113","post","type-post","status-publish","format-standard","has-post-thumbnail","hentry","category-evangelio-del-dia","category-ultimas-noticias"],"_links":{"self":[{"href":"https:\/\/iglesiatijuana.org\/web\/wp-json\/wp\/v2\/posts\/11113","targetHints":{"allow":["GET"]}}],"collection":[{"href":"https:\/\/iglesiatijuana.org\/web\/wp-json\/wp\/v2\/posts"}],"about":[{"href":"https:\/\/iglesiatijuana.org\/web\/wp-json\/wp\/v2\/types\/post"}],"author":[{"embeddable":true,"href":"https:\/\/iglesiatijuana.org\/web\/wp-json\/wp\/v2\/users\/101012"}],"replies":[{"embeddable":true,"href":"https:\/\/iglesiatijuana.org\/web\/wp-json\/wp\/v2\/comments?post=11113"}],"version-history":[{"count":1,"href":"https:\/\/iglesiatijuana.org\/web\/wp-json\/wp\/v2\/posts\/11113\/revisions"}],"predecessor-version":[{"id":11115,"href":"https:\/\/iglesiatijuana.org\/web\/wp-json\/wp\/v2\/posts\/11113\/revisions\/11115"}],"wp:featuredmedia":[{"embeddable":true,"href":"https:\/\/iglesiatijuana.org\/web\/wp-json\/wp\/v2\/media\/11114"}],"wp:attachment":[{"href":"https:\/\/iglesiatijuana.org\/web\/wp-json\/wp\/v2\/media?parent=11113"}],"wp:term":[{"taxonomy":"category","embeddable":true,"href":"https:\/\/iglesiatijuana.org\/web\/wp-json\/wp\/v2\/categories?post=11113"},{"taxonomy":"post_tag","embeddable":true,"href":"https:\/\/iglesiatijuana.org\/web\/wp-json\/wp\/v2\/tags?post=11113"}],"curies":[{"name":"wp","href":"https:\/\/api.w.org\/{rel}","templated":true}]}}