{"id":11120,"date":"2020-02-14T10:28:12","date_gmt":"2020-02-14T18:28:12","guid":{"rendered":"https:\/\/iglesiatijuana.org\/web\/?p=11120"},"modified":"2020-02-14T10:28:12","modified_gmt":"2020-02-14T18:28:12","slug":"jovenes-seminaristas-de-preparatoria-apoyan-a-la-mision-social-en-favor-de-nuestra-comunidad","status":"publish","type":"post","link":"https:\/\/iglesiatijuana.org\/web\/jovenes-seminaristas-de-preparatoria-apoyan-a-la-mision-social-en-favor-de-nuestra-comunidad\/","title":{"rendered":"J\u00f3venes seminaristas de preparatoria apoyan a la misi\u00f3n social en favor de nuestra comunidad"},"content":{"rendered":"<p style=\"text-align: justify;\">Pastoral para la Comunicaci\u00f3n. &#8211;\u00a0 Durante el mes de enero se programan las misiones de invierno para los seminaristas menores que cursan la preparatoria en el Campus del Seminario Menor de la Arquidi\u00f3cesis, mismas que concluyen en la primera semana de febrero que marca el inicio de clases seg\u00fan el calendario oficial para todas las preparatorias de Tijuana.<\/p>\n<p style=\"text-align: justify;\">Con esto, se buscan modalidades para que los seminaristas potencien su experiencia de Dios y pongan en pr\u00e1ctica todo lo que van aprendiendo en el seminario, tanto la ense\u00f1anza acad\u00e9mica, la experiencia espiritual y la dimensi\u00f3n humana.<\/p>\n<p style=\"text-align: justify;\">En este tiempo de misiones los j\u00f3venes realizaron diversas actividades, algunas de ellas en el municipio de Tecate, donde hicieron visiteo, acompa\u00f1amiento a grupos de j\u00f3venes compartiendo sus testimonios. Tuvieron la oportunidad de asistir a un asilo de ancianos, d\u00e1ndoles atenci\u00f3n a las personas residentes, escuch\u00e1ndolas y viendo en ellas la importancia que tienen en la sociedad y la riqueza que son para la Iglesia\u201d. En la casa del migrante, en Tijuana, hicieron tareas de jardiner\u00eda, limpieza y de alimentaci\u00f3n, quedando al finalizar la misi\u00f3n satisfechos, por la belleza misma que es el servir y la fraternidad que se fortaleci\u00f3 entre los hermanos seminaristas.<\/p>\n<p style=\"text-align: justify;\">Fueron alrededor de 13 j\u00f3venes de 1ero, 2do y 3er grado de preparatoria bajo la compa\u00f1\u00eda del Vicerrector Pbro. Ram\u00f3n Gonz\u00e1lez Ponce y el director espiritual, Pbro. Antonio Roca quienes colaboraron en las misiones de invierno.<\/p>\n<p style=\"text-align: justify;\">El Pbro. C\u00e9sar L\u00f3pez Barrera, prefecto de disciplina de estudiantes de preparatoria del Seminario Menor comparti\u00f3 en entrevista para la pastoral para la comunicaci\u00f3n: \u201cfue una gran experiencia de evangelizaci\u00f3n, tambi\u00e9n hicieron otros tiempos de apostolado como el visiteo al desayunador del P. Chava, teniendo un encuentro cercano con Cristo sufriente en los migrantes y personas que van a recibir el alimento, en este sentido se van sensibilizando para su servicio futuro en la Arquidi\u00f3cesis. El \u00faltimo d\u00eda de misiones visitaron el orfanatorio del \u2018Rancho Nazaret\u2019 en Tecate, fue gratificante compartir con los ni\u00f1os, la alegr\u00eda, el Evangelio, la Eucarist\u00eda y el carisma propio de los j\u00f3venes\u201d.<\/p>\n<p style=\"text-align: justify;\">El d\u00eda 04 de febrero los j\u00f3venes seminaristas del campus Cerro Colorado iniciaron sus clases en la etapa de preparatoria, por lo cual el Pbro. C\u00e9sar L\u00f3pez Barrera pidi\u00f3 oraci\u00f3n a toda la comunidad cat\u00f3lica local para que sigan manteni\u00e9ndose vivas estas vocaciones que el Se\u00f1or regala a la Arquidi\u00f3cesis.<\/p>\n<p><a href=\"https:\/\/iglesiatijuana.org\/web\/wp-content\/uploads\/2020\/02\/e258fdae-59b0-4fe5-bfb5-7762f557001a.jpg\" data-rel=\"lightbox-image-0\" data-rl_title=\"\" data-rl_caption=\"\" title=\"\"><img loading=\"lazy\" decoding=\"async\" class=\"alignnone size-medium wp-image-11121\" src=\"https:\/\/iglesiatijuana.org\/web\/wp-content\/uploads\/2020\/02\/e258fdae-59b0-4fe5-bfb5-7762f557001a-300x225.jpg\" alt=\"\" width=\"300\" height=\"225\" srcset=\"https:\/\/iglesiatijuana.org\/web\/wp-content\/uploads\/2020\/02\/e258fdae-59b0-4fe5-bfb5-7762f557001a-300x225.jpg 300w, https:\/\/iglesiatijuana.org\/web\/wp-content\/uploads\/2020\/02\/e258fdae-59b0-4fe5-bfb5-7762f557001a-768x576.jpg 768w, https:\/\/iglesiatijuana.org\/web\/wp-content\/uploads\/2020\/02\/e258fdae-59b0-4fe5-bfb5-7762f557001a-1024x768.jpg 1024w, https:\/\/iglesiatijuana.org\/web\/wp-content\/uploads\/2020\/02\/e258fdae-59b0-4fe5-bfb5-7762f557001a.jpg 1280w\" sizes=\"auto, (max-width: 300px) 100vw, 300px\" \/><\/a><\/p>\n","protected":false},"excerpt":{"rendered":"<p>Pastoral para la Comunicaci\u00f3n. &#8211;\u00a0 Durante el mes de enero se programan las misiones de invierno para los seminaristas menores que cursan la preparatoria en el Campus del Seminario Menor de la Arquidi\u00f3cesis, mismas&#46;&#46;&#46;<\/p>\n","protected":false},"author":5,"featured_media":11121,"comment_status":"closed","ping_status":"closed","sticky":false,"template":"","format":"standard","meta":{"_exactmetrics_skip_tracking":false,"_exactmetrics_sitenote_active":false,"_exactmetrics_sitenote_note":"","_exactmetrics_sitenote_category":0,"footnotes":""},"categories":[20,14],"tags":[],"class_list":["post-11120","post","type-post","status-publish","format-standard","has-post-thumbnail","hentry","category-evangelio-del-dia","category-ultimas-noticias"],"_links":{"self":[{"href":"https:\/\/iglesiatijuana.org\/web\/wp-json\/wp\/v2\/posts\/11120","targetHints":{"allow":["GET"]}}],"collection":[{"href":"https:\/\/iglesiatijuana.org\/web\/wp-json\/wp\/v2\/posts"}],"about":[{"href":"https:\/\/iglesiatijuana.org\/web\/wp-json\/wp\/v2\/types\/post"}],"author":[{"embeddable":true,"href":"https:\/\/iglesiatijuana.org\/web\/wp-json\/wp\/v2\/users\/5"}],"replies":[{"embeddable":true,"href":"https:\/\/iglesiatijuana.org\/web\/wp-json\/wp\/v2\/comments?post=11120"}],"version-history":[{"count":1,"href":"https:\/\/iglesiatijuana.org\/web\/wp-json\/wp\/v2\/posts\/11120\/revisions"}],"predecessor-version":[{"id":11122,"href":"https:\/\/iglesiatijuana.org\/web\/wp-json\/wp\/v2\/posts\/11120\/revisions\/11122"}],"wp:featuredmedia":[{"embeddable":true,"href":"https:\/\/iglesiatijuana.org\/web\/wp-json\/wp\/v2\/media\/11121"}],"wp:attachment":[{"href":"https:\/\/iglesiatijuana.org\/web\/wp-json\/wp\/v2\/media?parent=11120"}],"wp:term":[{"taxonomy":"category","embeddable":true,"href":"https:\/\/iglesiatijuana.org\/web\/wp-json\/wp\/v2\/categories?post=11120"},{"taxonomy":"post_tag","embeddable":true,"href":"https:\/\/iglesiatijuana.org\/web\/wp-json\/wp\/v2\/tags?post=11120"}],"curies":[{"name":"wp","href":"https:\/\/api.w.org\/{rel}","templated":true}]}}