{"id":11126,"date":"2020-02-17T11:02:11","date_gmt":"2020-02-17T19:02:11","guid":{"rendered":"https:\/\/iglesiatijuana.org\/web\/?p=11126"},"modified":"2020-02-17T11:02:11","modified_gmt":"2020-02-17T19:02:11","slug":"instituciones-internacionales-en-el-vaticano-taller-sobre-inteligencia-artificial","status":"publish","type":"post","link":"https:\/\/iglesiatijuana.org\/web\/instituciones-internacionales-en-el-vaticano-taller-sobre-inteligencia-artificial\/","title":{"rendered":"Instituciones internacionales en el Vaticano: taller sobre Inteligencia Artificial"},"content":{"rendered":"<p style=\"text-align: justify;\">Pastoral para la Comunicaci\u00f3n. \u2013 Con informaci\u00f3n de Vatican News se ha dado a conocer que del 26 al 28 de febrero en el Vaticano tendr\u00e1 lugar un taller sobre Inteligencia Artificial en la que participar\u00e1n entre otros el Presidente de Microsoft y el Presidente del Parlamento Europeo.<\/p>\n<p style=\"text-align: justify;\">Mons. Vincenzo Paglia, Presidente de la Academia Pontificia para la Vida, ha explicado que, en estos a\u00f1os, \u201cla Academia Pontificia para la Vida ha mostrado un inter\u00e9s espec\u00edfico en las nuevas tecnolog\u00edas, dedicando el per\u00edodo de dos a\u00f1os 2019-2020 a los problemas de \u00e9tica y antropolog\u00eda robo-\u00e9tica conectados a la llamada inteligencia artificial\u201d. Estos talleres han sido desarrollados en relaci\u00f3n con lo que le pidi\u00f3 el Papa, quien inst\u00f3 a la Academia a ingresar en los territorios de la ciencia y la tecnolog\u00eda y viajar con valor y discernimiento.<\/p>\n<p style=\"text-align: justify;\">El Taller ha sido organizado por la Academia Pontificia para la Vida y se entiende como una continuidad del taller que la misma academia organiz\u00f3 el a\u00f1o pasado sobre &#8220;Robo\u00e9tica, gente, m\u00e1quinas y salud&#8221; que se celebr\u00f3 dentro de su Asamblea General en febrero de 2019. Por tanto, la Asamblea de 2019 sobre Robo\u00e9tica y la Asamblea de 2020 sobre Inteligencia Artificial se han dise\u00f1ado en conexi\u00f3n entre s\u00ed, para un mejor estudio de las diferentes cuestiones antropol\u00f3gicas y \u00e9ticas relacionadas con el desarrollo de estos campos del conocimiento y la tecnolog\u00eda.<\/p>\n<p><a href=\"https:\/\/iglesiatijuana.org\/web\/wp-content\/uploads\/2020\/02\/416e86e9-827d-4df7-94f5-defb9e54568d.jpg\" data-rel=\"lightbox-image-0\" data-rl_title=\"\" data-rl_caption=\"\" title=\"\"><img loading=\"lazy\" decoding=\"async\" class=\"alignnone size-medium wp-image-11127\" src=\"https:\/\/iglesiatijuana.org\/web\/wp-content\/uploads\/2020\/02\/416e86e9-827d-4df7-94f5-defb9e54568d-300x200.jpg\" alt=\"\" width=\"300\" height=\"200\" srcset=\"https:\/\/iglesiatijuana.org\/web\/wp-content\/uploads\/2020\/02\/416e86e9-827d-4df7-94f5-defb9e54568d-300x200.jpg 300w, https:\/\/iglesiatijuana.org\/web\/wp-content\/uploads\/2020\/02\/416e86e9-827d-4df7-94f5-defb9e54568d.jpg 525w\" sizes=\"auto, (max-width: 300px) 100vw, 300px\" \/><\/a><\/p>\n","protected":false},"excerpt":{"rendered":"<p>Pastoral para la Comunicaci\u00f3n. \u2013 Con informaci\u00f3n de Vatican News se ha dado a conocer que del 26 al 28 de febrero en el Vaticano tendr\u00e1 lugar un taller sobre Inteligencia Artificial en la&#46;&#46;&#46;<\/p>\n","protected":false},"author":5,"featured_media":11127,"comment_status":"closed","ping_status":"closed","sticky":false,"template":"","format":"standard","meta":{"_exactmetrics_skip_tracking":false,"_exactmetrics_sitenote_active":false,"_exactmetrics_sitenote_note":"","_exactmetrics_sitenote_category":0,"footnotes":""},"categories":[20,14],"tags":[],"class_list":["post-11126","post","type-post","status-publish","format-standard","has-post-thumbnail","hentry","category-evangelio-del-dia","category-ultimas-noticias"],"_links":{"self":[{"href":"https:\/\/iglesiatijuana.org\/web\/wp-json\/wp\/v2\/posts\/11126","targetHints":{"allow":["GET"]}}],"collection":[{"href":"https:\/\/iglesiatijuana.org\/web\/wp-json\/wp\/v2\/posts"}],"about":[{"href":"https:\/\/iglesiatijuana.org\/web\/wp-json\/wp\/v2\/types\/post"}],"author":[{"embeddable":true,"href":"https:\/\/iglesiatijuana.org\/web\/wp-json\/wp\/v2\/users\/5"}],"replies":[{"embeddable":true,"href":"https:\/\/iglesiatijuana.org\/web\/wp-json\/wp\/v2\/comments?post=11126"}],"version-history":[{"count":1,"href":"https:\/\/iglesiatijuana.org\/web\/wp-json\/wp\/v2\/posts\/11126\/revisions"}],"predecessor-version":[{"id":11128,"href":"https:\/\/iglesiatijuana.org\/web\/wp-json\/wp\/v2\/posts\/11126\/revisions\/11128"}],"wp:featuredmedia":[{"embeddable":true,"href":"https:\/\/iglesiatijuana.org\/web\/wp-json\/wp\/v2\/media\/11127"}],"wp:attachment":[{"href":"https:\/\/iglesiatijuana.org\/web\/wp-json\/wp\/v2\/media?parent=11126"}],"wp:term":[{"taxonomy":"category","embeddable":true,"href":"https:\/\/iglesiatijuana.org\/web\/wp-json\/wp\/v2\/categories?post=11126"},{"taxonomy":"post_tag","embeddable":true,"href":"https:\/\/iglesiatijuana.org\/web\/wp-json\/wp\/v2\/tags?post=11126"}],"curies":[{"name":"wp","href":"https:\/\/api.w.org\/{rel}","templated":true}]}}