{"id":11129,"date":"2020-02-17T11:04:32","date_gmt":"2020-02-17T19:04:32","guid":{"rendered":"https:\/\/iglesiatijuana.org\/web\/?p=11129"},"modified":"2020-02-17T11:04:32","modified_gmt":"2020-02-17T19:04:32","slug":"obispos-de-mexico-continuidad-y-servicio-en-la-union-de-esfuerzos-por-los-migrantes","status":"publish","type":"post","link":"https:\/\/iglesiatijuana.org\/web\/obispos-de-mexico-continuidad-y-servicio-en-la-union-de-esfuerzos-por-los-migrantes\/","title":{"rendered":"Obispos de M\u00e9xico: continuidad y servicio en la uni\u00f3n de esfuerzos por los migrantes"},"content":{"rendered":"<p style=\"text-align: justify;\">Pastoral para la Comunicaci\u00f3n. &#8211; En comunicado ofrecido por el Equipo Nacional de Pastoral de Migrantes de la Conferencia del Episcopado Mexicano indican que el 6 y 7 de febrero de 2020 \u201cllevamos a cabo una doble jornada de trabajo entre el Equipo Nacional de Pastoral de Migrantes de la CEM encabezado por Mons. Guadalupe Torres Campos, la Secretar\u00eda General de la CEM, responsables de albergues de migrantes de diversas di\u00f3cesis del pa\u00eds, y redes e instituciones que trabajan a favor del migrante; y por parte del gobierno mexicano: el Instituto Nacional de Migraci\u00f3n (INM) representado por el Dr. Francisco Gardu\u00f1o, y organismos como SIPINNA, COMAR, la Procuradur\u00eda DIF, la Secretar\u00eda de Salud y la Secretar\u00eda de Gobernaci\u00f3n a trav\u00e9s de la Direcci\u00f3n General de Asociaciones Religiosas.<\/p>\n<p style=\"text-align: justify;\">Este encuentro tuvo el objetivo de articular los trabajos y servicios de las instituciones participantes para dar seguimiento a dos mesas de trabajo:<\/p>\n<p style=\"text-align: justify;\">1) La clarificaci\u00f3n de la ruta de atenci\u00f3n a ni\u00f1os, ni\u00f1as y adolescentes migrantes no acompa\u00f1ados.<\/p>\n<p style=\"text-align: justify;\">2) Las alternativas de regularizaci\u00f3n y eventual reubicaci\u00f3n de migrantes de las fronteras norte y sur hacia albergues del centro del pa\u00eds.<\/p>\n<p style=\"text-align: justify;\">Este trabajo en conjunto se ha realizado desde diciembre de 2019, y son parte de los acuerdos establecidos con el Instituto Nacional de Migraci\u00f3n desde el mes de agosto de 2019.<\/p>\n<p style=\"text-align: justify;\">Estos dos d\u00edas de trabajo, manifestamos a las autoridades del INM nuestra preocupaci\u00f3n porque las pol\u00edticas migratorias que se est\u00e1n llevando acabo se realicen en estricto respeto a los derechos humanos, se evite al m\u00e1ximo la criminalizaci\u00f3n de los migrantes y se ofrezcan opciones de regularizaci\u00f3n de manera m\u00e1s \u00e1gil y efectiva. Expresamos, tambi\u00e9n, una preocupaci\u00f3n especial por velar siempre por el inter\u00e9s superior de los menores y la no separaci\u00f3n de las familias.<\/p>\n<p style=\"text-align: justify;\">Fruto de este encuentro son principalmente los siguientes acuerdos:<\/p>\n<p style=\"text-align: justify;\">El Instituto Nacional de Migraci\u00f3n se comprometi\u00f3 a ofrecer a los albergues que lo soliciten, una oficina m\u00f3vil de regularizaci\u00f3n del estatus migratorio. La prueba piloto se llevar\u00e1 a cabo durante este mes en los albergues de Tijuana, Nuevo Laredo y San Andr\u00e9s Tuxtla.<\/p>\n<p style=\"text-align: justify;\">El INM se comprometi\u00f3 a facilitar y apoyar a los migrantes que con sus propios recursos opten por el retorno voluntario.<\/p>\n<p style=\"text-align: justify;\">La Conferencia del Episcopado Mexicano, se comprometi\u00f3 a entregar informaci\u00f3n al titular del INM, sobre la red de albergues de la Iglesia cat\u00f3lica y las acciones que realizan, a trav\u00e9s de su Observatorio Nacional.<\/p>\n<p style=\"text-align: justify;\">Se programar\u00e1n visitas a las estaciones migratorias, albergues temporales y albergues de la Iglesia Cat\u00f3lica.<\/p>\n<p style=\"text-align: justify;\">Se programar\u00e1n conversatorios con autoridades federales y locales para la socializaci\u00f3n de la ruta y la capacitaci\u00f3n sobre los est\u00e1ndares de protecci\u00f3n a ni\u00f1os ni\u00f1as y adolescentes migrantes no acompa\u00f1ados.<\/p>\n<p style=\"text-align: justify;\">Implementar un formato de procedimiento de recepci\u00f3n, canalizaci\u00f3n y salida de ni\u00f1os, ni\u00f1as y adolescentes migrantes no acompa\u00f1ados para albergues.<br \/>\nUn pr\u00f3ximo encuentro se llevar\u00e1 a cabo el 13 de marzo de este mismo a\u00f1o para dar seguimiento a estos acuerdos y avanzar en la colaboraci\u00f3n y uni\u00f3n de esfuerzos por los migrantes.<\/p>\n<p style=\"text-align: justify;\">Somos conscientes del necesario trabajo y colaboraci\u00f3n entre instituciones para mantener una pol\u00edtica migratoria donde primen los derechos humanos, la atenci\u00f3n y salvaguarda a nuestros hermanos migrantes.<\/p>\n<p style=\"text-align: justify;\">\n<p style=\"text-align: center;\">EQUIPO NACIONAL DE MOVILIDAD HUMANA<\/p>\n<p style=\"text-align: center;\">+Jos\u00e9 Guadalupe Torres Campos<\/p>\n<p style=\"text-align: center;\">Responsable de la Dimensi\u00f3n Episcopal de Pastoral de Movilidad Humana de la Conferencia Episcopal Mexicana<\/p>\n<p><a href=\"https:\/\/iglesiatijuana.org\/web\/wp-content\/uploads\/2020\/02\/2094f83b-f8c2-47c7-89dd-f92f3e407dd4.jpg\" data-rel=\"lightbox-image-0\" data-rl_title=\"\" data-rl_caption=\"\" title=\"\"><img loading=\"lazy\" decoding=\"async\" class=\"alignnone size-medium wp-image-11130\" src=\"https:\/\/iglesiatijuana.org\/web\/wp-content\/uploads\/2020\/02\/2094f83b-f8c2-47c7-89dd-f92f3e407dd4-300x180.jpg\" alt=\"\" width=\"300\" height=\"180\" srcset=\"https:\/\/iglesiatijuana.org\/web\/wp-content\/uploads\/2020\/02\/2094f83b-f8c2-47c7-89dd-f92f3e407dd4-300x180.jpg 300w, https:\/\/iglesiatijuana.org\/web\/wp-content\/uploads\/2020\/02\/2094f83b-f8c2-47c7-89dd-f92f3e407dd4.jpg 750w\" sizes=\"auto, (max-width: 300px) 100vw, 300px\" \/><\/a><\/p>\n","protected":false},"excerpt":{"rendered":"<p>Pastoral para la Comunicaci\u00f3n. &#8211; En comunicado ofrecido por el Equipo Nacional de Pastoral de Migrantes de la Conferencia del Episcopado Mexicano indican que el 6 y 7 de febrero de 2020 \u201cllevamos a&#46;&#46;&#46;<\/p>\n","protected":false},"author":5,"featured_media":11130,"comment_status":"closed","ping_status":"closed","sticky":false,"template":"","format":"standard","meta":{"_exactmetrics_skip_tracking":false,"_exactmetrics_sitenote_active":false,"_exactmetrics_sitenote_note":"","_exactmetrics_sitenote_category":0,"footnotes":""},"categories":[20,14],"tags":[],"class_list":["post-11129","post","type-post","status-publish","format-standard","has-post-thumbnail","hentry","category-evangelio-del-dia","category-ultimas-noticias"],"_links":{"self":[{"href":"https:\/\/iglesiatijuana.org\/web\/wp-json\/wp\/v2\/posts\/11129","targetHints":{"allow":["GET"]}}],"collection":[{"href":"https:\/\/iglesiatijuana.org\/web\/wp-json\/wp\/v2\/posts"}],"about":[{"href":"https:\/\/iglesiatijuana.org\/web\/wp-json\/wp\/v2\/types\/post"}],"author":[{"embeddable":true,"href":"https:\/\/iglesiatijuana.org\/web\/wp-json\/wp\/v2\/users\/5"}],"replies":[{"embeddable":true,"href":"https:\/\/iglesiatijuana.org\/web\/wp-json\/wp\/v2\/comments?post=11129"}],"version-history":[{"count":1,"href":"https:\/\/iglesiatijuana.org\/web\/wp-json\/wp\/v2\/posts\/11129\/revisions"}],"predecessor-version":[{"id":11131,"href":"https:\/\/iglesiatijuana.org\/web\/wp-json\/wp\/v2\/posts\/11129\/revisions\/11131"}],"wp:featuredmedia":[{"embeddable":true,"href":"https:\/\/iglesiatijuana.org\/web\/wp-json\/wp\/v2\/media\/11130"}],"wp:attachment":[{"href":"https:\/\/iglesiatijuana.org\/web\/wp-json\/wp\/v2\/media?parent=11129"}],"wp:term":[{"taxonomy":"category","embeddable":true,"href":"https:\/\/iglesiatijuana.org\/web\/wp-json\/wp\/v2\/categories?post=11129"},{"taxonomy":"post_tag","embeddable":true,"href":"https:\/\/iglesiatijuana.org\/web\/wp-json\/wp\/v2\/tags?post=11129"}],"curies":[{"name":"wp","href":"https:\/\/api.w.org\/{rel}","templated":true}]}}