{"id":11178,"date":"2020-02-25T14:29:38","date_gmt":"2020-02-25T22:29:38","guid":{"rendered":"https:\/\/iglesiatijuana.org\/web\/?p=11178"},"modified":"2020-02-25T14:29:00","modified_gmt":"2020-02-25T22:29:00","slug":"purificados-y-renovados-vivamos-esta-experiencia-de-cristo-que-sufre-muere-y-resucita-por-nosotros-sr-arz-francisco-moreno-barron","status":"publish","type":"post","link":"https:\/\/iglesiatijuana.org\/web\/purificados-y-renovados-vivamos-esta-experiencia-de-cristo-que-sufre-muere-y-resucita-por-nosotros-sr-arz-francisco-moreno-barron\/","title":{"rendered":"\u201cPurificados y renovados vivamos esta experiencia de Cristo que sufre, muere y resucita por nosotros\u201d, Sr. Arz. Francisco Moreno Barr\u00f3n"},"content":{"rendered":"<p style=\"text-align: justify;\">Pastoral para la comunicaci\u00f3n. &#8211; El tiempo de la Cuaresma rememora los cuarenta a\u00f1os que el pueblo de Israel pas\u00f3 en el desierto mientras se encaminaba hacia la tierra prometida, con todo lo que implic\u00f3 de fatiga, lucha, hambre, sed y cansancio&#8230;pero al fin el pueblo elegido goz\u00f3 de esa tierra maravillosa, que destilaba miel y frutos suculentos (\u00c9xodo 16 y siguientes).<\/p>\n<p style=\"text-align: justify;\">La Cuaresma es el tiempo fuerte del a\u00f1o que nos prepara para la Pascua o Domingo de Resurrecci\u00f3n del Se\u00f1or, cima del a\u00f1o lit\u00fargico, donde celebramos la victoria de Cristo sobre el pecado, la muerte y el mal, y por lo mismo, la Pascua es la fiesta de alegr\u00eda porque Dios nos hizo pasar de las tinieblas a la luz, del ayuno a la comida, de la tristeza al gozo profundo, de la muerte a la vida.<\/p>\n<p style=\"text-align: justify;\">Iniciamos este mi\u00e9rcoles de ceniza (26 de febrero) el tiempo fuerte. Cuarenta d\u00edas para volver el coraz\u00f3n a Dios y a los hermanos. Tiempo de conversi\u00f3n.<\/p>\n<p style=\"text-align: justify;\">El Sr. Arz. Francisco Moreno Barr\u00f3n dijo sobre este tiempo propicio para la reflexi\u00f3n: \u201cLes invito a vivir intensamente este tiempo de gracia, intensificando nuestra vida de oraci\u00f3n con Dios, quien sabemos que nos ama, que escucha nuestra oraci\u00f3n y responde a ella. Este itinerario, tambi\u00e9n es propicio para sacrificar los sentidos corporales, no para que Dios y los dem\u00e1s consideren que somos buenos, sino para disponernos a recibir las gracias que Dios nos tiene preparadas en esta cuaresma\u201d.<\/p>\n<p style=\"text-align: justify;\">\u201cQue este camino cuaresmal, &#8211; Contin\u00fao el Arzobispo &#8211; sea la oportunidad de una conversi\u00f3n profunda de nuestra vida, disfrutando de la relaci\u00f3n con Dios, de la relaci\u00f3n con Cristo Jes\u00fas como Se\u00f1or y Salvador descubriendo su rostro en todas las personas que nos rodean y d\u00e1ndoles una respuesta de amor efectiva\u201d.<\/p>\n<p style=\"text-align: justify;\">El catecismo de la Iglesia dice que: \u201cLa Iglesia se une todos los a\u00f1os, durante los cuarenta d\u00edas de la Gran Cuaresma, al Misterio de Jes\u00fas en el desierto\u201d.<\/p>\n<p style=\"text-align: justify;\">Propone el ejemplo de Cristo en su retiro al desierto, como preparaci\u00f3n de las solemnidades pascuales. Este tiempo es particularmente apropiado para los ejercicios espirituales, las liturgias penitenciales, las peregrinaciones como signo de penitencia, las privaciones voluntarias como el ayuno y la limosna, y la comunicaci\u00f3n cristiana de bienes (obras caritativas y misioneras).<\/p>\n<p style=\"text-align: justify;\">\u201cQue pasada la cuaresma podamos vivir con gozo la experiencia de Cristo que muere y resucita por nuestra salvaci\u00f3n\u201d. Finaliz\u00f3 el Sr. Arz. Francisco Moreno Barr\u00f3n en su reflexi\u00f3n sobre la cuaresma.<\/p>\n<p><a href=\"https:\/\/iglesiatijuana.org\/web\/wp-content\/uploads\/2020\/02\/87488522_10157852186894089_8928132076507496448_o.jpg\" data-rel=\"lightbox-image-0\" data-rl_title=\"\" data-rl_caption=\"\" title=\"\"><img loading=\"lazy\" decoding=\"async\" class=\"alignnone size-medium wp-image-11179\" src=\"https:\/\/iglesiatijuana.org\/web\/wp-content\/uploads\/2020\/02\/87488522_10157852186894089_8928132076507496448_o-300x200.jpg\" alt=\"\" width=\"300\" height=\"200\" srcset=\"https:\/\/iglesiatijuana.org\/web\/wp-content\/uploads\/2020\/02\/87488522_10157852186894089_8928132076507496448_o-300x200.jpg 300w, https:\/\/iglesiatijuana.org\/web\/wp-content\/uploads\/2020\/02\/87488522_10157852186894089_8928132076507496448_o-768x512.jpg 768w, https:\/\/iglesiatijuana.org\/web\/wp-content\/uploads\/2020\/02\/87488522_10157852186894089_8928132076507496448_o-1024x683.jpg 1024w, https:\/\/iglesiatijuana.org\/web\/wp-content\/uploads\/2020\/02\/87488522_10157852186894089_8928132076507496448_o.jpg 2048w\" sizes=\"auto, (max-width: 300px) 100vw, 300px\" \/><\/a><\/p>\n","protected":false},"excerpt":{"rendered":"<p>Pastoral para la comunicaci\u00f3n. &#8211; El tiempo de la Cuaresma rememora los cuarenta a\u00f1os que el pueblo de Israel pas\u00f3 en el desierto mientras se encaminaba hacia la tierra prometida, con todo lo que&#46;&#46;&#46;<\/p>\n","protected":false},"author":5,"featured_media":11179,"comment_status":"closed","ping_status":"closed","sticky":false,"template":"","format":"standard","meta":{"_exactmetrics_skip_tracking":false,"_exactmetrics_sitenote_active":false,"_exactmetrics_sitenote_note":"","_exactmetrics_sitenote_category":0,"footnotes":""},"categories":[20,14],"tags":[],"class_list":["post-11178","post","type-post","status-publish","format-standard","has-post-thumbnail","hentry","category-evangelio-del-dia","category-ultimas-noticias"],"_links":{"self":[{"href":"https:\/\/iglesiatijuana.org\/web\/wp-json\/wp\/v2\/posts\/11178","targetHints":{"allow":["GET"]}}],"collection":[{"href":"https:\/\/iglesiatijuana.org\/web\/wp-json\/wp\/v2\/posts"}],"about":[{"href":"https:\/\/iglesiatijuana.org\/web\/wp-json\/wp\/v2\/types\/post"}],"author":[{"embeddable":true,"href":"https:\/\/iglesiatijuana.org\/web\/wp-json\/wp\/v2\/users\/5"}],"replies":[{"embeddable":true,"href":"https:\/\/iglesiatijuana.org\/web\/wp-json\/wp\/v2\/comments?post=11178"}],"version-history":[{"count":1,"href":"https:\/\/iglesiatijuana.org\/web\/wp-json\/wp\/v2\/posts\/11178\/revisions"}],"predecessor-version":[{"id":11180,"href":"https:\/\/iglesiatijuana.org\/web\/wp-json\/wp\/v2\/posts\/11178\/revisions\/11180"}],"wp:featuredmedia":[{"embeddable":true,"href":"https:\/\/iglesiatijuana.org\/web\/wp-json\/wp\/v2\/media\/11179"}],"wp:attachment":[{"href":"https:\/\/iglesiatijuana.org\/web\/wp-json\/wp\/v2\/media?parent=11178"}],"wp:term":[{"taxonomy":"category","embeddable":true,"href":"https:\/\/iglesiatijuana.org\/web\/wp-json\/wp\/v2\/categories?post=11178"},{"taxonomy":"post_tag","embeddable":true,"href":"https:\/\/iglesiatijuana.org\/web\/wp-json\/wp\/v2\/tags?post=11178"}],"curies":[{"name":"wp","href":"https:\/\/api.w.org\/{rel}","templated":true}]}}