{"id":11232,"date":"2020-03-04T13:42:30","date_gmt":"2020-03-04T21:42:30","guid":{"rendered":"https:\/\/iglesiatijuana.org\/web\/?p=11232"},"modified":"2020-03-04T13:42:30","modified_gmt":"2020-03-04T21:42:30","slug":"marcha-por-la-vida-y-la-paz-xx-anos-caminando-juntos","status":"publish","type":"post","link":"https:\/\/iglesiatijuana.org\/web\/marcha-por-la-vida-y-la-paz-xx-anos-caminando-juntos\/","title":{"rendered":"Marcha por la Vida y la Paz, XX a\u00f1os caminando juntos"},"content":{"rendered":"<p style=\"text-align: justify;\">La XX Marcha por la Vida y la Paz, cuyo lema es \u201cLa paz les dejo, mi paz les doy\u201d, se llevar\u00e1 a cabo en nuestra Arquidi\u00f3cesis de Tijuana el pr\u00f3ximo domingo 08 de marzo. Partir\u00e1 a las 8:30 a.m. del ex Toreo de Tijuana para concluir en el Auditorio Municipal de la ciudad donde se celebrar\u00e1 la Santa Misa con todos los asistentes.<\/p>\n<p style=\"text-align: justify;\">En Rueda de Prensa estuvieron el Sr. Arzobispo Metropolitano Francisco Moreno Barr\u00f3n, El Pbro. Lic. Israel Angeles Gil, Vicario Episcopal de la Arquidi\u00f3cesis de Tijuana, el Pbro. Benigno Medrano Flores, coordinador Eclesial de la Pastoral Educativa, Iris Ju\u00e1rez, Directora de Asuntos Religiosos del XXIII Ayuntamiento de Tijuana, Ver\u00f3nica Judith Corona Gonz\u00e1lez, Directora de Protecci\u00f3n al Ambiente dando detalles de este evento programado para el fin de semana siguiente.<\/p>\n<p style=\"text-align: justify;\">\u201cInvito a la comunidad de Baja California y Tijuana a la XX Marcha por la Vida y la Paz, 20 a\u00f1os caminando juntos. Esta Marcha quiere ser una proclamaci\u00f3n de la vida, la vida de toda la creaci\u00f3n que es obra de Dios y en particular la vida humana, porque Dios puso en el centro de la obra creadora al hombre y a la mujer, diferentes para complementarse y seguir construyendo, embelleciendo y dirigiendo esta obra de la creaci\u00f3n. Este mundo en el que vivimos es nuestra casa com\u00fan y hemos de promoverla y cuidarla, eso requiere que nos promovamos y valoremos los seres humanos.\u201d, dijo durante la rueda de prensa el Arzobispo Metropolitano, Mons. Francisco Moreno Barr\u00f3n.<\/p>\n<p style=\"text-align: justify;\">No se trata de un evento de confrontaci\u00f3n ni tampoco se trata de una protesta sencillamente se trata de proclamar estos valores y hacer un compromiso de colaborar en la edificaci\u00f3n de una mejor sociedad. Creemos que esta marcha tendr\u00e1 muchos frutos en la vida de la comunidad, es importante darle el lugar que le corresponde a la familia para que siga dando su aporte en la construcci\u00f3n de la sociedad, \u2018Destruyamos la familia y destruiremos a la sociedad\u2019. Otro aspecto importante de la Marcha es la Paz, anhelamos en Tijuana y en Baja California vivir en Paz, estamos rodeados de muchas expresiones de violencia contra las personas, contra sus bienes y es necesario que la sociedad se exprese ante la sociedad y las mismas autoridades correspondientes de manera que juntos unamos esfuerzos para poder vivir en paz en nuestra sociedad.\u00a0 destac\u00f3 el Arzobispo, Francisco Moreno Barr\u00f3n.<\/p>\n<p style=\"text-align: justify;\">\u00a0Por su parte el Coordinador Eclesial de la Pastoral Educativa, Pbro. Benigno Medrano Flores, dijo que esta marcha tiene momentos importantes, uno de ellos es la oraci\u00f3n, en el cual le pedimos a Jes\u00fas presente en la Eucarist\u00eda por la paz, en nuestro pa\u00eds, nuestro estado y principalmente en nuestra ciudad. Adem\u00e1s, caminaremos algunas calles saliendo del ex toreo a las 8:30 am a Cuauht\u00e9moc Sur, por Zona R\u00edo, paseo de los H\u00e9roes, Abelardo L Rodr\u00edguez para retomar Av. Agua Caliente donde culminaremos en un tercer momento que es la celebraci\u00f3n Eucar\u00edstica que presidir\u00e1 Don Francisco Moreno Barr\u00f3n en el Auditorio Municipal. \u201cInvitamos a toda la comunidad a orar para que realmente haya esos frutos de paz que todos anhelamos que nace en el coraz\u00f3n del hombre, se vive en la familia y se proyecta en la sociedad\u201d, les recordamos que este d\u00eda hay cambio de hora para prever el tiempo de llegada para salir a tiempo, dijo el Padre Benigno.<\/p>\n<p style=\"text-align: justify;\">Este a\u00f1o a la XX Marcha por la Paz y la Vida se suma el Ayuntamiento a trav\u00e9s de su proyecto de Ecolog\u00eda, invitando a la sociedad a plantar un \u00e1rbol \u2018Siembra vida, planta un \u00e1rbol\u2019. En su participaci\u00f3n la Directora de Protecci\u00f3n al Ambiente, Ver\u00f3nica Judith Corona Gonz\u00e1lez comparti\u00f3: \u201cTijuana es nuestra, queremos resaltar en esta marcha el valor ambiental, necesitamos una mejor calidad de vida, respirar aire puro, etc. El hecho de caminar con un \u00e1rbol en la Marcha va m\u00e1s all\u00e1 de pintar la ciudad de colores, va en el sentido de cuidar al ser que nos da vida, nos genera beneficios ambientales. Cuidemos nuestro ambiente, cuidemos nuestra casa com\u00fan\u201d.<\/p>\n<p style=\"text-align: justify;\">Sin paz autentica, no hay progreso en las comunidades y los pueblos. Hago un llamado a toda la comunidad a participar de esta Marcha, que tendr\u00e1 un tono de gozo, es una Marcha que aporta a la edificaci\u00f3n de una mejor sociedad y si bien convoca la Iglesia Cat\u00f3lica, est\u00e1 abierta para todos los que quieran participar. Concluyo en Rueda de prensa el Sr. Arzobispo Metropolitano, Francisco Moreno Barr\u00f3n.<\/p>\n<p style=\"text-align: justify;\">A los participantes les invitamos a usar alg\u00fan distintivo blanco, as\u00ed como un mensaje a favor de la vida y la paz de esta manera vamos educando en los valores propios de la Marcha.<\/p>\n<p><a href=\"https:\/\/iglesiatijuana.org\/web\/wp-content\/uploads\/2020\/03\/87477018_10157874660429089_5577662014844567552_o.jpg\" data-rel=\"lightbox-image-0\" data-rl_title=\"\" data-rl_caption=\"\" title=\"\"><img loading=\"lazy\" decoding=\"async\" class=\"alignnone size-medium wp-image-11233\" src=\"https:\/\/iglesiatijuana.org\/web\/wp-content\/uploads\/2020\/03\/87477018_10157874660429089_5577662014844567552_o-300x188.jpg\" alt=\"\" width=\"300\" height=\"188\" srcset=\"https:\/\/iglesiatijuana.org\/web\/wp-content\/uploads\/2020\/03\/87477018_10157874660429089_5577662014844567552_o-300x188.jpg 300w, https:\/\/iglesiatijuana.org\/web\/wp-content\/uploads\/2020\/03\/87477018_10157874660429089_5577662014844567552_o-768x480.jpg 768w, https:\/\/iglesiatijuana.org\/web\/wp-content\/uploads\/2020\/03\/87477018_10157874660429089_5577662014844567552_o-1024x641.jpg 1024w, https:\/\/iglesiatijuana.org\/web\/wp-content\/uploads\/2020\/03\/87477018_10157874660429089_5577662014844567552_o.jpg 2048w\" sizes=\"auto, (max-width: 300px) 100vw, 300px\" \/><\/a><\/p>\n<p>&nbsp;<\/p>\n","protected":false},"excerpt":{"rendered":"<p>La XX Marcha por la Vida y la Paz, cuyo lema es \u201cLa paz les dejo, mi paz les doy\u201d, se llevar\u00e1 a cabo en nuestra Arquidi\u00f3cesis de Tijuana el pr\u00f3ximo domingo 08 de&#46;&#46;&#46;<\/p>\n","protected":false},"author":5,"featured_media":11233,"comment_status":"closed","ping_status":"closed","sticky":false,"template":"","format":"standard","meta":{"_exactmetrics_skip_tracking":false,"_exactmetrics_sitenote_active":false,"_exactmetrics_sitenote_note":"","_exactmetrics_sitenote_category":0,"footnotes":""},"categories":[20,14],"tags":[],"class_list":["post-11232","post","type-post","status-publish","format-standard","has-post-thumbnail","hentry","category-evangelio-del-dia","category-ultimas-noticias"],"_links":{"self":[{"href":"https:\/\/iglesiatijuana.org\/web\/wp-json\/wp\/v2\/posts\/11232","targetHints":{"allow":["GET"]}}],"collection":[{"href":"https:\/\/iglesiatijuana.org\/web\/wp-json\/wp\/v2\/posts"}],"about":[{"href":"https:\/\/iglesiatijuana.org\/web\/wp-json\/wp\/v2\/types\/post"}],"author":[{"embeddable":true,"href":"https:\/\/iglesiatijuana.org\/web\/wp-json\/wp\/v2\/users\/5"}],"replies":[{"embeddable":true,"href":"https:\/\/iglesiatijuana.org\/web\/wp-json\/wp\/v2\/comments?post=11232"}],"version-history":[{"count":1,"href":"https:\/\/iglesiatijuana.org\/web\/wp-json\/wp\/v2\/posts\/11232\/revisions"}],"predecessor-version":[{"id":11234,"href":"https:\/\/iglesiatijuana.org\/web\/wp-json\/wp\/v2\/posts\/11232\/revisions\/11234"}],"wp:featuredmedia":[{"embeddable":true,"href":"https:\/\/iglesiatijuana.org\/web\/wp-json\/wp\/v2\/media\/11233"}],"wp:attachment":[{"href":"https:\/\/iglesiatijuana.org\/web\/wp-json\/wp\/v2\/media?parent=11232"}],"wp:term":[{"taxonomy":"category","embeddable":true,"href":"https:\/\/iglesiatijuana.org\/web\/wp-json\/wp\/v2\/categories?post=11232"},{"taxonomy":"post_tag","embeddable":true,"href":"https:\/\/iglesiatijuana.org\/web\/wp-json\/wp\/v2\/tags?post=11232"}],"curies":[{"name":"wp","href":"https:\/\/api.w.org\/{rel}","templated":true}]}}