{"id":11363,"date":"2020-03-25T06:00:48","date_gmt":"2020-03-25T13:00:48","guid":{"rendered":"https:\/\/iglesiatijuana.org\/web\/?p=11363"},"modified":"2020-03-24T14:39:32","modified_gmt":"2020-03-24T21:39:32","slug":"laudes-miercoles-iv-semana-de-cuaresma-2020","status":"publish","type":"post","link":"https:\/\/iglesiatijuana.org\/web\/laudes-miercoles-iv-semana-de-cuaresma-2020\/","title":{"rendered":"Laudes &#8211; MI\u00c9RCOLES IV SEMANA DE CUARESMA 2020"},"content":{"rendered":"<p><strong>Mi\u00e9rcoles, 25 de marzo de 2020<\/strong><\/p>\n<p>&nbsp;<\/p>\n<ol>\n<li>Se\u00f1or, abre mis labios.<\/li>\n<li>Y mi boca proclamar\u00e1 tu alabanza.<\/li>\n<li>Dios m\u00edo, ven en mi auxilio.<\/li>\n<li>Se\u00f1or, date prisa en socorrerme.<\/li>\n<\/ol>\n<p>Gloria al Padre, y al Hijo, y al Esp\u00edritu Santo. Como era en el principio, ahora y siempre, por los siglos de los siglos. Am\u00e9n. Aleluya.<\/p>\n<p>&nbsp;<\/p>\n<p><strong>Himno 1<\/strong><\/p>\n<p>Este es el d\u00eda del Se\u00f1or.<\/p>\n<p>Este es el tiempo de la misericordia.<\/p>\n<p>Delante de tus ojos<\/p>\n<p>ya no enrojeceremos<\/p>\n<p>a causa del antiguo<\/p>\n<p>pecado de tu pueblo.<\/p>\n<p>Arrancar\u00e1s de cuajo<\/p>\n<p>el coraz\u00f3n soberbio<\/p>\n<p>y har\u00e1s un pueblo humilde<\/p>\n<p>de coraz\u00f3n sincero.<\/p>\n<p>En medio de las gentes<\/p>\n<p>nos guardas como un resto<\/p>\n<p>para cantar tus obras<\/p>\n<p>y adelantar tu reino.<\/p>\n<p>Seremos raza nueva<\/p>\n<p>para los cielos nuevos;<\/p>\n<p>sacerdotal estirpe,<\/p>\n<p>seg\u00fan tu Primog\u00e9nito.<\/p>\n<p>Caer\u00e1n los opresores<\/p>\n<p>y exultar\u00e1n los siervos;<\/p>\n<p>los hijos del oprobio<\/p>\n<p>ser\u00e1n tus herederos.<\/p>\n<p>Se\u00f1alar\u00e1s entonces<\/p>\n<p>el d\u00eda del regreso<\/p>\n<p>para los que com\u00edan<\/p>\n<p>su pan en el destierro.<\/p>\n<p>\u00a1Exulten mis entra\u00f1as!<\/p>\n<p>\u00a1Al\u00e9grese mi pueblo!<\/p>\n<p>Porque el Se\u00f1or que es justo<\/p>\n<p>revoca sus decretos.<\/p>\n<p>La salvaci\u00f3n se anuncia<\/p>\n<p>donde acech\u00f3 el infierno,<\/p>\n<p>porque el Se\u00f1or habita<\/p>\n<p>en medio de su pueblo.<\/p>\n<p>&nbsp;<\/p>\n<p><strong>Salmodia<\/strong><\/p>\n<p>Ant\u00edfona 1: Dios m\u00edo, mi coraz\u00f3n est\u00e1 firme.<\/p>\n<p>&nbsp;<\/p>\n<p>Salmo 107<\/p>\n<p>&nbsp;<\/p>\n<p><strong>Alabanza al Se\u00f1or y petici\u00f3n de auxilio<\/strong><\/p>\n<p>&nbsp;<\/p>\n<p><em>Porque Cristo se ha elevado sobre el cielo, su gloria se anuncia sobre toda la tierra. (Arnobio)<\/em><\/p>\n<p>&nbsp;<\/p>\n<p>Dios m\u00edo, mi coraz\u00f3n est\u00e1 firme,<\/p>\n<p>para ti cantar\u00e9 y tocar\u00e9, gloria m\u00eda.<\/p>\n<p>Despertad, c\u00edtara y arpa<\/p>\n<p>despertar\u00e9 a la aurora.<\/p>\n<p>&nbsp;<\/p>\n<p>Te dar\u00e9 gracias ante los pueblos, Se\u00f1or;<\/p>\n<p>tocar\u00e9 para ti ante las naciones:<\/p>\n<p>por tu bondad, que es m\u00e1s grande que los cielos;<\/p>\n<p>por tu fidelidad, que alcanza a las nubes.<\/p>\n<p>&nbsp;<\/p>\n<p>El\u00e9vate sobre el cielo, Dios m\u00edo,<\/p>\n<p>y llene la tierra tu gloria;<\/p>\n<p>para que se salven tus predilectos,<\/p>\n<p>que tu mano salvadora nos responda.<\/p>\n<p>&nbsp;<\/p>\n<p>Dios habl\u00f3 en su santuario:<\/p>\n<p>\u00abTriunfante, ocupar\u00e9 Siqu\u00e9n,<\/p>\n<p>parcelar\u00e9 el valle de Sucot;<\/p>\n<p>&nbsp;<\/p>\n<p>m\u00edo es Galaad, m\u00edo Manas\u00e9s,<\/p>\n<p>Efra\u00edn es yelmo de mi cabeza,<\/p>\n<p>Jud\u00e1 es mi cetro;<\/p>\n<p>&nbsp;<\/p>\n<p>Moab, una jofaina para lavarme;<\/p>\n<p>sobre Edom echo mi sandalia,<\/p>\n<p>sobre Filistea canto victoria.\u00bb<\/p>\n<p>&nbsp;<\/p>\n<p>Pero, \u00bfqui\u00e9n me guiar\u00e1 a la plaza fuerte,<\/p>\n<p>qui\u00e9n me conducir\u00e1 a Edom,<\/p>\n<p>si t\u00fa, oh Dios, nos has rechazado<\/p>\n<p>y no sales ya con nuestras tropas?<\/p>\n<p>&nbsp;<\/p>\n<p>Aux\u00edlianos contra el enemigo,<\/p>\n<p>que la ayuda del hombre es in\u00fatil.<\/p>\n<p>Con Dios haremos proezas,<\/p>\n<p>\u00e9l pisotear\u00e1 a nuestros enemigos.<\/p>\n<p>&nbsp;<\/p>\n<p><strong>Ant\u00edfona 2<\/strong>: El Se\u00f1or me ha vestido un traje de gala y de triunfo.<\/p>\n<p>&nbsp;<\/p>\n<p>Is 61,10-62,5<\/p>\n<p>&nbsp;<\/p>\n<p><strong>Alegr\u00eda del profeta ante la nueva Jerusal\u00e9n<\/strong><\/p>\n<p>&nbsp;<\/p>\n<p>Vi la ciudad santa, la nueva Jerusal\u00e9n\u2026, arreglada como una novia que se adorna para su esposo. (Ap 21,2)<\/p>\n<p>&nbsp;<\/p>\n<p>Desbordo de gozo con el Se\u00f1or,<\/p>\n<p>y me alegro con mi Dios:<\/p>\n<p>porque me ha vestido un traje de gala<\/p>\n<p>y me ha envuelto en un manto de triunfo,<\/p>\n<p>como novio que se pone la corona,<\/p>\n<p>o novia que se adorna con sus joyas.<\/p>\n<p>&nbsp;<\/p>\n<p>Como el suelo echa sus brotes,<\/p>\n<p>como un jard\u00edn hace brotar sus semillas,<\/p>\n<p>as\u00ed el Se\u00f1or har\u00e1 brotar la justicia<\/p>\n<p>y los himnos ante todos los pueblos.<\/p>\n<p>&nbsp;<\/p>\n<p>Por amor de Si\u00f3n no callar\u00e9,<\/p>\n<p>por amor de Jerusal\u00e9n no descansar\u00e9,<\/p>\n<p>hasta que rompa la aurora de su justicia,<\/p>\n<p>y su salvaci\u00f3n llamee como antorcha.<\/p>\n<p>&nbsp;<\/p>\n<p>Los pueblos ver\u00e1n tu justicia,<\/p>\n<p>y los reyes tu gloria;<\/p>\n<p>te pondr\u00e1n un nombre nuevo,<\/p>\n<p>pronunciado por la boca del Se\u00f1or.<\/p>\n<p>&nbsp;<\/p>\n<p>Ser\u00e1s corona f\u00falgida en la mano del Se\u00f1or<\/p>\n<p>y diadema real en la palma de tu Dios.<\/p>\n<p>&nbsp;<\/p>\n<p>Ya no te llamar\u00e1n \u00abAbandonada\u00bb,<\/p>\n<p>ni a tu tierra \u00abDevastada\u00bb;<\/p>\n<p>a ti te llamar\u00e1n \u00abMi favorita\u00bb,<\/p>\n<p>y a tu tierra \u00abDesposada\u00bb,<\/p>\n<p>porque el Se\u00f1or te prefiere a ti,<\/p>\n<p>y tu tierra tendr\u00e1 marido.<\/p>\n<p>&nbsp;<\/p>\n<p>Como un joven se casa con su novia,<\/p>\n<p>as\u00ed te desposa el que te construy\u00f3;<\/p>\n<p>la alegr\u00eda que encuentra el marido con su esposa,<\/p>\n<p>la encontrar\u00e1 tu Dios contigo.<\/p>\n<p>&nbsp;<\/p>\n<p><strong>Ant\u00edfona 3:<\/strong> Alabar\u00e9 al Se\u00f1or mientras viva.<\/p>\n<p>&nbsp;<\/p>\n<p>Salmo 145<\/p>\n<p>&nbsp;<\/p>\n<p><strong>Felicidad de los que esperan en Dios<\/strong><\/p>\n<p>&nbsp;<\/p>\n<p>Alabemos al Se\u00f1or mientras vivimos, es decir, con nuestras obras. (Arnobio)<\/p>\n<p>&nbsp;<\/p>\n<p>Alaba, alma m\u00eda, al Se\u00f1or:<\/p>\n<p>alabar\u00e9 al Se\u00f1or mientras viva,<\/p>\n<p>ta\u00f1er\u00e9 para mi Dios mientras exista.<\/p>\n<p>&nbsp;<\/p>\n<p>No confi\u00e9is en los pr\u00edncipes,<\/p>\n<p>seres de polvo que no pueden salvar;<\/p>\n<p>exhalan el esp\u00edritu y vuelven al polvo,<\/p>\n<p>ese d\u00eda perecen sus planes.<\/p>\n<p>&nbsp;<\/p>\n<p>Dichoso a quien auxilia el Dios de Jacob,<\/p>\n<p>el que espera en el Se\u00f1or, su Dios,<\/p>\n<p>que hizo el cielo y la tierra,<\/p>\n<p>el mar y cuanto hay en \u00e9l;<\/p>\n<p>&nbsp;<\/p>\n<p>que mantiene su fidelidad perpetuamente,<\/p>\n<p>que hace justicia a los oprimidos,<\/p>\n<p>que da pan a los hambrientos.<\/p>\n<p>&nbsp;<\/p>\n<p>El Se\u00f1or liberta a los cautivos,<\/p>\n<p>el Se\u00f1or abre los ojos al ciego,<\/p>\n<p>el Se\u00f1or endereza a los que ya se doblan,<\/p>\n<p>el Se\u00f1or ama a los justos.<\/p>\n<p>&nbsp;<\/p>\n<p>El Se\u00f1or guarda a los peregrinos,<\/p>\n<p>sustenta al hu\u00e9rfano y a la viuda<\/p>\n<p>y trastorna el camino de los malvados.<\/p>\n<p>&nbsp;<\/p>\n<p>El Se\u00f1or reina eternamente,<\/p>\n<p>tu Dios, Si\u00f3n, de edad en edad.<\/p>\n<p>&nbsp;<\/p>\n<p><strong>Lectura Breve<\/strong><\/p>\n<p>Dt 7, 6. 8-9<\/p>\n<p>&nbsp;<\/p>\n<p>El Se\u00f1or, tu Dios, te eligi\u00f3 para que fueras, entre todos los pueblos de la tierra, el pueblo<\/p>\n<p>de su propiedad. Por el amor que os tiene y por mantener el juramento que hab\u00eda hecho a<\/p>\n<p>vuestros padres, os sac\u00f3 de Egipto con mano fuerte y os rescat\u00f3 de la esclavitud, del<\/p>\n<p>dominio del Fara\u00f3n, rey de Egipto. As\u00ed conocer\u00e1s que el Se\u00f1or, tu Dios, es el Dios<\/p>\n<p>verdadero, el Dios fiel que mantiene su alianza y su favor, por mil generaciones, con los<\/p>\n<p>que lo aman y guardan sus preceptos.<\/p>\n<p>&nbsp;<\/p>\n<p><strong>Responsorio Breve<\/strong><\/p>\n<ol>\n<li>\u00c9l me librar\u00e1 de la red del cazador.<\/li>\n<li>\u00c9l me librar\u00e1 de la red del cazador.<\/li>\n<li>Me cubrir\u00e1 con sus plumas.<\/li>\n<li>\u00c9l me librar\u00e1 de la red del cazador.<\/li>\n<li>Gloria al Padre, y al Hijo, y al Esp\u00edritu Santo.<\/li>\n<li>\u00c9l me librar\u00e1 de la red del cazador.<\/li>\n<\/ol>\n<p>Latinoam\u00e9rica<\/p>\n<ol>\n<li>\u00c9l me librar\u00e1 de la red del cazador.<\/li>\n<li>\u00c9l me librar\u00e1 de la red del cazador.<\/li>\n<li>Me cubrir\u00e1 con su plumaje.<\/li>\n<\/ol>\n<p>&nbsp;<\/p>\n<ol>\n<li>\u00c9l me librar\u00e1 de la red del cazador.<\/li>\n<li>Gloria al Padre, y al Hijo, y al Esp\u00edritu Santo.<\/li>\n<li>\u00c9l me librar\u00e1 de la red del cazador.<\/li>\n<\/ol>\n<p><strong>\u00a0<\/strong><\/p>\n<p><strong>Canto Evang\u00e9lico<\/strong><\/p>\n<p><strong>\u00a0<\/strong><\/p>\n<p><strong>Antifona:<\/strong> \u201cEl que escucha mi palabra y cree en aquel que me ha enviado tiene vida eterna\u201d,<\/p>\n<p>dice el Se\u00f1or.<\/p>\n<p>&nbsp;<\/p>\n<p>Benedictus Lc 1, 68-79<\/p>\n<p>&nbsp;<\/p>\n<p><strong>El Mes\u00edas y su precursor<\/strong><\/p>\n<p>&nbsp;<\/p>\n<p>+ Bendito sea el Se\u00f1or, Dios de Israel,<\/p>\n<p>porque ha visitado y redimido a su pueblo,<\/p>\n<p>suscit\u00e1ndonos una fuerza de salvaci\u00f3n<\/p>\n<p>en la casa de David, su siervo,<\/p>\n<p>seg\u00fan lo hab\u00eda predicho desde antiguo,<\/p>\n<p>por boca de sus santos profetas.<\/p>\n<p>&nbsp;<\/p>\n<p>Es la salvaci\u00f3n que nos libra de nuestros enemigos<\/p>\n<p>y de la mano de todos los que nos odian;<\/p>\n<p>realizando la misericordia<\/p>\n<p>que tuvo con nuestros padres,<\/p>\n<p>recordando su santa alianza<\/p>\n<p>y el juramento que jur\u00f3 a nuestro padre Abrah\u00e1n.<\/p>\n<p>&nbsp;<\/p>\n<p>Para concedernos que, libres de temor,<\/p>\n<p>arrancados de la mano de los enemigos,<\/p>\n<p>le sirvamos con santidad y justicia,<\/p>\n<p>en su presencia, todos nuestros d\u00edas.<\/p>\n<p>&nbsp;<\/p>\n<p>Y a ti, ni\u00f1o, te llamar\u00e1n profeta del Alt\u00edsimo,<\/p>\n<p>porque ir\u00e1s delante del Se\u00f1or<\/p>\n<p>a preparar sus caminos,<\/p>\n<p>anunciando a su pueblo la salvaci\u00f3n,<\/p>\n<p>el perd\u00f3n de sus pecados.<\/p>\n<p>&nbsp;<\/p>\n<p>Por la entra\u00f1able misericordia de nuestro Dios,<\/p>\n<p>nos visitar\u00e1 el sol que nace de lo alto,<\/p>\n<p>para iluminar a los que viven en tinieblas<\/p>\n<p>y en sombra de muerte,<\/p>\n<p>para guiar nuestros pasos<\/p>\n<p>por el camino de la paz.<\/p>\n<p>&nbsp;<\/p>\n<p>&nbsp;<\/p>\n<p>Gloria al Padre, y al Hijo, y al Esp\u00edritu Santo.<\/p>\n<p>Como era en el principio, ahora y siempre,<\/p>\n<p>por los siglos de los siglos. Am\u00e9n.<\/p>\n<p>&nbsp;<\/p>\n<p><strong>Preces<\/strong><\/p>\n<p><strong>\u00a0<\/strong><\/p>\n<p>Demos gracias a Dios Padre, que por el Esp\u00edritu Santo ha derramado su amor en nuestros<\/p>\n<p>corazones, y supliqu\u00e9mosle, diciendo:<\/p>\n<p>Danos, Se\u00f1or, tu Esp\u00edritu Santo.<\/p>\n<p>Conc\u00e9denos, Se\u00f1or, el esp\u00edritu de fe y de acci\u00f3n de gracias,<\/p>\n<p>\u2014 para recibir siempre con gozo lo bueno y soportar con paciencia lo adverso.<\/p>\n<p>Haz que practiquemos la caridad no s\u00f3lo en los acontecimientos importantes,<\/p>\n<p>\u2014 sino tambi\u00e9n en lo peque\u00f1o de nuestra vida de cada d\u00eda.<\/p>\n<p>Ay\u00fadanos a privarnos de lo superfluo,<\/p>\n<p>\u2014 para compartir lo nuestro con los hermanos necesitados.<\/p>\n<p>Conc\u00e9denos llevar en nuestros cuerpos la pasi\u00f3n de tu Hijo,<\/p>\n<p>\u2014 t\u00fa que nos has vivificado en su cuerpo.<\/p>\n<p>Aqu\u00ed se pueden a\u00f1adir algunas intenciones libres.<\/p>\n<p>Recitemos juntos la oraci\u00f3n que Cristo nos ense\u00f1\u00f3 y pidamos al Padre que nos libre<\/p>\n<p>siempre del mal: Padre nuestro.<\/p>\n<p>&nbsp;<\/p>\n<p><strong>Padre Nuestro<\/strong><\/p>\n<p>Padre nuestro, que est\u00e1s en el cielo,<\/p>\n<p>santificado sea tu nombre,<\/p>\n<p>venga tu reino,<\/p>\n<p>h\u00e1gase tu voluntad en la tierra como en el cielo.<\/p>\n<p>Danos hoy nuestro pan de cada d\u00eda,<\/p>\n<p>perdona nuestras ofensas,<\/p>\n<p>como tambi\u00e9n nosotros perdonamos a los que nos ofenden;<\/p>\n<p>no nos dejes caer en tentaci\u00f3n,<\/p>\n<p>y l\u00edbranos del mal.<\/p>\n<p>&nbsp;<\/p>\n<p><strong>Oraci\u00f3n<\/strong><\/p>\n<p>Oremos:<\/p>\n<p>Se\u00f1or, Dios nuestro, que concedes a los justos el premio de sus m\u00e9ritos y a los pecadores<\/p>\n<p>que hacen penitencia les perdonas sus pecados, ten piedad de nosotros y danos, por la<\/p>\n<p>humilde confesi\u00f3n de nuestras culpas, tu paz y tu perd\u00f3n. Por nuestro Se\u00f1or Jesucristo, tu Hijo, que vive y reina contigo en la unidad del Esp\u00edritu Santo y es Dios, por los siglos de los siglos.<\/p>\n<p>&nbsp;<\/p>\n<p>Am\u00e9n.<\/p>\n<p>&nbsp;<\/p>\n<p><strong>Conclusi\u00f3n<\/strong><\/p>\n<p><strong>\u00a0<\/strong><\/p>\n<ol>\n<li>El Se\u00f1or est\u00e9 con vosotros.<\/li>\n<li>Y con tu esp\u00edritu.<\/li>\n<li>La bendici\u00f3n de Dios todopoderoso, Padre, Hijo + y Esp\u00edritu Santo, descienda sobre vosotros.<\/li>\n<li>Am\u00e9n.<\/li>\n<li>El Se\u00f1or nos bendiga, nos guarde de todo mal y nos lleve a la vida eterna.<\/li>\n<\/ol>\n<p><a href=\"https:\/\/iglesiatijuana.org\/web\/wp-content\/uploads\/2020\/03\/2f9ff682-cf9d-4684-bc3f-4ee13386ed4d.jpg\" data-rel=\"lightbox-image-0\" data-rl_title=\"\" data-rl_caption=\"\" title=\"\"><img loading=\"lazy\" decoding=\"async\" class=\"alignnone size-full wp-image-11368\" src=\"https:\/\/iglesiatijuana.org\/web\/wp-content\/uploads\/2020\/03\/2f9ff682-cf9d-4684-bc3f-4ee13386ed4d.jpg\" alt=\"\" width=\"1280\" height=\"604\" srcset=\"https:\/\/iglesiatijuana.org\/web\/wp-content\/uploads\/2020\/03\/2f9ff682-cf9d-4684-bc3f-4ee13386ed4d.jpg 1280w, https:\/\/iglesiatijuana.org\/web\/wp-content\/uploads\/2020\/03\/2f9ff682-cf9d-4684-bc3f-4ee13386ed4d-300x142.jpg 300w, https:\/\/iglesiatijuana.org\/web\/wp-content\/uploads\/2020\/03\/2f9ff682-cf9d-4684-bc3f-4ee13386ed4d-768x362.jpg 768w, https:\/\/iglesiatijuana.org\/web\/wp-content\/uploads\/2020\/03\/2f9ff682-cf9d-4684-bc3f-4ee13386ed4d-1024x483.jpg 1024w, https:\/\/iglesiatijuana.org\/web\/wp-content\/uploads\/2020\/03\/2f9ff682-cf9d-4684-bc3f-4ee13386ed4d-520x245.jpg 520w, https:\/\/iglesiatijuana.org\/web\/wp-content\/uploads\/2020\/03\/2f9ff682-cf9d-4684-bc3f-4ee13386ed4d-720x340.jpg 720w\" sizes=\"auto, (max-width: 1280px) 100vw, 1280px\" \/><\/a><\/p>\n","protected":false},"excerpt":{"rendered":"<p>Mi\u00e9rcoles, 25 de marzo de 2020 &nbsp; Se\u00f1or, abre mis labios. Y mi boca proclamar\u00e1 tu alabanza. Dios m\u00edo, ven en mi auxilio. Se\u00f1or, date prisa en socorrerme. Gloria al Padre, y al Hijo,&#46;&#46;&#46;<\/p>\n","protected":false},"author":101012,"featured_media":11368,"comment_status":"closed","ping_status":"closed","sticky":false,"template":"","format":"standard","meta":{"_exactmetrics_skip_tracking":false,"_exactmetrics_sitenote_active":false,"_exactmetrics_sitenote_note":"","_exactmetrics_sitenote_category":0,"footnotes":""},"categories":[68],"tags":[],"class_list":["post-11363","post","type-post","status-publish","format-standard","has-post-thumbnail","hentry","category-liturgia-de-las-horas"],"_links":{"self":[{"href":"https:\/\/iglesiatijuana.org\/web\/wp-json\/wp\/v2\/posts\/11363","targetHints":{"allow":["GET"]}}],"collection":[{"href":"https:\/\/iglesiatijuana.org\/web\/wp-json\/wp\/v2\/posts"}],"about":[{"href":"https:\/\/iglesiatijuana.org\/web\/wp-json\/wp\/v2\/types\/post"}],"author":[{"embeddable":true,"href":"https:\/\/iglesiatijuana.org\/web\/wp-json\/wp\/v2\/users\/101012"}],"replies":[{"embeddable":true,"href":"https:\/\/iglesiatijuana.org\/web\/wp-json\/wp\/v2\/comments?post=11363"}],"version-history":[{"count":2,"href":"https:\/\/iglesiatijuana.org\/web\/wp-json\/wp\/v2\/posts\/11363\/revisions"}],"predecessor-version":[{"id":11371,"href":"https:\/\/iglesiatijuana.org\/web\/wp-json\/wp\/v2\/posts\/11363\/revisions\/11371"}],"wp:featuredmedia":[{"embeddable":true,"href":"https:\/\/iglesiatijuana.org\/web\/wp-json\/wp\/v2\/media\/11368"}],"wp:attachment":[{"href":"https:\/\/iglesiatijuana.org\/web\/wp-json\/wp\/v2\/media?parent=11363"}],"wp:term":[{"taxonomy":"category","embeddable":true,"href":"https:\/\/iglesiatijuana.org\/web\/wp-json\/wp\/v2\/categories?post=11363"},{"taxonomy":"post_tag","embeddable":true,"href":"https:\/\/iglesiatijuana.org\/web\/wp-json\/wp\/v2\/tags?post=11363"}],"curies":[{"name":"wp","href":"https:\/\/api.w.org\/{rel}","templated":true}]}}