{"id":11425,"date":"2020-03-27T16:00:29","date_gmt":"2020-03-27T23:00:29","guid":{"rendered":"https:\/\/iglesiatijuana.org\/web\/?p=11425"},"modified":"2020-03-26T13:04:36","modified_gmt":"2020-03-26T20:04:36","slug":"visperas-viernes-iv-semana-de-cuaresma-2020","status":"publish","type":"post","link":"https:\/\/iglesiatijuana.org\/web\/visperas-viernes-iv-semana-de-cuaresma-2020\/","title":{"rendered":"V\u00edsperas &#8211; VIERNES IV SEMANA DE CUARESMA 2020"},"content":{"rendered":"<p>Viernes, 27 de marzo de 2020.<\/p>\n<ol>\n<li>Dios m\u00edo, ven en mi auxilio.<\/li>\n<li>Se\u00f1or, date prisa en socorrerme.<\/li>\n<\/ol>\n<p>Gloria al Padre, y al Hijo, y al Esp\u00edritu Santo. Como era en el principio, ahora y siempre, por los siglos de los siglos. Am\u00e9n. Aleluya.<\/p>\n<p><strong>Himno 1<\/strong><\/p>\n<p>Te damos gracias, Se\u00f1or,<\/p>\n<p>porque has depuesto la ira<\/p>\n<p>y has detenido ante el pueblo<\/p>\n<p>la mano que lo castiga.<\/p>\n<p>T\u00fa eres el Dios que nos salva,<\/p>\n<p>la luz que nos ilumina,<\/p>\n<p>la mano que nos sostiene<\/p>\n<p>y el techo que nos cobija.<\/p>\n<p>Y sacaremos con gozo<\/p>\n<p>del manantial de la Vida<\/p>\n<p>las aguas que dan al hombre<\/p>\n<p>la fuerza que resucita.<\/p>\n<p>Entonces proclamaremos:<\/p>\n<p>&#8220;\u00a1Cantadle con alegr\u00eda!<\/p>\n<p>\u00a1El nombre de Dios es grande;<\/p>\n<p>su caridad, infinita!<\/p>\n<p>\u00a1Que alabe al Se\u00f1or la tierra!<\/p>\n<p>Contadle sus maravillas.<\/p>\n<p>\u00a1Qu\u00e9 grande, en medio del pueblo, el Dios que nos justifica!&#8221;. Am\u00e9n.<\/p>\n<p><strong>Salmodia<\/strong><\/p>\n<p><strong>Ant\u00edfona 1: D\u00eda tras d\u00eda, te bendecir\u00e9, Se\u00f1or, y narrar\u00e9 tus maravillas.<\/strong><\/p>\n<p>Salmo 144,1-13a<\/p>\n<p><strong>Himno a la grandeza de Dios<\/strong><\/p>\n<p>T\u00fa, Se\u00f1or, el que eras y eres, el Santo, eres justo. (Ap 16,5)<\/p>\n<p>&nbsp;<\/p>\n<p>Te ensalzar\u00e9, Dios m\u00edo, mi rey;<\/p>\n<p>bendecir\u00e9 tu nombre por siempre jam\u00e1s.<\/p>\n<p>&nbsp;<\/p>\n<p>D\u00eda tras d\u00eda te bendecir\u00e9<\/p>\n<p>y alabar\u00e9 tu nombre por siempre jam\u00e1s.<\/p>\n<p>&nbsp;<\/p>\n<p>Grande es el Se\u00f1or, merece toda alabanza,<\/p>\n<p>es incalculable su grandeza;<\/p>\n<p>una generaci\u00f3n pondera tus obras a la otra,<\/p>\n<p>y le cuenta tus haza\u00f1as.<\/p>\n<p>&nbsp;<\/p>\n<p>Alaban ellos la gloria de tu majestad,<\/p>\n<p>y yo repito tus maravillas;<\/p>\n<p>encarecen ellos tus temibles proezas,<\/p>\n<p>y yo narro tus grandes acciones;<\/p>\n<p>difunden la memoria de tu inmensa bondad,<\/p>\n<p>y aclaman tus victorias.<\/p>\n<p>&nbsp;<\/p>\n<p>El Se\u00f1or es clemente y misericordioso,<\/p>\n<p>lento a la c\u00f3lera y rico en piedad;<\/p>\n<p>el Se\u00f1or es bueno con todos,<\/p>\n<p>es cari\u00f1oso con todas sus criaturas.<\/p>\n<p>&nbsp;<\/p>\n<p>Que todas tus criaturas te den gracias, Se\u00f1or,<\/p>\n<p>que te bendigan tus fieles;<\/p>\n<p>que proclamen la gloria de tu reinado,<\/p>\n<p>que hablen de tus haza\u00f1as;<\/p>\n<p>&nbsp;<\/p>\n<p>explicando tus haza\u00f1as a los hombres,<\/p>\n<p>la gloria y majestad de tu reinado.<\/p>\n<p>Tu reinado es un reinado perpetuo,<\/p>\n<p>tu gobierno va de edad en edad.<\/p>\n<p>&nbsp;<\/p>\n<p><strong>Ant\u00edfona 2: Los ojos de todos te est\u00e1n aguardando, Se\u00f1or; t\u00fa est\u00e1s cerca de los que te invocan.<\/strong><\/p>\n<p>&nbsp;<\/p>\n<p>Salmo 144,13b-21<\/p>\n<p>&nbsp;<\/p>\n<p>El Se\u00f1or es fiel a sus palabras,<\/p>\n<p>bondadoso en todas sus acciones.<\/p>\n<p>El Se\u00f1or sostiene a los que van a caer,<\/p>\n<p>endereza a los que ya se doblan.<\/p>\n<p>&nbsp;<\/p>\n<p>Los ojos de todos te est\u00e1n aguardando,<\/p>\n<p>t\u00fa les das la comida a su tiempo;<\/p>\n<p>abres t\u00fa la mano,<\/p>\n<p>y sacias de favores a todo viviente.<\/p>\n<p>&nbsp;<\/p>\n<p>El Se\u00f1or es justo en todos sus caminos,<\/p>\n<p>es bondadoso en todas sus acciones;<\/p>\n<p>cerca est\u00e1 el Se\u00f1or de los que lo invocan,<\/p>\n<p>de los que lo invocan sinceramente.<\/p>\n<p>&nbsp;<\/p>\n<p>Satisface los deseos de sus fieles,<\/p>\n<p>escucha sus gritos, y los salva.<\/p>\n<p>El Se\u00f1or guarda a los que lo aman,<\/p>\n<p>pero destruye a los malvados.<\/p>\n<p>&nbsp;<\/p>\n<p>Pronuncie mi boca la alabanza del Se\u00f1or,<\/p>\n<p>todo viviente bendiga su santo nombre<\/p>\n<p>por siempre jam\u00e1s.<\/p>\n<p>&nbsp;<\/p>\n<p><strong>Ant\u00edfona 3: Justos y verdaderos son tus caminos, \u00a1oh Rey de los siglos!<\/strong><\/p>\n<p>&nbsp;<\/p>\n<p>Ap 15,3-4<\/p>\n<p>&nbsp;<\/p>\n<p><strong>Himno de adoraci\u00f3n<\/strong><\/p>\n<p>Grandes y maravillosas son tus obras,<\/p>\n<p>Se\u00f1or, Dios omnipotente,<\/p>\n<p>justos y verdaderos tus caminos,<\/p>\n<p>\u00a1oh Rey de los siglos!<\/p>\n<p>&nbsp;<\/p>\n<p>\u00bfQui\u00e9n no temer\u00e1, Se\u00f1or,<\/p>\n<p>y glorificar\u00e1 tu nombre?<\/p>\n<p>Porque t\u00fa solo eres santo,<\/p>\n<p>porque vendr\u00e1n todas las naciones<\/p>\n<p>y se postrar\u00e1n en tu acatamiento,<\/p>\n<p>porque tus juicios se hicieron manifiestos.<\/p>\n<p>&nbsp;<\/p>\n<p><strong>Lectura Breve<\/strong><\/p>\n<p><strong>St 5, 16. 19-20<\/strong><\/p>\n<p>&nbsp;<\/p>\n<p>Confesaos mutuamente vuestros pecados y rogad unos por otros, para alcanzar vuestra<\/p>\n<p>curaci\u00f3n, pues la oraci\u00f3n ferviente del justo tiene gran eficacia. Hermanos, si alguno de<\/p>\n<p>entre vosotros se desv\u00eda de la verdad y otro logra convertirlo, sepa que quien convierte a<\/p>\n<p>un pecador de su camino equivocado salvar\u00e1 su alma de la muerte y cubrir\u00e1 la multitud de<\/p>\n<p>sus pecados.<\/p>\n<p>&nbsp;<\/p>\n<p><strong>Responsorio Breve<\/strong><\/p>\n<ol>\n<li>Yo dije: \u201cSe\u00f1or, ten misericordia.\u201d<\/li>\n<li>Yo dije: \u201cSe\u00f1or, ten misericordia.\u201d<\/li>\n<li>S\u00e1name, porque he pecado contra ti.<\/li>\n<li>Se\u00f1or, ten misericordia.<\/li>\n<li>Gloria al Padre, y al Hijo, y al Esp\u00edritu Santo.<\/li>\n<li>Yo dije: \u201cSe\u00f1or, ten misericordia.\u201d<\/li>\n<\/ol>\n<p>&nbsp;<\/p>\n<p><strong>Canto Evang\u00e9lico<\/strong><\/p>\n<p><strong>Ant\u00edfona: Nadie puso las manos en Jes\u00fas, porque a\u00fan no hab\u00eda llegado su hora.<\/strong><\/p>\n<p>Magnificat Lc 1, 46-55<\/p>\n<p><strong>Alegr\u00eda del alma en el Se\u00f1or<\/strong><\/p>\n<p>&nbsp;<\/p>\n<p>Proclama mi alma la grandeza del Se\u00f1or,<\/p>\n<p>se alegra mi esp\u00edritu en Dios, mi salvador;<\/p>\n<p>porque ha mirado la humillaci\u00f3n de su esclava.<\/p>\n<p>&nbsp;<\/p>\n<p>Desde ahora me felicitar\u00e1n todas las generaciones,<\/p>\n<p>porque el Poderoso ha hecho obras grandes por m\u00ed:<\/p>\n<p>su nombre es santo,<\/p>\n<p>y su misericordia llega a sus fieles<\/p>\n<p>de generaci\u00f3n en generaci\u00f3n.<\/p>\n<p>&nbsp;<\/p>\n<p>\u00c9l hace proezas con su brazo:<\/p>\n<p>dispersa a los soberbios de coraz\u00f3n,<\/p>\n<p>derriba del trono a los poderosos<\/p>\n<p>y enaltece a los humildes,<\/p>\n<p>a los hambrientos los colma de bienes<\/p>\n<p>y a los ricos los despide vac\u00edos.<\/p>\n<p>&nbsp;<\/p>\n<p>Auxilia a Israel, su siervo,<\/p>\n<p>acord\u00e1ndose de la misericordia<\/p>\n<p>\u2014como lo hab\u00eda prometido a nuestros padres\u2014<\/p>\n<p>en favor de Abrah\u00e1n y su descendencia por siempre.<\/p>\n<p>&nbsp;<\/p>\n<p>Gloria al Padre, y al Hijo, y al Esp\u00edritu Santo.<\/p>\n<p>Como era en el principio, ahora y siempre,<\/p>\n<p>por los siglos de los siglos. Am\u00e9n.<\/p>\n<p>&nbsp;<\/p>\n<p><strong>Preces<\/strong><\/p>\n<p>Adoremos al Salvador de los hombres, que muriendo destruy\u00f3 la muerte y resucitando restaur\u00f3 la vida, y dig\u00e1mosle humildemente:<\/p>\n<p>Santifica, Se\u00f1or, al pueblo que redimiste con tu sangre.<\/p>\n<p>Redentor nuestro, conc\u00e9denos que, por la penitencia, nos unamos m\u00e1s plenamente a tu pasi\u00f3n,<\/p>\n<p>\u2014 para que consigamos la gloria de la resurrecci\u00f3n.<\/p>\n<p>Conc\u00e9denos que imitemos a tu Madre, consuelo de los afligidos,<\/p>\n<p>\u2014 para que podamos consolar a los tristes, mediante el consuelo con que nosotros somos por ti consolados.<\/p>\n<p>Concede a tus fieles participar en tu pasi\u00f3n por medio de sus sufrimientos,<\/p>\n<p>\u2014 para que tu salvaci\u00f3n se manifieste tambi\u00e9n en ellos.<\/p>\n<p>T\u00fa que te humillaste, haci\u00e9ndote obediente hasta la muerte y una muerte de cruz,<\/p>\n<p>\u2014 ens\u00e9\u00f1anos a ser obedientes y a tener paciencia.<\/p>\n<p>Aqu\u00ed se pueden a\u00f1adir algunas intenciones libres.<\/p>\n<p>D\u00edgnate transfigurar a los difuntos a semejanza de tu cuerpo glorioso,<\/p>\n<p>\u2014 y conc\u00e9denos a nosotros ser un d\u00eda part\u00edcipes de la gloria de ellos.<\/p>\n<p>Ya que por Jesucristo somos hijos de Dios, oremos confiados a nuestro Padre:<\/p>\n<p>&nbsp;<\/p>\n<p><strong>Padre Nuestro<\/strong><\/p>\n<p>Padre nuestro, que est\u00e1s en el cielo,<\/p>\n<p>santificado sea tu nombre,<\/p>\n<p>venga tu reino,<\/p>\n<p>h\u00e1gase tu voluntad en la tierra como en el cielo.<\/p>\n<p>Danos hoy nuestro pan de cada d\u00eda,<\/p>\n<p>perdona nuestras ofensas,<\/p>\n<p>como tambi\u00e9n nosotros perdonamos a los que nos ofenden;<\/p>\n<p>no nos dejes caer en tentaci\u00f3n,<\/p>\n<p>y l\u00edbranos del mal.<\/p>\n<p>&nbsp;<\/p>\n<p><strong>Oraci\u00f3n<\/strong><\/p>\n<p>Se\u00f1or, t\u00fa que en nuestra fragilidad nos ayudas con medios abundantes, conc\u00e9denos recibir con alegr\u00eda la salvaci\u00f3n que nos otorgas y manifestarla en nuestra propia vida. Por Jesucristo nuestro Se\u00f1or. Am\u00e9n.<\/p>\n<p>&nbsp;<\/p>\n<p><strong>Conclusi\u00f3n<\/strong><\/p>\n<ol>\n<li>El Se\u00f1or nos bendiga, nos guarde de todo mal y nos lleve a la vida eterna.<\/li>\n<li>Am\u00e9n.<\/li>\n<\/ol>\n<p><a href=\"https:\/\/iglesiatijuana.org\/web\/wp-content\/uploads\/2020\/03\/2f9ff682-cf9d-4684-bc3f-4ee13386ed4d.jpg\" data-rel=\"lightbox-image-0\" data-rl_title=\"\" data-rl_caption=\"\" title=\"\"><img loading=\"lazy\" decoding=\"async\" class=\"alignnone size-full wp-image-11368\" src=\"https:\/\/iglesiatijuana.org\/web\/wp-content\/uploads\/2020\/03\/2f9ff682-cf9d-4684-bc3f-4ee13386ed4d.jpg\" alt=\"\" width=\"1280\" height=\"604\" srcset=\"https:\/\/iglesiatijuana.org\/web\/wp-content\/uploads\/2020\/03\/2f9ff682-cf9d-4684-bc3f-4ee13386ed4d.jpg 1280w, https:\/\/iglesiatijuana.org\/web\/wp-content\/uploads\/2020\/03\/2f9ff682-cf9d-4684-bc3f-4ee13386ed4d-300x142.jpg 300w, https:\/\/iglesiatijuana.org\/web\/wp-content\/uploads\/2020\/03\/2f9ff682-cf9d-4684-bc3f-4ee13386ed4d-768x362.jpg 768w, https:\/\/iglesiatijuana.org\/web\/wp-content\/uploads\/2020\/03\/2f9ff682-cf9d-4684-bc3f-4ee13386ed4d-1024x483.jpg 1024w, https:\/\/iglesiatijuana.org\/web\/wp-content\/uploads\/2020\/03\/2f9ff682-cf9d-4684-bc3f-4ee13386ed4d-520x245.jpg 520w, https:\/\/iglesiatijuana.org\/web\/wp-content\/uploads\/2020\/03\/2f9ff682-cf9d-4684-bc3f-4ee13386ed4d-720x340.jpg 720w\" sizes=\"auto, (max-width: 1280px) 100vw, 1280px\" \/><\/a><\/p>\n","protected":false},"excerpt":{"rendered":"<p>Viernes, 27 de marzo de 2020. Dios m\u00edo, ven en mi auxilio. Se\u00f1or, date prisa en socorrerme. Gloria al Padre, y al Hijo, y al Esp\u00edritu Santo. Como era en el principio, ahora y&#46;&#46;&#46;<\/p>\n","protected":false},"author":101012,"featured_media":11368,"comment_status":"closed","ping_status":"closed","sticky":false,"template":"","format":"standard","meta":{"_exactmetrics_skip_tracking":false,"_exactmetrics_sitenote_active":false,"_exactmetrics_sitenote_note":"","_exactmetrics_sitenote_category":0,"footnotes":""},"categories":[68],"tags":[],"class_list":["post-11425","post","type-post","status-publish","format-standard","has-post-thumbnail","hentry","category-liturgia-de-las-horas"],"_links":{"self":[{"href":"https:\/\/iglesiatijuana.org\/web\/wp-json\/wp\/v2\/posts\/11425","targetHints":{"allow":["GET"]}}],"collection":[{"href":"https:\/\/iglesiatijuana.org\/web\/wp-json\/wp\/v2\/posts"}],"about":[{"href":"https:\/\/iglesiatijuana.org\/web\/wp-json\/wp\/v2\/types\/post"}],"author":[{"embeddable":true,"href":"https:\/\/iglesiatijuana.org\/web\/wp-json\/wp\/v2\/users\/101012"}],"replies":[{"embeddable":true,"href":"https:\/\/iglesiatijuana.org\/web\/wp-json\/wp\/v2\/comments?post=11425"}],"version-history":[{"count":1,"href":"https:\/\/iglesiatijuana.org\/web\/wp-json\/wp\/v2\/posts\/11425\/revisions"}],"predecessor-version":[{"id":11426,"href":"https:\/\/iglesiatijuana.org\/web\/wp-json\/wp\/v2\/posts\/11425\/revisions\/11426"}],"wp:featuredmedia":[{"embeddable":true,"href":"https:\/\/iglesiatijuana.org\/web\/wp-json\/wp\/v2\/media\/11368"}],"wp:attachment":[{"href":"https:\/\/iglesiatijuana.org\/web\/wp-json\/wp\/v2\/media?parent=11425"}],"wp:term":[{"taxonomy":"category","embeddable":true,"href":"https:\/\/iglesiatijuana.org\/web\/wp-json\/wp\/v2\/categories?post=11425"},{"taxonomy":"post_tag","embeddable":true,"href":"https:\/\/iglesiatijuana.org\/web\/wp-json\/wp\/v2\/tags?post=11425"}],"curies":[{"name":"wp","href":"https:\/\/api.w.org\/{rel}","templated":true}]}}