{"id":11483,"date":"2020-03-27T11:54:53","date_gmt":"2020-03-27T18:54:53","guid":{"rendered":"https:\/\/iglesiatijuana.org\/web\/?p=11483"},"modified":"2020-03-27T11:54:53","modified_gmt":"2020-03-27T18:54:53","slug":"indispensable-la-comunicacion-constructiva-en-tiempos-dificiles-papa-francisco","status":"publish","type":"post","link":"https:\/\/iglesiatijuana.org\/web\/indispensable-la-comunicacion-constructiva-en-tiempos-dificiles-papa-francisco\/","title":{"rendered":"\u201cIndispensable la comunicaci\u00f3n constructiva en tiempos dif\u00edciles\u201d Papa Francisco"},"content":{"rendered":"<p style=\"text-align: justify;\"><em>\u201cDe frente a\u00a0un r\u00edo de informaci\u00f3n y de noticias \u201cbuenas o malas\u201d que inundan la visi\u00f3n que tenemos del mundo, el Papa considera necesario \u201cromper el c\u00edrculo vicioso de la angustia y frenar la espiral del miedo, fruto de esa costumbre de centrarse en las malas noticias\u201d.<\/em><\/p>\n<p style=\"text-align: justify;\">Pastoral para la Comunicaci\u00f3n. &#8211; Ante las tragedias que vive la humanidad, sean guerras, terrorismo, esc\u00e1ndalos y frustraciones, enfermedades. Es actual el Mensaje para la 51 Jornada Mundial de las Comunicaciones Sociales del a\u00f1o 2017 que ofreci\u00f3 el Papa Francisco, exhortando a la necesidad de una comunicaci\u00f3n constructiva que, rechazando los prejuicios contra los dem\u00e1s, fomentar una cultura del encuentro que ayude a mirar la realidad con aut\u00e9ntica confianza\u201d. Teniendo como marco de lectura dicho Mensaje se describen algunas sugerencias del Papa Francisco para comunicar esperanza y confianza\u00a0en nuestros d\u00edas, como han sido publicado en varios medios internacionales:<\/p>\n<p style=\"text-align: justify;\"><em>-Comunicar sin ignorar el sufrimiento de los dem\u00e1s<\/em><\/p>\n<p style=\"text-align: justify;\">El Papa no es ingenuo. \u201cCiertamente, no se trata de favorecer una desinformaci\u00f3n en la que se ignore el drama del sufrimiento, ni de caer en un optimismo ingenuo que no se deja afectar por el esc\u00e1ndalo del mal\u201d, afirma. La invitaci\u00f3n es a superar \u201cese sentimiento de disgusto y de resignaci\u00f3n que con frecuencia se apodera de nosotros, arroj\u00e1ndonos a la apat\u00eda, generando miedos o d\u00e1ndonos la impresi\u00f3n de que no se puede frenar el mal\u201d.<\/p>\n<p style=\"text-align: justify;\"><em>-Comunicar sin dejarse adormecer por la desesperaci\u00f3n<\/em><\/p>\n<p style=\"text-align: justify;\">El obispo de Roma incita a salir de esa l\u00f3gica del \u201cespect\u00e1culo del dolor\u201d y del mal para no \u201cadormecer la propia conciencia\u201d o \u201ccaer en la desesperaci\u00f3n\u201d.<\/p>\n<p style=\"text-align: justify;\"><em>-Comunicar con creatividad y buscar soluciones al mal<\/em><\/p>\n<p style=\"text-align: justify;\">Hay que buscar \u201cun estilo comunicativo abierto y creativo,\u00a0que no d\u00e9 todo el protagonismo al mal, sino que trate de mostrar las posibles soluciones, favoreciendo una actitud activa y responsable\u201d.<\/p>\n<p style=\"text-align: justify;\"><em>-Comunicar con lentes nuevos: ver m\u00e1s all\u00e1 del problema<\/em><\/p>\n<p style=\"text-align: justify;\">Lentes nuevos para ver la realidad que tiene altos y bajos, invita Francisco. \u201cEsta buena noticia, que es Jes\u00fas mismo,\u00a0no es buena porque est\u00e9 exenta de sufrimiento, sino porque\u00a0contempla el sufrimiento desde\u00a0una perspectiva m\u00e1s amplia\u201d.<\/p>\n<p style=\"text-align: justify;\">Por poner un\u00a0ejemplo de personas que siguen la l\u00f3gica comunicativa de la buena noticia: el esposo que en cambio de gritar y romper platos se sienta con su esposa y busca ver lo que los une en un momento de crisis y no lo que los divide.<\/p>\n<p style=\"text-align: justify;\"><em>-Comunicar dejando libertad a los dem\u00e1s<\/em><\/p>\n<p style=\"text-align: justify;\">Una comunicaci\u00f3n abierta, creativa, realista y humilde que tiene una \u201cforma misericordiosa\u00a0para dejar a quien escucha el \u201cespacio\u201d de libertad para acogerla y referirla incluso a s\u00ed mismo\u201d.<\/p>\n<p style=\"text-align: justify;\"><em>-Comunicar sin miedo al fracaso<\/em><\/p>\n<p style=\"text-align: justify;\">El fracaso \u201cpuede ser el preludio del cumplimiento m\u00e1s grande de todas las cosas en el amor\u201d. \u201cPrecisamente aqu\u00ed, en el lugar donde la vida experimenta la amargura del fracaso, nace una esperanza al alcance de todos\u201d, abunda al recordar la cruz de Cristo.<\/p>\n<p style=\"text-align: justify;\"><em>-Comunicar confianza en las personas y en sus historias<\/em><\/p>\n<p style=\"text-align: justify;\">Por ello, insta a trabajar y descubrir la buena noticia cada d\u00eda en la historia y en el rostro de cada persona. \u201cLa confianza en la semilla del Reino de Dios y en la l\u00f3gica de la Pascua configura tambi\u00e9n nuestra manera de comunicar\u201d, insiste.<\/p>\n<p style=\"text-align: justify;\"><em>-Comunicar a Jes\u00fas y su Buena Nueva para iluminar el camino<\/em><\/p>\n<p style=\"text-align: justify;\">Entonces, la Buena Nueva, ante la oscuridad de este mundo, es faro que ilumina \u201cel camino y abren nuevos senderos de confianza y esperanza\u201d.<\/p>\n<p style=\"text-align: justify;\"><em>-Comunicar dej\u00e1ndose guiar con fe por el Esp\u00edritu Santo<\/em><\/p>\n<p style=\"text-align: justify;\">Francisco dice que quien se \u201cdeja guiar con fe por el Esp\u00edritu Santo es capaz de discernir en cada acontecimiento lo que ocurre entre Dios y la humanidad\u201d. Es esto ver la esperanza, el amor y la misericordia de Dios en el escenario dram\u00e1tico de nuestra vida o del mundo que nos rodea, pero donde hay salvaci\u00f3n y esperanza.<\/p>\n<p style=\"text-align: justify;\"><em>-Comunicar esperanza porque se multiplica y contagia la realidad<\/em><\/p>\n<p style=\"text-align: justify;\">As\u00ed, \u201cla esperanza es la m\u00e1s humilde de las virtudes, porque permanece escondida en los pliegues de la vida, pero es similar a la levadura que hace fermentar toda la masa\u201d, dice. Esperanza alimentada por el Evangelio, la vida de amor de los santos, y nosotros.<\/p>\n<p><a href=\"https:\/\/iglesiatijuana.org\/web\/wp-content\/uploads\/2020\/03\/22d71cea-2a36-4d63-8e26-bc6d7dc2d17a.jpg\" data-rel=\"lightbox-image-0\" data-rl_title=\"\" data-rl_caption=\"\" title=\"\"><img loading=\"lazy\" decoding=\"async\" class=\"alignnone size-full wp-image-11484\" src=\"https:\/\/iglesiatijuana.org\/web\/wp-content\/uploads\/2020\/03\/22d71cea-2a36-4d63-8e26-bc6d7dc2d17a.jpg\" alt=\"\" width=\"640\" height=\"360\" srcset=\"https:\/\/iglesiatijuana.org\/web\/wp-content\/uploads\/2020\/03\/22d71cea-2a36-4d63-8e26-bc6d7dc2d17a.jpg 640w, https:\/\/iglesiatijuana.org\/web\/wp-content\/uploads\/2020\/03\/22d71cea-2a36-4d63-8e26-bc6d7dc2d17a-300x169.jpg 300w\" sizes=\"auto, (max-width: 640px) 100vw, 640px\" \/><\/a><\/p>\n","protected":false},"excerpt":{"rendered":"<p>\u201cDe frente a\u00a0un r\u00edo de informaci\u00f3n y de noticias \u201cbuenas o malas\u201d que inundan la visi\u00f3n que tenemos del mundo, el Papa considera necesario \u201cromper el c\u00edrculo vicioso de la angustia y frenar la&#46;&#46;&#46;<\/p>\n","protected":false},"author":101012,"featured_media":11484,"comment_status":"closed","ping_status":"closed","sticky":false,"template":"","format":"standard","meta":{"_exactmetrics_skip_tracking":false,"_exactmetrics_sitenote_active":false,"_exactmetrics_sitenote_note":"","_exactmetrics_sitenote_category":0,"footnotes":""},"categories":[20,14],"tags":[],"class_list":["post-11483","post","type-post","status-publish","format-standard","has-post-thumbnail","hentry","category-evangelio-del-dia","category-ultimas-noticias"],"_links":{"self":[{"href":"https:\/\/iglesiatijuana.org\/web\/wp-json\/wp\/v2\/posts\/11483","targetHints":{"allow":["GET"]}}],"collection":[{"href":"https:\/\/iglesiatijuana.org\/web\/wp-json\/wp\/v2\/posts"}],"about":[{"href":"https:\/\/iglesiatijuana.org\/web\/wp-json\/wp\/v2\/types\/post"}],"author":[{"embeddable":true,"href":"https:\/\/iglesiatijuana.org\/web\/wp-json\/wp\/v2\/users\/101012"}],"replies":[{"embeddable":true,"href":"https:\/\/iglesiatijuana.org\/web\/wp-json\/wp\/v2\/comments?post=11483"}],"version-history":[{"count":1,"href":"https:\/\/iglesiatijuana.org\/web\/wp-json\/wp\/v2\/posts\/11483\/revisions"}],"predecessor-version":[{"id":11485,"href":"https:\/\/iglesiatijuana.org\/web\/wp-json\/wp\/v2\/posts\/11483\/revisions\/11485"}],"wp:featuredmedia":[{"embeddable":true,"href":"https:\/\/iglesiatijuana.org\/web\/wp-json\/wp\/v2\/media\/11484"}],"wp:attachment":[{"href":"https:\/\/iglesiatijuana.org\/web\/wp-json\/wp\/v2\/media?parent=11483"}],"wp:term":[{"taxonomy":"category","embeddable":true,"href":"https:\/\/iglesiatijuana.org\/web\/wp-json\/wp\/v2\/categories?post=11483"},{"taxonomy":"post_tag","embeddable":true,"href":"https:\/\/iglesiatijuana.org\/web\/wp-json\/wp\/v2\/tags?post=11483"}],"curies":[{"name":"wp","href":"https:\/\/api.w.org\/{rel}","templated":true}]}}