{"id":11516,"date":"2020-03-31T06:00:37","date_gmt":"2020-03-31T13:00:37","guid":{"rendered":"https:\/\/iglesiatijuana.org\/web\/?p=11516"},"modified":"2020-03-30T11:15:42","modified_gmt":"2020-03-30T18:15:42","slug":"laudes-martes-v-semana-de-cuaresma-2020","status":"publish","type":"post","link":"https:\/\/iglesiatijuana.org\/web\/laudes-martes-v-semana-de-cuaresma-2020\/","title":{"rendered":"Laudes &#8211; MARTES V SEMANA DE CUARESMA 2020"},"content":{"rendered":"<p>Martes, 31 de marzo de 2020.<\/p>\n<p>&nbsp;<\/p>\n<ol>\n<li>Se\u00f1or, abre mis labios.<\/li>\n<li>Y mi boca proclamar\u00e1 tu alabanza.<\/li>\n<li>Dios m\u00edo, ven en mi auxilio.<\/li>\n<li>Se\u00f1or, date prisa en socorrerme.<\/li>\n<\/ol>\n<p>Gloria al Padre, y al Hijo, y al Esp\u00edritu Santo. Como era en el principio, ahora y siempre, por los siglos de los siglos. Am\u00e9n. Aleluya.<\/p>\n<p>&nbsp;<\/p>\n<p><strong>Himno 1<\/strong><\/p>\n<p>Este es el d\u00eda del Se\u00f1or.<\/p>\n<p>Este es el tiempo de la misericordia.<\/p>\n<p>Delante de tus ojos<\/p>\n<p>ya no enrojeceremos<\/p>\n<p>a causa del antiguo<\/p>\n<p>pecado de tu pueblo.<\/p>\n<p>Arrancar\u00e1s de cuajo<\/p>\n<p>el coraz\u00f3n soberbio<\/p>\n<p>y har\u00e1s un pueblo humilde<\/p>\n<p>de coraz\u00f3n sincero.<\/p>\n<p>En medio de las gentes<\/p>\n<p>nos guardas como un resto<\/p>\n<p>para cantar tus obras<\/p>\n<p>y adelantar tu reino.<\/p>\n<p>Seremos raza nueva<\/p>\n<p>para los cielos nuevos;<\/p>\n<p>sacerdotal estirpe,<\/p>\n<p>seg\u00fan tu Primog\u00e9nito.<\/p>\n<p>Caer\u00e1n los opresores<\/p>\n<p>y exultar\u00e1n los siervos;<\/p>\n<p>los hijos del oprobio<\/p>\n<p>ser\u00e1n tus herederos.<\/p>\n<p>Se\u00f1alar\u00e1s entonces<\/p>\n<p>el d\u00eda del regreso<\/p>\n<p>para los que com\u00edan<\/p>\n<p>su pan en el destierro.<\/p>\n<p>\u00a1Exulten mis entra\u00f1as!<\/p>\n<p>\u00a1Al\u00e9grese mi pueblo!<\/p>\n<p>Porque el Se\u00f1or que es justo<\/p>\n<p>revoca sus decretos.<\/p>\n<p>La salvaci\u00f3n se anuncia<\/p>\n<p>donde acech\u00f3 el infierno,<\/p>\n<p>porque el Se\u00f1or habita<\/p>\n<p>en medio de su pueblo.<\/p>\n<p>&nbsp;<\/p>\n<p><strong>Salmodia<\/strong><\/p>\n<p><strong>Ant\u00edfona 1: El hombre de manos inocentes y puro coraz\u00f3n subir\u00e1 al monte del Se\u00f1or.<\/strong><\/p>\n<p>&nbsp;<\/p>\n<p><strong>Salmo 23<\/strong><\/p>\n<p>&nbsp;<\/p>\n<p><strong>Entrada solemne de Dios en su templo<\/strong><\/p>\n<p>&nbsp;<\/p>\n<p>Las puertas del cielo se abren ante Cristo que, como hombre, sube al cielo.<\/p>\n<p>&nbsp;<\/p>\n<p>Del Se\u00f1or es la tierra y cuanto la llena,<\/p>\n<p>el orbe y todos sus habitantes:<\/p>\n<p>\u00e9l la fund\u00f3 sobre los mares,<\/p>\n<p>\u00e9l la afianz\u00f3 sobre los r\u00edos.<\/p>\n<p>&nbsp;<\/p>\n<p>\u2014\u00bfQui\u00e9n puede subir al monte del Se\u00f1or?<\/p>\n<p>\u00bfQui\u00e9n puede estar en el recinto sacro?<\/p>\n<p>&nbsp;<\/p>\n<p>\u2014El hombre de manos inocentes<\/p>\n<p>y puro coraz\u00f3n,<\/p>\n<p>que no conf\u00eda en los \u00eddolos<\/p>\n<p>ni jura contra el pr\u00f3jimo en falso.<\/p>\n<p>\u00c9se recibir\u00e1 la bendici\u00f3n del Se\u00f1or,<\/p>\n<p>le har\u00e1 justicia el Dios de salvaci\u00f3n.<\/p>\n<p>&nbsp;<\/p>\n<p>\u2014\u00c9ste es el grupo que busca al Se\u00f1or,<\/p>\n<p>que viene a tu presencia, Dios de Jacob.<\/p>\n<p>&nbsp;<\/p>\n<p>\u00a1Portones!, alzad los dinteles,<\/p>\n<p>que se alcen las antiguas compuertas:<\/p>\n<p>va a entrar el Rey de la gloria.<\/p>\n<p>&nbsp;<\/p>\n<p>\u2014\u00bfQui\u00e9n es ese Rey de la gloria?<\/p>\n<p>\u2014El Se\u00f1or, h\u00e9roe valeroso;<\/p>\n<p>el Se\u00f1or, h\u00e9roe de la guerra.<\/p>\n<p>&nbsp;<\/p>\n<p>\u00a1Portones!, alzad los dinteles,<\/p>\n<p>que se alcen las antiguas compuertas:<\/p>\n<p>va a entrar el Rey de la gloria.<\/p>\n<p>&nbsp;<\/p>\n<p>\u2014\u00bfQui\u00e9n es ese Rey de la gloria?<\/p>\n<p>\u2014El Se\u00f1or, Dios de los ej\u00e9rcitos.<\/p>\n<p>\u00c9l es el Rey de la gloria.<\/p>\n<p>&nbsp;<\/p>\n<p><strong>\u00a0<\/strong><\/p>\n<p><strong>\u00a0<\/strong><\/p>\n<p><strong>\u00a0<\/strong><\/p>\n<p><strong>Ant\u00edfona 2: Ensalzad con vuestras obras al Rey de los siglos.<\/strong><\/p>\n<p><strong>\u00a0<\/strong><\/p>\n<p><strong>Tb 13,1-10a<\/strong><\/p>\n<p>&nbsp;<\/p>\n<p><strong>Dios castiga y salva<\/strong><\/p>\n<p>&nbsp;<\/p>\n<p>Bendito sea Dios, Padre de nuestro Se\u00f1or Jesucristo, que en su gran misericordia nos ha hecho nacer de nuevo para una esperanza viva. (1P 1,3)<\/p>\n<p>&nbsp;<\/p>\n<p>Bendito sea Dios, que vive eternamente,<\/p>\n<p>y cuyo reino dura por los siglos:<\/p>\n<p>\u00e9l azota y se compadece,<\/p>\n<p>hunde hasta el abismo y saca de \u00e9l,<\/p>\n<p>y no hay quien escape de su mano.<\/p>\n<p>&nbsp;<\/p>\n<p>Dadle gracias, israelitas, ante los gentiles,<\/p>\n<p>porque \u00e9l nos dispers\u00f3 entre ellos.<\/p>\n<p>Proclamad all\u00ed su grandeza,<\/p>\n<p>ensalzadlo ante todos los vivientes:<\/p>\n<p>que \u00e9l es nuestro Dios y Se\u00f1or,<\/p>\n<p>nuestro padre por todos los siglos.<\/p>\n<p>&nbsp;<\/p>\n<p>\u00c9l nos azota por nuestros delitos,<\/p>\n<p>pero se compadecer\u00e1 de nuevo,<\/p>\n<p>y os congregar\u00e1 de entre las naciones<\/p>\n<p>por donde est\u00e1is dispersados.<\/p>\n<p>&nbsp;<\/p>\n<p>Si volv\u00e9is a \u00e9l de todo coraz\u00f3n<\/p>\n<p>y con toda el alma,<\/p>\n<p>siendo sinceros con \u00e9l,<\/p>\n<p>\u00e9l volver\u00e1 a vosotros<\/p>\n<p>y no os ocultar\u00e1 su rostro.<\/p>\n<p>&nbsp;<\/p>\n<p>Ver\u00e9is lo que har\u00e1 con vosotros,<\/p>\n<p>le dar\u00e9is gracias a boca llena,<\/p>\n<p>bendecir\u00e9is al Se\u00f1or de la justicia<\/p>\n<p>y ensalzar\u00e9is al rey de los siglos.<\/p>\n<p>Yo le doy gracias en mi cautiverio,<\/p>\n<p>anuncio su grandeza y su poder<\/p>\n<p>a un pueblo pecador.<\/p>\n<p>&nbsp;<\/p>\n<p>Convert\u00edos, pecadores,<\/p>\n<p>obrad rectamente en su presencia:<\/p>\n<p>quiz\u00e1 os mostrar\u00e1 benevolencia<\/p>\n<p>y tendr\u00e1 compasi\u00f3n.<\/p>\n<p>&nbsp;<\/p>\n<p>Ensalzar\u00e9 a mi Dios, al rey del cielo,<\/p>\n<p>y me alegrar\u00e9 de su grandeza.<\/p>\n<p>Que todos alaben al Se\u00f1or<\/p>\n<p>y le den gracias en Jerusal\u00e9n.<\/p>\n<p>&nbsp;<\/p>\n<p><strong>Ant\u00edfona 3: El Se\u00f1or merece la alabanza de los buenos.<\/strong><\/p>\n<p>&nbsp;<\/p>\n<p>Salmo 32<\/p>\n<p>&nbsp;<\/p>\n<p>Himno al poder y a la providencia de Dios<\/p>\n<p>&nbsp;<\/p>\n<p>Por medio de la Palabra se hizo todo. (Jn 1,3)<\/p>\n<p>&nbsp;<\/p>\n<p>Aclamad, justos, al Se\u00f1or,<\/p>\n<p>que merece la alabanza de los buenos.<\/p>\n<p>&nbsp;<\/p>\n<p>Dad gracias al Se\u00f1or con la c\u00edtara,<\/p>\n<p>tocad en su honor el arpa de diez cuerdas;<\/p>\n<p>cantadle un c\u00e1ntico nuevo,<\/p>\n<p>acompa\u00f1ando los v\u00edtores con bordones:<\/p>\n<p>&nbsp;<\/p>\n<p>que la palabra del Se\u00f1or es sincera,<\/p>\n<p>y todas sus acciones son leales;<\/p>\n<p>\u00e9l ama la justicia y el derecho,<\/p>\n<p>y su misericordia llena la tierra.<\/p>\n<p>La palabra del Se\u00f1or hizo el cielo;<\/p>\n<p>el aliento de su boca, sus ej\u00e9rcitos;<\/p>\n<p>encierra en un odre las aguas marinas,<\/p>\n<p>mete en un dep\u00f3sito el oc\u00e9ano.<\/p>\n<p>&nbsp;<\/p>\n<p>Tema al Se\u00f1or la tierra entera,<\/p>\n<p>tiemblen ante \u00e9l los habitantes del orbe:<\/p>\n<p>porque \u00e9l lo dijo, y existi\u00f3,<\/p>\n<p>\u00e9l lo mand\u00f3, y surgi\u00f3.<\/p>\n<p>&nbsp;<\/p>\n<p>El Se\u00f1or deshace los planes de las naciones,<\/p>\n<p>frustra los proyectos de los pueblos;<\/p>\n<p>pero el plan del Se\u00f1or subsiste por siempre,<\/p>\n<p>los proyectos de su coraz\u00f3n, de edad en edad.<\/p>\n<p>&nbsp;<\/p>\n<p>Dichosa la naci\u00f3n cuyo Dios es el Se\u00f1or,<\/p>\n<p>el pueblo que \u00e9l se escogi\u00f3 como heredad.<\/p>\n<p>&nbsp;<\/p>\n<p>El Se\u00f1or mira desde el cielo,<\/p>\n<p>se fija en todos los hombres;<\/p>\n<p>desde su morada observa<\/p>\n<p>a todos los habitantes de la tierra:<\/p>\n<p>\u00e9l model\u00f3 cada coraz\u00f3n,<\/p>\n<p>y comprende todas sus acciones.<\/p>\n<p>&nbsp;<\/p>\n<p>No vence el rey por su gran ej\u00e9rcito,<\/p>\n<p>no escapa el soldado por su mucha fuerza,<\/p>\n<p>nada valen sus caballos para la victoria,<\/p>\n<p>ni por su gran ej\u00e9rcito se salva.<\/p>\n<p>&nbsp;<\/p>\n<p>Los ojos del Se\u00f1or est\u00e1n puestos en sus fieles,<\/p>\n<p>en los que esperan en su misericordia,<\/p>\n<p>para librar sus vidas de la muerte<\/p>\n<p>y reanimarlos en tiempo de hambre.<\/p>\n<p>&nbsp;<\/p>\n<p>Nosotros aguardamos al Se\u00f1or:<\/p>\n<p>\u00e9l es nuestro auxilio y escudo;<\/p>\n<p>con \u00e9l se alegra nuestro coraz\u00f3n,<\/p>\n<p>en su santo nombre confiamos.<\/p>\n<p>&nbsp;<\/p>\n<p>Que tu misericordia, Se\u00f1or, venga sobre nosotros,<\/p>\n<p>como lo esperamos de ti.<\/p>\n<p>&nbsp;<\/p>\n<p><strong>Lectura Breve<\/strong><\/p>\n<p><strong>Za 12, 10-11a<\/strong><\/p>\n<p>&nbsp;<\/p>\n<p>Derramar\u00e9 sobre la casa de David y sobre los habitantes de Jerusal\u00e9n un esp\u00edritu de gracia y de oraci\u00f3n. Me mirar\u00e1n a m\u00ed, a quien traspasaron, har\u00e1n llanto como llanto por el hijo \u00fanico y llorar\u00e1n como se llora al primog\u00e9nito. Aquel d\u00eda ser\u00e1 grande el luto de Jerusal\u00e9n.<\/p>\n<p>&nbsp;<\/p>\n<p><strong>Responsorio Breve<\/strong><\/p>\n<ol>\n<li>\u00c9l me librar\u00e1 de la red del cazador.<\/li>\n<li>\u00c9l me librar\u00e1 de la red del cazador.<\/li>\n<li>Me cubrir\u00e1 con su plumaje.<\/li>\n<li>\u00c9l me librar\u00e1 de la red del cazador.<\/li>\n<li>Gloria al Padre, y al Hijo, y al Esp\u00edritu Santo.<\/li>\n<li>\u00c9l me librar\u00e1 de la red del cazador.<\/li>\n<\/ol>\n<p>&nbsp;<\/p>\n<p><strong>Canto Evang\u00e9lico<\/strong><\/p>\n<p><strong>Ant\u00edfona: \u201cCuando levant\u00e9is en alto al Hijo del hombre, entonces sabr\u00e9is que \u201cYo soy\u201d, dice el Se\u00f1or.<\/strong><\/p>\n<p>&nbsp;<\/p>\n<p>Benedictus Lc 1, 68-79<\/p>\n<p>&nbsp;<\/p>\n<p><strong>El Mes\u00edas y su precursor<\/strong><\/p>\n<p>&nbsp;<\/p>\n<p>+ Bendito sea el Se\u00f1or, Dios de Israel,<\/p>\n<p>porque ha visitado y redimido a su pueblo,<\/p>\n<p>suscit\u00e1ndonos una fuerza de salvaci\u00f3n<\/p>\n<p>en la casa de David, su siervo,<\/p>\n<p>seg\u00fan lo hab\u00eda predicho desde antiguo,<\/p>\n<p>por boca de sus santos profetas.<\/p>\n<p>&nbsp;<\/p>\n<p>Es la salvaci\u00f3n que nos libra de nuestros enemigos<\/p>\n<p>y de la mano de todos los que nos odian;<\/p>\n<p>realizando la misericordia<\/p>\n<p>que tuvo con nuestros padres,<\/p>\n<p>recordando su santa alianza<\/p>\n<p>y el juramento que jur\u00f3 a nuestro padre Abrah\u00e1n.<\/p>\n<p>&nbsp;<\/p>\n<p>Para concedernos que, libres de temor,<\/p>\n<p>arrancados de la mano de los enemigos,<\/p>\n<p>le sirvamos con santidad y justicia,<\/p>\n<p>en su presencia, todos nuestros d\u00edas.<\/p>\n<p>&nbsp;<\/p>\n<p>Y a ti, ni\u00f1o, te llamar\u00e1n profeta del Alt\u00edsimo,<\/p>\n<p>porque ir\u00e1s delante del Se\u00f1or<\/p>\n<p>a preparar sus caminos,<\/p>\n<p>anunciando a su pueblo la salvaci\u00f3n,<\/p>\n<p>el perd\u00f3n de sus pecados.<\/p>\n<p>&nbsp;<\/p>\n<p>Por la entra\u00f1able misericordia de nuestro Dios,<\/p>\n<p>nos visitar\u00e1 el sol que nace de lo alto,<\/p>\n<p>para iluminar a los que viven en tinieblas<\/p>\n<p>y en sombra de muerte,<\/p>\n<p>para guiar nuestros pasos<\/p>\n<p>por el camino de la paz.<\/p>\n<p>&nbsp;<\/p>\n<p>Gloria al Padre, y al Hijo, y al Esp\u00edritu Santo.<\/p>\n<p>Como era en el principio, ahora y siempre,<\/p>\n<p>por los siglos de los siglos. Am\u00e9n.<\/p>\n<p>&nbsp;<\/p>\n<p><strong>Preces<\/strong><\/p>\n<p>Bendigamos a Cristo, pan vivo bajado del cielo, y dig\u00e1mosle:<\/p>\n<p>Cristo, pan de las almas y salvaci\u00f3n de los hombres, fortalece nuestra debilidad.<\/p>\n<p>Se\u00f1or, sacia nuestra hambre en el banquete de tu eucarist\u00eda,<\/p>\n<p>\u2014 y danos participar plenamente de los bienes de tu sacrificio pascual.<\/p>\n<p>Conc\u00e9denos, Maestro bueno, escuchar tu palabra con coraz\u00f3n noble,<\/p>\n<p>\u2014 y haz que perseveremos hasta dar fruto.<\/p>\n<p>Que, con nuestro trabajo, Se\u00f1or, cooperemos contigo para mejorar el mundo,<\/p>\n<p>\u2014 para que as\u00ed, por la acci\u00f3n de tu Iglesia, reine en \u00e9l la paz.<\/p>\n<p>Reconocemos, Se\u00f1or, que hemos pecado,<\/p>\n<p>\u2014 perdona nuestras faltas por tu gran misericordia.<\/p>\n<p>Aqu\u00ed se pueden a\u00f1adir algunas intenciones libres.<\/p>\n<p>Unidos fraternalmente, acudamos ahora al Padre de todos:<\/p>\n<p>&nbsp;<\/p>\n<p><strong>Padre Nuestro<\/strong><\/p>\n<p>Padre nuestro, que est\u00e1s en el cielo,<\/p>\n<p>santificado sea tu nombre,<\/p>\n<p>venga tu reino,<\/p>\n<p>h\u00e1gase tu voluntad en la tierra como en el cielo.<\/p>\n<p>Danos hoy nuestro pan de cada d\u00eda,<\/p>\n<p>perdona nuestras ofensas,<\/p>\n<p>como tambi\u00e9n nosotros perdonamos a los que nos ofenden;<\/p>\n<p>no nos dejes caer en tentaci\u00f3n,<\/p>\n<p>y l\u00edbranos del mal.<\/p>\n<p>&nbsp;<\/p>\n<p><strong>Oraci\u00f3n<\/strong><\/p>\n<p>Oremos:<\/p>\n<p>&nbsp;<\/p>\n<p>Conc\u00e9denos, Se\u00f1or, perseverar en el fiel cumplimiento de tu voluntad, para que, en<\/p>\n<p>nuestros d\u00edas, crezca en santidad y en n\u00famero el pueblo dedicado a tu servicio. Por<\/p>\n<p>Jesucristo nuestro Se\u00f1or.<\/p>\n<p>&nbsp;<\/p>\n<p>Am\u00e9n.<\/p>\n<p>&nbsp;<\/p>\n<p><strong>Conclusi\u00f3n<\/strong><\/p>\n<ol>\n<li>El Se\u00f1or nos bendiga, nos guarde de todo mal y nos lleve a la vida eterna.<\/li>\n<li>Am\u00e9n.<\/li>\n<\/ol>\n<p><a href=\"https:\/\/iglesiatijuana.org\/web\/wp-content\/uploads\/2020\/03\/2f9ff682-cf9d-4684-bc3f-4ee13386ed4d-2.jpg\" data-rel=\"lightbox-image-0\" data-rl_title=\"\" data-rl_caption=\"\" title=\"\"><img loading=\"lazy\" decoding=\"async\" class=\"alignnone size-full wp-image-11514\" src=\"https:\/\/iglesiatijuana.org\/web\/wp-content\/uploads\/2020\/03\/2f9ff682-cf9d-4684-bc3f-4ee13386ed4d-2.jpg\" alt=\"\" width=\"1280\" height=\"604\" srcset=\"https:\/\/iglesiatijuana.org\/web\/wp-content\/uploads\/2020\/03\/2f9ff682-cf9d-4684-bc3f-4ee13386ed4d-2.jpg 1280w, https:\/\/iglesiatijuana.org\/web\/wp-content\/uploads\/2020\/03\/2f9ff682-cf9d-4684-bc3f-4ee13386ed4d-2-300x142.jpg 300w, https:\/\/iglesiatijuana.org\/web\/wp-content\/uploads\/2020\/03\/2f9ff682-cf9d-4684-bc3f-4ee13386ed4d-2-768x362.jpg 768w, https:\/\/iglesiatijuana.org\/web\/wp-content\/uploads\/2020\/03\/2f9ff682-cf9d-4684-bc3f-4ee13386ed4d-2-1024x483.jpg 1024w, https:\/\/iglesiatijuana.org\/web\/wp-content\/uploads\/2020\/03\/2f9ff682-cf9d-4684-bc3f-4ee13386ed4d-2-520x245.jpg 520w, https:\/\/iglesiatijuana.org\/web\/wp-content\/uploads\/2020\/03\/2f9ff682-cf9d-4684-bc3f-4ee13386ed4d-2-720x340.jpg 720w\" sizes=\"auto, (max-width: 1280px) 100vw, 1280px\" \/><\/a><\/p>\n","protected":false},"excerpt":{"rendered":"<p>Martes, 31 de marzo de 2020. &nbsp; Se\u00f1or, abre mis labios. Y mi boca proclamar\u00e1 tu alabanza. Dios m\u00edo, ven en mi auxilio. Se\u00f1or, date prisa en socorrerme. Gloria al Padre, y al Hijo,&#46;&#46;&#46;<\/p>\n","protected":false},"author":101012,"featured_media":11514,"comment_status":"closed","ping_status":"closed","sticky":false,"template":"","format":"standard","meta":{"_exactmetrics_skip_tracking":false,"_exactmetrics_sitenote_active":false,"_exactmetrics_sitenote_note":"","_exactmetrics_sitenote_category":0,"footnotes":""},"categories":[68],"tags":[],"class_list":["post-11516","post","type-post","status-publish","format-standard","has-post-thumbnail","hentry","category-liturgia-de-las-horas"],"_links":{"self":[{"href":"https:\/\/iglesiatijuana.org\/web\/wp-json\/wp\/v2\/posts\/11516","targetHints":{"allow":["GET"]}}],"collection":[{"href":"https:\/\/iglesiatijuana.org\/web\/wp-json\/wp\/v2\/posts"}],"about":[{"href":"https:\/\/iglesiatijuana.org\/web\/wp-json\/wp\/v2\/types\/post"}],"author":[{"embeddable":true,"href":"https:\/\/iglesiatijuana.org\/web\/wp-json\/wp\/v2\/users\/101012"}],"replies":[{"embeddable":true,"href":"https:\/\/iglesiatijuana.org\/web\/wp-json\/wp\/v2\/comments?post=11516"}],"version-history":[{"count":1,"href":"https:\/\/iglesiatijuana.org\/web\/wp-json\/wp\/v2\/posts\/11516\/revisions"}],"predecessor-version":[{"id":11517,"href":"https:\/\/iglesiatijuana.org\/web\/wp-json\/wp\/v2\/posts\/11516\/revisions\/11517"}],"wp:featuredmedia":[{"embeddable":true,"href":"https:\/\/iglesiatijuana.org\/web\/wp-json\/wp\/v2\/media\/11514"}],"wp:attachment":[{"href":"https:\/\/iglesiatijuana.org\/web\/wp-json\/wp\/v2\/media?parent=11516"}],"wp:term":[{"taxonomy":"category","embeddable":true,"href":"https:\/\/iglesiatijuana.org\/web\/wp-json\/wp\/v2\/categories?post=11516"},{"taxonomy":"post_tag","embeddable":true,"href":"https:\/\/iglesiatijuana.org\/web\/wp-json\/wp\/v2\/tags?post=11516"}],"curies":[{"name":"wp","href":"https:\/\/api.w.org\/{rel}","templated":true}]}}