{"id":11520,"date":"2020-03-30T11:30:43","date_gmt":"2020-03-30T18:30:43","guid":{"rendered":"https:\/\/iglesiatijuana.org\/web\/?p=11520"},"modified":"2020-03-30T11:30:43","modified_gmt":"2020-03-30T18:30:43","slug":"jornada-nacional-penitencial","status":"publish","type":"post","link":"https:\/\/iglesiatijuana.org\/web\/jornada-nacional-penitencial\/","title":{"rendered":"Jornada Nacional Penitencial"},"content":{"rendered":"<p><a href=\"https:\/\/iglesiatijuana.org\/web\/wp-content\/uploads\/2020\/03\/logotipo_horizontal_copia.png\" data-rel=\"lightbox-image-0\" data-rl_title=\"\" data-rl_caption=\"\" title=\"\"><img loading=\"lazy\" decoding=\"async\" class=\"wp-image-11373 aligncenter\" src=\"https:\/\/iglesiatijuana.org\/web\/wp-content\/uploads\/2020\/03\/logotipo_horizontal_copia.png\" alt=\"\" width=\"259\" height=\"75\" \/><\/a><\/p>\n<p class=\"p1\" style=\"text-align: right;\"><span class=\"s1\">Ciudad de M\u00e9xico, a 29 de marzo 2020.<\/span><\/p>\n<p class=\"p1\" style=\"text-align: right;\"><span class=\"s1\">Prot. N\u00ba30\/19<\/span><\/p>\n<p style=\"text-align: center;\"><strong>Jornada Nacional Penitencial<span class=\"Apple-converted-space\">\u00a0<\/span><\/strong><\/p>\n<p class=\"p4\" style=\"text-align: center;\"><span class=\"s1\"><em>\u00abUn coraz\u00f3n contrito y humillado, Se\u00f1or, T\u00fa no lo desprecias\u00bb (Sal. 50 (1))<\/em><\/span><\/p>\n<p class=\"p5\" style=\"text-align: center;\">\n<p class=\"p6\" style=\"text-align: justify;\"><span class=\"s1\">Saludamos a todo el pueblo de Dios en estos momentos dif\u00edciles que nos est\u00e1 tocando vivir y nos unimos a toda la familia humana, con la esperanza puesta en Dios y en su infinita misericodia.<span class=\"Apple-converted-space\">\u00a0<\/span><\/span><\/p>\n<p class=\"p7\" style=\"text-align: justify;\"><span class=\"s2\">La Iglesia nos invita en este tiempo de cuaresma a la conversi\u00f3n, a la penitencia y a reconciliarnos con Dios y con nuestros hermanos.\u00a0<\/span><span class=\"s1\">Por ello, los Obispos de M\u00e9xico, a trav\u00e9s de la Comisi\u00f3n Episcopal de Liturgia, convocamos a los sacerdotes y a todo el pueblo cristiano a realizar una\u00a0<strong><em>Jornada Nacional Penitencial el pr\u00f3ximo viernes 3 de abril<\/em><\/strong>, conocido tradicionalmente como \u201cViernes de Dolores\u201d, \u00faltimo viernes del tiempo de cuaresma, previo a la celebraci\u00f3n de la Semana Santa.<span class=\"Apple-converted-space\">\u00a0<\/span><\/span><\/p>\n<p class=\"p6\" style=\"text-align: justify;\"><span class=\"s1\">Convocamos a vivir toda esta Jornada con un\u00a0<strong>Ayuno\u00a0<\/strong>(seg\u00fan las disposiciones establecidas) y a participar, por medio de las plataformas digitales,<strong>\u00a0<\/strong>en una\u00a0<strong>Hora Santa Penitencial<\/strong>, en la que, a la luz de la Palabra de Dios que nos llama a la conversi\u00f3n,<strong>\u00a0haremos juntos un acto de contrici\u00f3n perfecta<\/strong>.<span class=\"Apple-converted-space\">\u00a0<\/span><\/span><\/p>\n<p class=\"p6\" style=\"text-align: justify;\"><span class=\"s1\">Les invitamos a orar, present\u00e1ndonos delante del Se\u00f1or y suplic\u00e1ndole su auxilio a \u00c9l, nuestro intercesor ante el Padre (1Jn 2, 1-2) en esta grave contingencia que todos sufrimos, con actitud de humildad y confianza, pidi\u00e9ndole por el perd\u00f3n de nuestros pecados, para que nos obtenga la salud espiritual y corporal que todos los pueblos necesitamos.<span class=\"Apple-converted-space\">\u00a0<\/span><\/span><\/p>\n<p class=\"p6\" style=\"text-align: justify;\"><span class=\"s1\">Anexamos un subsidio para la realizaci\u00f3n de esta Jornada Nacional Penitencial en todas las di\u00f3cesis, que ha preparado diligentemente la Comisi\u00f3n Episcopal de Liturgia.<span class=\"Apple-converted-space\">\u00a0<\/span><\/span><\/p>\n<p class=\"p6\" style=\"text-align: justify;\"><span class=\"s1\">Rogamos a Santa Mar\u00eda de Guadalupe, salud de los enfermos y refugio de los pecadores, que nos alcance las divinas gracias y promesas de su Hijo Jesucristo.<\/span><\/p>\n<p class=\"p5\">\n<p class=\"p5\" style=\"text-align: center;\"><a href=\"https:\/\/www.cem.org.mx\/i\/uploads\/Jornada_de_penitencia_nacional_VF.pdf\"><strong>Descarga\u00a0<span class=\"s3\">S<\/span><span class=\"s2\">ubsidio<span class=\"Apple-converted-space\">\u00a0<\/span><\/span>Jornada Penitencial Nacional<span class=\"Apple-converted-space\">\u00a0<\/span><\/strong><\/a><\/p>\n<p class=\"p5\" style=\"text-align: center;\">\n<p class=\"p8\" style=\"text-align: center;\">\n<p class=\"p1\" style=\"text-align: center;\"><span class=\"s1\"><span class=\"Apple-converted-space\">\u00a0<\/span><\/span><span class=\"s2\">\u2720<\/span><span class=\"s3\"><strong>\u00a0Jon\u00e1s Guerrero Corona<\/strong><\/span><\/p>\n<p class=\"p1\" style=\"text-align: center;\"><span class=\"s3\">Obispo de Culiac\u00e1n y<\/span><\/p>\n<p class=\"p1\" style=\"text-align: center;\"><span class=\"s3\"><span class=\"Apple-converted-space\">\u00a0 \u00a0\u00a0<\/span>Presidente de Comisi\u00f3n Episcopal\u00a0<\/span>para la Pastoral Lit\u00fargica<span class=\"Apple-converted-space\">\u00a0<\/span><\/p>\n<p class=\"p1\" style=\"text-align: center;\"><span class=\"s1\"><span class=\"Apple-converted-space\">\u00a0<\/span><\/span><span class=\"s2\">\u2720<\/span><span class=\"s3\"><strong>\u00a0Rogelio Cabrera L\u00f3pez<\/strong><\/span><\/p>\n<p class=\"p1\" style=\"text-align: center;\"><span class=\"s3\"><span class=\"Apple-converted-space\">\u00a0<\/span>Arzobispo de Monterrey<\/span><\/p>\n<p class=\"p1\" style=\"text-align: center;\"><span class=\"s3\">Presidente de la CEM<\/span><\/p>\n<p class=\"p1\" style=\"text-align: center;\"><span class=\"s1\"><span class=\"Apple-converted-space\">\u00a0<\/span><\/span><span class=\"s2\">\u2720<\/span><span class=\"s3\"><strong>\u00a0Alfonso G. Miranda Guardiola<\/strong><\/span><\/p>\n<p class=\"p2\" style=\"text-align: center;\"><span class=\"s3\">Obispo Auxiliar de Monterrey<\/span><\/p>\n<p class=\"p2\" style=\"text-align: center;\"><span class=\"s3\">Secretario General de la CEM<\/span><\/p>\n<p class=\"p8\">\n<hr \/>\n<p class=\"p8\">\n<p class=\"p1\" style=\"text-align: center;\"><span class=\"s1\"><strong>C<\/strong><\/span><span class=\"s2\"><strong>omisi\u00f3n\u00a0<\/strong><\/span><span class=\"s1\"><strong>E<\/strong><\/span><span class=\"s2\"><strong>piscopal para la\u00a0<\/strong><\/span><span class=\"s1\"><strong>P<\/strong><\/span><span class=\"s2\"><strong>astoral\u00a0<\/strong><\/span><span class=\"s1\"><strong>L<\/strong><\/span><span class=\"s2\"><strong>it\u00fargica<\/strong><\/span><\/p>\n<p class=\"p8\" style=\"text-align: center;\">\n<p class=\"p8\" style=\"text-align: center;\"><a href=\"https:\/\/iglesiatijuana.org\/web\/wp-content\/uploads\/2020\/03\/imagen_penitencia.png\" data-rel=\"lightbox-image-1\" data-rl_title=\"\" data-rl_caption=\"\" title=\"\"><img loading=\"lazy\" decoding=\"async\" class=\"alignnone  wp-image-11522\" src=\"https:\/\/iglesiatijuana.org\/web\/wp-content\/uploads\/2020\/03\/imagen_penitencia.png\" alt=\"\" width=\"169\" height=\"464\" \/><\/a><\/p>\n<p class=\"p3\" style=\"text-align: center;\"><span class=\"s3\"><strong>S<\/strong><\/span><span class=\"s2\"><strong>ubsidio<span class=\"Apple-converted-space\">\u00a0<\/span><\/strong><\/span><\/p>\n<p class=\"p8\" style=\"text-align: center;\">\n<p class=\"p3\" style=\"text-align: center;\"><span class=\"s4\"><strong>\u00a0<\/strong><\/span><span class=\"s2\"><strong>Jornada Penitencial nacional<span class=\"Apple-converted-space\">\u00a0<\/span><\/strong><\/span><\/p>\n<p class=\"p3\" style=\"text-align: center;\"><span class=\"s2\">Viernes 3 de abril A. D. MMXX<\/span><\/p>\n<p class=\"p8\" style=\"text-align: center;\">\n<p class=\"p8\" style=\"text-align: center;\">\n<p class=\"p7\" style=\"text-align: center;\"><span class=\"s5\">\u00a0<\/span><span class=\"s1\"><strong>J<\/strong><\/span><span class=\"s2\"><strong>ornada\u00a0<\/strong><\/span><span class=\"s1\"><strong>P<\/strong><\/span><span class=\"s2\"><strong>enitencial\u00a0<\/strong><\/span><span class=\"s1\"><strong>N<\/strong><\/span><span class=\"s2\"><strong>acional<\/strong><\/span><\/p>\n<p class=\"p8\" style=\"text-align: center;\">\n<p class=\"p8\" style=\"text-align: center;\"><span class=\"s2\"><em>Subsidio para las di\u00f3cesis<\/em><\/span><\/p>\n<p class=\"p8\">\n<p class=\"p8\">\n<blockquote>\n<p class=\"p11\" style=\"text-align: justify;\"><span class=\"s2\">Ante la pandemia ocasionada por la COVID-19, los Obispos de M\u00e9xico convocan a todo el pueblo mexicano a una jornada nacional penitencial el viernes 3 de abril, conocido tradicionalmente como \u201cViernes de Dolores\u201d [Decreto de la Congregaci\u00f3n para el Culto Divino y la Disciplina de los Sacramentos, del 18 de marzo de 1995 (Prot. 452\/95\/L)], \u00faltimo viernes del Tiempo de Cuaresma, tiempo penitencial por excelencia.<\/span><\/p>\n<\/blockquote>\n<p class=\"p8\">\n<p class=\"p11\" style=\"text-align: center;\"><span class=\"s2\">La Iglesia hoy nos invita a vivir la penitencia en nuestras propias vidas; un modo particular de hacerlo es con las obras de penitencia:<\/span><\/p>\n<p class=\"p8\">\n<ol class=\"ol1\">\n<li class=\"li11\" style=\"text-align: justify;\"><span class=\"s2\">Perseverar en los deberes del propio estado:<\/span>\n<ol class=\"ol2\">\n<li class=\"li11\"><span class=\"s2\">Dificultades encontradas en el trabajo y en la convivencia humana<\/span><\/li>\n<li class=\"li11\"><span class=\"s2\">Paciente sufrimiento de las pruebas diarias<\/span><\/li>\n<li class=\"li11\"><span class=\"s2\">Inseguridades con la que se enfrenta la vida<\/span><\/li>\n<\/ol>\n<\/li>\n<li class=\"li11\" style=\"text-align: justify;\"><span class=\"s2\">Unir los propios dolores a los de Cristo:<\/span>\n<ol class=\"ol2\">\n<li class=\"li11\"><span class=\"s2\">Enfermedad<\/span><\/li>\n<li class=\"li11\"><span class=\"s2\">Pobreza<\/span><\/li>\n<li class=\"li11\"><span class=\"s2\">Desgracia<\/span><\/li>\n<li class=\"li11\"><span class=\"s2\">Persecuci\u00f3n por causa de la justicia<\/span><\/li>\n<\/ol>\n<\/li>\n<li class=\"li11\" style=\"text-align: justify;\"><span class=\"s2\">Los sacerdotes y consagrados vivan particularmente la abnegaci\u00f3n y anonadamiento<\/span><\/li>\n<\/ol>\n<p class=\"p8\" style=\"text-align: justify;\">\n<p class=\"p11\" style=\"text-align: justify;\"><span class=\"s2\">La Iglesia tambi\u00e9n nos invita a realizar las siguientes acciones de penitencia, propias de este Tiempo de Cuaresma:<\/span><\/p>\n<p class=\"p8\" style=\"text-align: justify;\">\n<ol class=\"ol1\">\n<li class=\"li11\" style=\"text-align: justify;\"><span class=\"s2\">Ayuno: consta de una sola comida durante el d\u00eda, sin que se prohiba tomar un poco de alimento por la ma\u00f1ana y por la noche, atendiendo a la calidad y cantidad.<\/span><\/li>\n<li class=\"li11\" style=\"text-align: justify;\"><span class=\"s2\">Abstinencia: que consiste en no consumir carnes, esto es, el tejido animal muscular de animales terrestres, es decir, mam\u00edferos, aves y reptiles.<\/span><\/li>\n<li class=\"li11\" style=\"text-align: justify;\"><span class=\"s2\">Obras de caridad y misericordia.<\/span><\/li>\n<li class=\"li11\"><span class=\"s2\">Devociones:<\/span>\n<ol class=\"ol2\">\n<li class=\"li11\" style=\"text-align: justify;\"><span class=\"s2\">Devoci\u00f3n a Nuestra Se\u00f1ora de los Dolores<\/span><\/li>\n<li class=\"li11\" style=\"text-align: justify;\"><span class=\"s2\">Rezo de la Corona de la Divina misericordia<\/span><\/li>\n<li class=\"li11\" style=\"text-align: justify;\"><span class=\"s2\">Rezo del Via Crucis<\/span><\/li>\n<\/ol>\n<\/li>\n<\/ol>\n<p class=\"p8\" style=\"text-align: justify;\">\n<p class=\"p11\" style=\"text-align: justify;\"><span class=\"s2\">Adem\u00e1s de exhortar a los fieles a todas las anteriores pr\u00e1cticas y obras de penitencia, los Obispos de M\u00e9xico los exhortamos a participar en una Hora Santa penitencial a trav\u00e9s de las plataformas digitales, en la cual, nos ponemos delante del Se\u00f1or, real y verdaderamente presente en el Sant\u00edsimo Sacramento del altar, y le suplicamos a \u00e9l, \u201cnuestro intercesor ante el Padre\u201d (1 Jn 2, 2. 3) que nos alcance la salud espiritual y corporal.\u00a0<span class=\"Apple-converted-space\">\u00a0<\/span><\/span><\/p>\n<p class=\"p8\" style=\"text-align: justify;\">\n<p class=\"p11\" style=\"text-align: justify;\"><span class=\"s2\">Retomando la nota de la Penitenciar\u00eda Apost\u00f3lica, de fecha del 20 de marzo de 2020, acerca del Sacramento de la Penitencia en la actual situaci\u00f3n de pandemia, donde puntualiza que: \u201c<em>Cuando el fiel se encuentre en la dolorosa imposibilidad de recibir la absoluci\u00f3n sacramental, debe recordarse que la contrici\u00f3n perfecta, procedente del amor del Dios amado sobre todas las cosas, expresada por una sincera petici\u00f3n de perd\u00f3n (la que el penitente pueda expresar en ese momento) y acompa\u00f1ada del firme prop\u00f3sito de recurrir cuanto antes a la confesi\u00f3n sacramental, obtiene el perd\u00f3n de los pecados, incluso mortales<\/em>\u00a0(<em>cf<\/em>. Catecismo de la Iglesia Cat\u00f3lica, n. 1452)\u201d,\u00a0<\/span><span class=\"s6\"><strong>en la misma Hora Santa, a la luz de la Palabra de Dios que nos llama a la conversi\u00f3n, haremos juntos un acto de contrici\u00f3n perfecta<\/strong><\/span><span class=\"s2\">, con la petici\u00f3n y esperanza de muy pronto tener acceso al Sacramento de la Penitencia.<\/span><\/p>\n<p class=\"p8\" style=\"text-align: justify;\">\n<p class=\"p12\" style=\"text-align: center;\"><span class=\"s2\"><strong>Obras de misericordia<\/strong><\/span><\/p>\n<p class=\"p8\">\n<p class=\"p14\" style=\"text-align: justify;\"><span class=\"s2\">El practicar las obras de misericordia, contribuir\u00e1 a que pongas tu granito de arena para generar el cambio que la sociedad de hoy tanto necesita. Las obras de misericordia invitan a predicar con el ejemplo, y a identificarnos con otros. Es decir, a anteponer nuestra humanidad a cualquier inter\u00e9s material, algo que actualmente hace mucha falta.<\/span><\/p>\n<p class=\"p8\" style=\"text-align: justify;\">\n<ul class=\"ul1\">\n<li class=\"li14\" style=\"text-align: justify;\"><strong><span class=\"s2\">CORPORALES<\/span><\/strong><\/li>\n<\/ul>\n<p class=\"li14\" style=\"text-align: justify;\"><strong><span class=\"s2\">1. Dar de comer al hambriento<\/span><\/strong><\/p>\n<p class=\"li14\" style=\"text-align: justify;\"><strong><span class=\"s2\">2. Dar de beber al sediento<\/span><\/strong><\/p>\n<p class=\"li14\" style=\"text-align: justify;\">Se refieren a procurar las necesidades b\u00e1sicas del alimento y la bebida con los m\u00e1s desfavorecidos. Esto es parte del bien com\u00fan que agrada a Dios y nos hace mejores personas.<\/p>\n<p class=\"li14\" style=\"text-align: justify;\"><strong><span class=\"s2\">3. Dar posada al peregrino<\/span><\/strong><\/p>\n<p class=\"p16\" style=\"text-align: justify;\"><span class=\"s2\">Alojar a los viajeros era un gesto de calidad humana muy importante en tiempos antiguos, debido a los peligros que se encontraban en las traves\u00edas.<\/span><\/p>\n<p class=\"p16\" style=\"text-align: justify;\"><span class=\"s2\">Actualmente, dar refugio a quien se encuentra en situaci\u00f3n de calle, sigue siendo una obra de misericordia que manifiesta nuestra empat\u00eda con otro ser humano, y nos muestra la fraternidad que nos une como pueblo.\u00a0<\/span><\/p>\n<p class=\"li14\" style=\"text-align: justify;\"><strong><span class=\"s2\">4. Vestir al desnudo<\/span><\/strong><\/p>\n<p class=\"p16\" style=\"text-align: justify;\"><span class=\"s2\">Donar ropa que ya no utilizamos a alguien que la necesita, es una de las\u00a0obras de misericordia\u00a0que muchas familias ponen en pr\u00e1ctica actualmente.\u00a0<\/span><\/p>\n<p class=\"p16\" style=\"text-align: justify;\"><span class=\"s2\">De esta manera contribuimos a proteger de las inclemencias del clima a los m\u00e1s desprotegidos, y tambi\u00e9n le hacemos un favor al planeta evitando que esta ropa se convierta en basura.\u00a0<\/span><\/p>\n<p class=\"li14\" style=\"text-align: justify;\"><strong><span class=\"s2\">5. Visitar al enfermo<\/span><\/strong><\/p>\n<p class=\"p16\" style=\"text-align: justify;\"><span class=\"s2\">Asistir y consolar a un enfermo, es un acto de amor al pr\u00f3jimo en el cual manifestamos al mismo tiempo nuestro amor al Creador. As\u00ed contribuimos a proteger su creaci\u00f3n en nuestros hermanos enfermos.<\/span><\/p>\n<p class=\"p16\" style=\"text-align: justify;\"><span class=\"s2\">Nadie estamos exentos de sufrir una enfermedad, y cuando esto ocurre no podemos evitar que nuestro estado de \u00e1nimo decaiga. Por ello, es muy importante contar con el apoyo de nuestros semejantes, as\u00ed evitamos caer en depresiones que solamente empeorar\u00edan nuestro malestar f\u00edsico.<\/span><\/p>\n<p class=\"li14\" style=\"text-align: justify;\"><strong><span class=\"s2\">6. Visitar a los presos<\/span><\/strong><\/p>\n<p class=\"p16\" style=\"text-align: justify;\"><span class=\"s2\">Esta obra de misericordia se refiere a dar ayuda tanto material como espiritual a quienes por diversas circunstancias se encuentran privados de su libertad.<\/span><\/p>\n<p class=\"li14\" style=\"text-align: justify;\"><strong><span class=\"s2\">7. Enterrar a los difuntos<\/span><\/strong><\/p>\n<p class=\"p8\" style=\"text-align: justify;\">\u00a0Teniendo en cuenta que el cuerpo es el estuche del alma.<\/p>\n<p class=\"p8\" style=\"text-align: justify;\">\n<ul class=\"ul1\" style=\"text-align: justify;\">\n<li class=\"li14\"><strong><span class=\"s2\">ESPIRITULES<\/span><\/strong><\/li>\n<\/ul>\n<p class=\"p8\" style=\"text-align: justify;\">\n<p class=\"li14\" style=\"text-align: justify;\"><span class=\"s2\"><strong>1. Ense\u00f1ar al que no sabe<\/strong><\/span><\/p>\n<p class=\"p8\" style=\"text-align: justify;\">\u00a0Compartir el conocimiento es quiz\u00e1 el acto m\u00e1s noble que puede hacer un ser humano. De alguna manera trascendemos y dejamos una huella que nuestro aprendiz dejar\u00e1 a su vez en otros, dando as\u00ed la posibilidad de crecer como sociedad.<\/p>\n<p class=\"li14\" style=\"text-align: justify;\"><strong><span class=\"s2\">2. Dar buen consejo al que lo necesita<\/span><\/strong><\/p>\n<p class=\"p16\" style=\"text-align: justify;\"><span class=\"s2\">El consejo es uno de los dones otorgados por el Esp\u00edritu Santo. Por ello, esta obra de misericordia va m\u00e1s all\u00e1 de dar opiniones personales a otro. Se trata de guiarlo en situaciones dif\u00edciles.<\/span><\/p>\n<p class=\"li14\" style=\"text-align: justify;\"><strong><span class=\"s2\">3. Corregir al que se equivoca<\/span><\/strong><\/p>\n<p class=\"p8\" style=\"text-align: justify;\">Esta obra de misericordia consiste en llevar por el buen camino a quien ha pecado.<\/p>\n<p class=\"p8\" style=\"text-align: justify;\">Nadie estamos exentos de cometer errores, pues ello es parte de la naturaleza humana. Sin embargo, al vivir en sociedad debemos corregir al que se equivoca, haci\u00e9ndole ver sobre todo el por qu\u00e9 lo que hizo fue un error, siempre con paciencia y sin humillarlo, pues m\u00e1s que reprochar se trata de guiar.<\/p>\n<p class=\"p8\" style=\"text-align: justify;\">Con esto estamos manifestando nuestra calidad de hermanos que tenemos con nuestros semejantes, consider\u00e1ndonos todos hijos de Dios.<\/p>\n<p class=\"li14\" style=\"text-align: justify;\"><strong><span class=\"s2\">4. Perdonar al que nos ofende<\/span><\/strong><\/p>\n<p class=\"p16\" style=\"text-align: justify;\"><span class=\"s2\">Esta obra de misericordia implica un crecimiento espiritual en el cual superamos sentimientos de venganza y rencor.\u00a0<\/span><\/p>\n<p class=\"p16\" style=\"text-align: justify;\">De este modo, al superarnos a nosotros mismos en nuestros sentimientos negativos, ponemos en pr\u00e1ctica la frase de la Oraci\u00f3n del Se\u00f1or: \u201cperdona nuestras ofensas, as\u00ed como tambi\u00e9n nosotros perdonamos a los que nos ofenden\u201d.<\/p>\n<p class=\"li14\" style=\"text-align: justify;\"><strong><span class=\"s2\">5. Consolar al triste<\/span><\/strong><\/p>\n<p class=\"p8\" style=\"text-align: justify;\">Dar consuelo a quien es aquejado por el dolor del alma conocido como tristeza, es una obra de misericordia. Es un acto que nos asemeja a Jes\u00fas cuando se compadec\u00eda del dolor ajeno. Nos une tambi\u00e9n como hermanos ante los ojos de Dios, y saca a relucir lo m\u00e1s bello que podemos tener como seres humanos: la empat\u00eda.<\/p>\n<p class=\"li14\" style=\"text-align: justify;\"><strong><span class=\"s2\">6. Sufrir con paciencia los defectos de los dem\u00e1s<\/span><\/strong><\/p>\n<p class=\"p16\" style=\"text-align: justify;\"><span class=\"s2\">Aplicar la paciencia ante los defectos de otros engrandece nuestra virtud, y nos muestra que verdaderamente amamos a los dem\u00e1s. Sin embargo, cuando estos defectos est\u00e1n causando da\u00f1o propio, es conveniente, con serenidad, hacer una advertencia al otro.\u00a0<\/span><\/p>\n<p class=\"li14\" style=\"text-align: justify;\"><strong><span class=\"s2\">7. Orar por vivos y difuntos<\/span><\/strong><\/p>\n<p class=\"li14\" style=\"text-align: justify;\">La oraci\u00f3n es el poder que tenemos para dar paz a las almas de nuestros semejantes. Por ello, el Papa Francisco hace un llamado a rezar tanto por los vivos como por los muertos, para que sus almas est\u00e9n en paz.<\/p>\n<p class=\"p8\" style=\"text-align: justify;\">\n<p class=\"p19\" style=\"text-align: center;\"><span class=\"s2\"><strong>Siete dolores de Mar\u00eda:<\/strong><\/span><\/p>\n<p class=\"p8\">\n<p class=\"p21\" style=\"text-align: justify;\"><span class=\"s2\"><strong>Primer Dolor:<\/strong><\/span><\/p>\n<p class=\"p21\" style=\"text-align: justify;\"><span class=\"s2\"><strong>La profec\u00eda de Sime\u00f3n en la presentaci\u00f3n del Ni\u00f1o Jes\u00fas<\/strong><\/span><\/p>\n<p class=\"p14\" style=\"text-align: justify;\"><span class=\"s2\">Virgen Mar\u00eda: por el dolor que sentiste cuando Sime\u00f3n te anunci\u00f3 que una espada de dolor atravesar\u00eda tu alma, por los sufrimientos de Jes\u00fas, y ya en cierto modo te manifest\u00f3 que tu participaci\u00f3n en nuestra redenci\u00f3n ser\u00eda a base de dolor; te acompa\u00f1amos en este dolor.<span class=\"Apple-converted-space\">\u00a0\u00a0<\/span>Y, por los m\u00e9ritos del mismo, haz que seamos dignos hijos tuyos y sepamos imitar tus virtudes.<\/span><\/p>\n<p class=\"p8\" style=\"text-align: justify;\"><span class=\"s2\"><em>Dios te salve Mar\u00eda,\u00a0llena eres de gracia, el Se\u00f1or es contigo,\u00a0bendita eres entre las mujeres\u00a0y bendito es el fruto de tu vientre, Jes\u00fas.<span class=\"Apple-converted-space\">\u00a0<\/span><\/em><\/span><\/p>\n<p class=\"p14\" style=\"text-align: justify;\"><span class=\"s2\"><em>Santa Mar\u00eda, Madre de Dios,\u00a0ruega por nosotros, pecadores,\u00a0ahora y en la hora de nuestra muerte.<\/em><\/span><\/p>\n<p class=\"p14\" style=\"text-align: justify;\"><span class=\"s2\"><em>Am\u00e9n.<\/em><\/span><\/p>\n<p class=\"p8\" style=\"text-align: justify;\">\n<p class=\"p21\" style=\"text-align: justify;\"><span class=\"s2\"><strong>Segundo Dolor:<\/strong><\/span><\/p>\n<p class=\"p21\" style=\"text-align: justify;\"><span class=\"s2\"><strong>La huida a Egipto con Jes\u00fas y Jos\u00e9<\/strong><\/span><\/p>\n<p class=\"p14\" style=\"text-align: justify;\"><span class=\"s2\">Virgen Mar\u00eda: por el dolor que sentiste cuando tuviste que huir precipitadamente tan lejos, pasando grandes penalidades, sobre todo al ser tu Hijo tan peque\u00f1o; al poco de nacer, ya era perseguido de muerte el que precisamente hab\u00eda venido a traernos vida eterna; te acompa\u00f1amos en este dolor. Y, por los m\u00e9ritos del mismo, haz que sepamos huir siempre de las tentaciones del demonio.<\/span><\/p>\n<p class=\"p14\" style=\"text-align: justify;\"><span class=\"s2\"><em>Dios te salve Mar\u00eda,\u00a0llena eres de gracia, el Se\u00f1or es contigo,\u00a0bendita eres entre las mujeres\u00a0y bendito es el fruto de tu vientre, Jes\u00fas.<span class=\"Apple-converted-space\">\u00a0<\/span><\/em><\/span><\/p>\n<p class=\"p14\" style=\"text-align: justify;\"><span class=\"s2\"><em>Santa Mar\u00eda, Madre de Dios,\u00a0ruega por nosotros, pecadores,\u00a0ahora y en la hora de nuestra muerte.<\/em><\/span><\/p>\n<p class=\"p14\" style=\"text-align: justify;\"><span class=\"s2\"><em>Am\u00e9n.<\/em><\/span><\/p>\n<p class=\"p8\" style=\"text-align: justify;\">\n<p class=\"p21\" style=\"text-align: justify;\"><span class=\"s2\"><strong>Tercer Dolor:<\/strong><\/span><\/p>\n<p class=\"p21\" style=\"text-align: justify;\"><span class=\"s2\"><strong>La p\u00e9rdida de Jes\u00fas<\/strong><\/span><\/p>\n<p class=\"p14\" style=\"text-align: justify;\"><span class=\"s2\">Virgen Mar\u00eda: por las l\u00e1grimas que derramaste y el dolor que sentiste al perder a tu Hijo; tres d\u00edas busc\u00e1ndolo angustiada; pensar\u00edas qu\u00e9 le habr\u00eda podido ocurrir en una edad en que todav\u00eda depend\u00eda de tu cuidado y de san Jos\u00e9; te acompa\u00f1amos en este dolor.<span class=\"Apple-converted-space\">\u00a0\u00a0<\/span>Y, por los m\u00e9ritos del mismo, haz que los j\u00f3venes no se pierdan por malos caminos.<\/span><\/p>\n<p class=\"p14\" style=\"text-align: justify;\"><span class=\"s2\"><em>Dios te salve Mar\u00eda,\u00a0llena eres de gracia, el Se\u00f1or es contigo,\u00a0bendita eres entre las mujeres\u00a0y bendito es el fruto de tu vientre, Jes\u00fas.<span class=\"Apple-converted-space\">\u00a0<\/span><\/em><\/span><\/p>\n<p class=\"p8\" style=\"text-align: justify;\"><em>Santa Mar\u00eda, Madre de Dios,\u00a0ruega por nosotros, pecadores,\u00a0ahora y en la hora de nuestra muerte.<\/em><\/p>\n<p class=\"p14\" style=\"text-align: justify;\"><span class=\"s2\"><em>Am\u00e9n.<\/em><\/span><\/p>\n<p class=\"p8\" style=\"text-align: justify;\">\n<p class=\"p21\" style=\"text-align: justify;\"><span class=\"s2\"><strong>Cuarto Dolor:<\/strong><\/span><\/p>\n<p class=\"p21\" style=\"text-align: justify;\"><span class=\"s2\"><strong>El encuentro de Jes\u00fas con la cruz a cuestas camino del calvario<\/strong><\/span><\/p>\n<p class=\"p14\" style=\"text-align: justify;\"><span class=\"s2\">Virgen Mar\u00eda: por las l\u00e1grimas que derramaste y el dolor que sentiste al ver a tu Hijo cargado con la cruz, como cargado con nuestras culpas, llevando el instrumento de su propio suplicio de muerte; \u00e9l, que era creador de la vida, acept\u00f3 por nosotros sufrir este desprecio tan grande de ser condenado a muerte y precisamente muerte de cruz, despu\u00e9s de haber sido azotado como si fuera un malhechor y, siendo verdadero Rey de reyes, coronado de espinas; ni la mejor corona del mundo hubiera sido suficiente para honrarle y ce\u00f1\u00edrsela en su frente; en cambio, le dieron lo peor del mundo clav\u00e1ndole las espinas en la frente y, aunque le ocasionar\u00edan un gran dolor f\u00edsico, a\u00fan mayor ser\u00eda el dolor espiritual por ser una burla y una humillaci\u00f3n tan grande; sufri\u00f3 y se humill\u00f3 hasta lo indecible, para levantarnos a nosotros del pecado; te acompa\u00f1amos en este dolor.<span class=\"Apple-converted-space\">\u00a0\u00a0<\/span>Y, por los m\u00e9ritos del mismo, haz que seamos dignos vasallos de tan gran Rey y sepamos ser humildes como \u00e9ll lo fue.<\/span><\/p>\n<p class=\"p14\" style=\"text-align: justify;\"><span class=\"s2\"><em>Dios te salve Mar\u00eda,\u00a0llena eres de gracia, el Se\u00f1or es contigo,\u00a0bendita eres entre las mujeres\u00a0y bendito es el fruto de tu vientre, Jes\u00fas.<span class=\"Apple-converted-space\">\u00a0<\/span><\/em><\/span><\/p>\n<p class=\"p14\" style=\"text-align: justify;\"><span class=\"s2\"><em>Santa Mar\u00eda, Madre de Dios,\u00a0ruega por nosotros, pecadores,\u00a0ahora y en la hora de nuestra muerte.<\/em><\/span><\/p>\n<p class=\"p14\" style=\"text-align: justify;\"><span class=\"s2\"><em>Am\u00e9n.<\/em><\/span><\/p>\n<p class=\"p8\" style=\"text-align: justify;\">\n<p class=\"p22\" style=\"text-align: justify;\"><span class=\"s2\"><strong>Quinto Dolor:<\/strong><\/span><\/p>\n<p class=\"p8\" style=\"text-align: justify;\">\u00a0<strong>La crucifixi\u00f3n y la agon\u00eda de Jes\u00fas<\/strong><\/p>\n<p class=\"p14\" style=\"text-align: justify;\"><span class=\"s2\">Virgen Mar\u00eda: por las l\u00e1grimas que derramaste y el dolor que sentiste al ver la crueldad de clavar los clavos en las manos y pies de tu amad\u00edsimo Hijo, y luego al verle agonizando en la cruz; para darnos vida a nosotros, llev\u00f3 su pasi\u00f3n hasta la muerte, y \u00e9ste era el momento cumbre de su pasi\u00f3n; t\u00fa misma tambi\u00e9n te sentir\u00edas morir de dolor en aquel momento; te acompa\u00f1amos en este dolor.<span class=\"Apple-converted-space\">\u00a0\u00a0<\/span>Y, por los m\u00e9ritos del mismo, no permitas que jam\u00e1s muramos por el pecado y haz que podamos recibir los frutos de la redenci\u00f3n.<\/span><\/p>\n<p class=\"p14\" style=\"text-align: justify;\"><span class=\"s2\"><em>Dios te salve Mar\u00eda,\u00a0llena eres de gracia, el Se\u00f1or es contigo,\u00a0bendita eres entre las mujeres\u00a0y bendito es el fruto de tu vientre, Jes\u00fas.<span class=\"Apple-converted-space\">\u00a0<\/span><\/em><\/span><\/p>\n<p class=\"p14\" style=\"text-align: justify;\"><span class=\"s2\"><em>Santa Mar\u00eda, Madre de Dios,\u00a0ruega por nosotros, pecadores,\u00a0ahora y en la hora de nuestra muerte.<\/em><\/span><\/p>\n<p class=\"p14\" style=\"text-align: justify;\"><span class=\"s2\"><em>Am\u00e9n.<\/em><\/span><\/p>\n<p class=\"p8\" style=\"text-align: justify;\">\n<p class=\"p21\" style=\"text-align: justify;\"><span class=\"s2\"><strong>Sexto Dolor:<\/strong><\/span><\/p>\n<p class=\"p21\" style=\"text-align: justify;\"><span class=\"s2\"><strong>La lanzada y el recibir en brazos a Jes\u00fas ya muerto<\/strong><\/span><\/p>\n<p class=\"p14\" style=\"text-align: justify;\"><span class=\"s2\">Virgen Mar\u00eda: por las l\u00e1grimas que derramaste y el dolor que sentiste al ver la lanzada que dieron en el coraz\u00f3n de tu Hijo; sentir\u00edas como si la hubieran dado en tu propio coraz\u00f3n; el Coraz\u00f3n divino, s\u00edmbolo del gran amor que Jes\u00fas tuvo ya no solamente a ti como Madre, sino tambi\u00e9n a nosotros por quienes dio la vida; y t\u00fa, que hab\u00edas tenido en tus brazos a tu Hijo sonriente y lleno de bondad, ahora te lo devolv\u00edan muerto, v\u00edctima de la maldad de algunos hombres y tambi\u00e9n v\u00edctima de nuestros pecados; te acompa\u00f1amos en este dolor. Y, por los m\u00e9ritos del mismo, haz que sepamos amar a Jes\u00fas como \u00e9l nos amo.<\/span><\/p>\n<p class=\"p14\" style=\"text-align: justify;\"><span class=\"s2\"><em>Dios te salve Mar\u00eda,\u00a0llena eres de gracia, el Se\u00f1or es contigo,\u00a0bendita eres entre las mujeres\u00a0y bendito es el fruto de tu vientre, Jes\u00fas.<span class=\"Apple-converted-space\">\u00a0<\/span><\/em><\/span><\/p>\n<p class=\"p14\" style=\"text-align: justify;\"><span class=\"s2\"><em>Santa Mar\u00eda, Madre de Dios,\u00a0ruega por nosotros, pecadores,\u00a0ahora y en la hora de nuestra muerte.<\/em><\/span><\/p>\n<p class=\"p14\" style=\"text-align: justify;\"><span class=\"s2\"><em>Am\u00e9n.<\/em><\/span><\/p>\n<p class=\"p8\" style=\"text-align: justify;\">\n<p class=\"p22\" style=\"text-align: justify;\"><span class=\"s2\"><strong>S\u00e9ptimo Dolor:<\/strong><\/span><\/p>\n<p class=\"p21\" style=\"text-align: justify;\"><span class=\"s2\"><strong>El entierro de Jes\u00fas y la soledad de Mar\u00eda<\/strong><\/span><\/p>\n<p class=\"p8\" style=\"text-align: justify;\">\u00a0Virgen Mar\u00eda: por las l\u00e1grimas que derramaste y el dolor que sentiste al enterrar a tu Hijo; \u00e9ll, que era Creador y Se\u00f1or de todo el universo, era enterrado en tierra; llev\u00f3 su humillaci\u00f3n hasta el \u00faltimo momento; y aunque t\u00fa supieras que al tercer d\u00eda resucitar\u00eda, el trance de la muerte era real; te quitaron a Jes\u00fas por la muerte m\u00e1s injusta que se haya podido dar en todo el mundo en todos los siglos; siendo la suprema inocencia y la bondad infinita, fue torturado y muerto con la muerte m\u00e1s ignominiosa; tan caro pag\u00f3 nuestro rescate por nuestros pecados; y t\u00fa, Madre nuestra le acompa\u00f1aste en todos sus sufrimientos: y ahora, llena de aflicci\u00f3n; te acompa\u00f1amos en este dolor.<span class=\"Apple-converted-space\">\u00a0\u00a0<\/span>Y, por los m\u00e9ritos del mismo, conc\u00e9denos a cada uno de nosotros la gracia particular que te pedimos\u2026<\/p>\n<p class=\"p14\" style=\"text-align: justify;\"><span class=\"s2\"><em>Dios te salve Mar\u00eda,\u00a0llena eres de gracia, el Se\u00f1or es contigo,\u00a0bendita eres entre las mujeres\u00a0y bendito es el fruto de tu vientre, Jes\u00fas.<span class=\"Apple-converted-space\">\u00a0<\/span><\/em><\/span><\/p>\n<p class=\"p14\" style=\"text-align: justify;\"><span class=\"s2\"><em>Santa Mar\u00eda, Madre de Dios,\u00a0ruega por nosotros, pecadores,\u00a0ahora y en la hora de nuestra muerte.<\/em><\/span><\/p>\n<p class=\"p14\" style=\"text-align: justify;\"><span class=\"s2\"><em>Am\u00e9n.<\/em><\/span><\/p>\n<p class=\"p8\">\n<p class=\"p14\"><span class=\"s2\"><br \/>\nMadre nuestra,<span class=\"Apple-converted-space\">\u00a0<\/span><\/span><\/p>\n<p class=\"p14\"><span class=\"s2\">t\u00fa estabas serena y fuerte junto a la cruz de Jes\u00fas.<span class=\"Apple-converted-space\">\u00a0<\/span><\/span><\/p>\n<p class=\"p14\"><span class=\"s2\">Ofrec\u00edas tu Hijo al Padre<span class=\"Apple-converted-space\">\u00a0<\/span><\/span><\/p>\n<p class=\"p14\"><span class=\"s2\">para la redenci\u00f3n del mundo.<\/span><\/p>\n<p class=\"p14\"><span class=\"s2\">Lo perd\u00edas, en cierto sentido,<span class=\"Apple-converted-space\">\u00a0<\/span><\/span><\/p>\n<p class=\"p14\"><span class=\"s2\">porque \u00e9l ten\u00eda que estar en las cosas de su Padre,<span class=\"Apple-converted-space\">\u00a0<\/span><\/span><\/p>\n<p class=\"p14\"><span class=\"s2\">pero lo ganabas porque se convert\u00eda en Redentor del mundo,<span class=\"Apple-converted-space\">\u00a0<\/span><\/span><\/p>\n<p class=\"p8\">\u00a0en el amigo que da la vida por sus amigos.<\/p>\n<p class=\"p14\"><span class=\"s2\">Mar\u00eda, \u00a1qu\u00e9 hermoso es escuchar desde la cruz las palabras de Jes\u00fas:<span class=\"Apple-converted-space\">\u00a0<\/span><\/span><\/p>\n<p class=\"p14\"><span class=\"s2\">\u201cAh\u00ed tienes a tu hijo&#8221;, &#8220;ah\u00ed tienes a tu Madre\u201d.<\/span><\/p>\n<p class=\"p14\"><span class=\"s2\">\u00a1Qu\u00e9 bueno si te recibimos en nuestra casa como Juan!<span class=\"Apple-converted-space\">\u00a0<\/span><\/span><\/p>\n<p class=\"p14\"><span class=\"s2\">Queremos llevarte siempre a nuestra casa.<span class=\"Apple-converted-space\">\u00a0<\/span><\/span><\/p>\n<p class=\"p14\"><span class=\"s2\">Nuestra casa es el lugar donde vivimos;<\/span><\/p>\n<p class=\"p14\"><span class=\"s2\">pero es sobre todo el coraz\u00f3n,<span class=\"Apple-converted-space\">\u00a0<\/span><\/span><\/p>\n<p class=\"p14\"><span class=\"s2\">donde mora la Trinidad Sant\u00edsima.<span class=\"Apple-converted-space\">\u00a0<\/span><\/span><\/p>\n<p class=\"p14\"><span class=\"s2\">Am\u00e9n.<\/span><\/p>\n<p class=\"p8\">\n<p class=\"p23\" style=\"text-align: center;\"><span class=\"s2\"><strong>Hora Santa Penitencial<\/strong><\/span><\/p>\n<p class=\"p11\" style=\"text-align: justify;\"><span class=\"s2\">Se procurar\u00e1 que cada di\u00f3cesis, seg\u00fan las indicaciones del Obispo diocesano, establezca la modalidad de esta Hora Santa, sea una \u00fanica en la Catedral o en por parroquia, la cual pueda ser transmitida por medios digitales para que todos los fieles, desde sus hogares, puedan tomar parte en ella.<\/span><\/p>\n<p class=\"p11\" style=\"text-align: justify;\"><span class=\"s2\">La hostia se consagrar\u00e1 en la Misa inmediatamente anterior.<\/span><\/p>\n<p class=\"p10\" style=\"text-align: justify;\">El lugar se preparar\u00e1 de la siguiente manera (<em>cf.\u00a0<\/em>Ritual de la sagrada Comuni\u00f3n y el Culto Eucar\u00edstico fuera de la Misa, nn. 92-96:<span class=\"Apple-converted-space\">\u00a0<\/span><\/p>\n<p class=\"p8\" style=\"text-align: justify;\"><strong>\u00a01. En el presbiterio:<\/strong><\/p>\n<ol class=\"ol1\" style=\"text-align: justify;\">\n<li class=\"li11\"><span class=\"s2\">El altar v\u00edstase con un mantel blanco digno, pero no festivo.<\/span><\/li>\n<li class=\"li11\"><span class=\"s2\">Sobre el altar, o bien sobre el manifestador, col\u00f3quese un corporal.<\/span><\/li>\n<li class=\"li11\"><span class=\"s2\">Sobre el corporal est\u00e9 colocada la custodia.<\/span><\/li>\n<li class=\"li11\"><span class=\"s2\">Sobre o cerca del altar haya seis cirios encendidos, de los usuales en la Misa.<\/span><\/li>\n<li class=\"li11\"><span class=\"s2\">Reclinatorio<\/span><\/li>\n<\/ol>\n<p class=\"li11\" style=\"text-align: justify;\"><strong><span class=\"s2\">2. En la sacrist\u00eda:<\/span><\/strong><\/p>\n<ol style=\"text-align: justify;\">\n<li class=\"li11\"><span class=\"s2\">Alba (o cota sobre la sotana), estola y capa pluvial de color morado.<\/span><\/li>\n<li class=\"li11\"><span class=\"s2\">Si preside el Obispo: cruz pectoral, mitra y b\u00e1culo.<\/span><\/li>\n<li class=\"li11\"><span class=\"s2\">Si hay di\u00e1cono: estola y dalm\u00e1tica.<\/span><\/li>\n<li class=\"li11\"><span class=\"s2\">Incensario y naveta.<\/span><\/li>\n<li class=\"li11\"><span class=\"s2\">Ritual.<\/span><\/li>\n<li class=\"li11\"><span class=\"s2\">Pa\u00f1o de hombros.<\/span><\/li>\n<\/ol>\n<p class=\"p8\" style=\"text-align: justify;\">\n<p class=\"li24\" style=\"text-align: center;\"><strong><span class=\"s2\">Exposici\u00f3n<\/span><\/strong><\/p>\n<p class=\"p8\" style=\"text-align: justify;\">\n<p class=\"p11\" style=\"text-align: justify;\"><span class=\"s2\">Se inicia con un canto:\u00a0<em>Pange lingua\u00a0<\/em>(sin las estrofas que inician con\u00a0<em>Tantum ergo<\/em>), o bien,<span class=\"Apple-converted-space\">\u00a0\u00a0<\/span><em>Attende, Domine<\/em>, u otro canto adecuado.<\/span><\/p>\n<p class=\"p11\" style=\"text-align: justify;\"><span class=\"s2\">Al llegar al altar, si preside el Obispo, entre el b\u00e1culo y deja la mitra.<\/span><\/p>\n<p class=\"p11\" style=\"text-align: justify;\"><span class=\"s2\">Junto con los di\u00e1conos hace una profunda reverencia ante el altar; pero si el Sacramento se reserva en el presbiterio, hace genuflexi\u00f3n.<\/span><\/p>\n<p class=\"p8\" style=\"text-align: justify;\">\n<ol class=\"ol2\" style=\"text-align: justify;\">\n<li class=\"li11\"><span class=\"s2\">Si el Sacramento se reserva en el altar y preside el Obispo, despu\u00e9s de la genuflexi\u00f3n, permanece de rodillas delante del altar:<\/span>\n<ol class=\"ol2\">\n<li class=\"li11\"><span class=\"s2\">El di\u00e1cono, o el ac\u00f3lito, recibe el pa\u00f1o de hombros.<\/span><\/li>\n<li class=\"li11\"><span class=\"s2\">Se dirige al sagrario que est\u00e1 en el presbiterio.<\/span><\/li>\n<li class=\"li11\"><span class=\"s2\">Coloca el Sacramento en la custodia sobre el altar.<\/span><\/li>\n<li class=\"li11\"><span class=\"s2\">Hace genuflexi\u00f3n.<\/span><\/li>\n<li class=\"li11\"><span class=\"s2\">Regresa al lado del Obispo.<\/span><\/li>\n<\/ol>\n<\/li>\n<li class=\"li11\"><span class=\"s2\">Si el Sacramento est\u00e1 reservado en una capilla fuera del presbiterio, el ministro lo traer\u00e1 del lugar de la reserva con el pa\u00f1o de hombros y acompa\u00f1ado por dos ac\u00f3litos o fieles con velas encendidas.<span class=\"Apple-converted-space\">\u00a0\u00a0<\/span>Si preside el Obispo, ser\u00e1 un di\u00e1cono o un presb\u00edtero, o un ac\u00f3lito, quien traiga el Sacramento:<\/span>\n<ol class=\"ol2\">\n<li class=\"li11\"><span class=\"s2\">El di\u00e1cono, o el ac\u00f3lito, recibe el pa\u00f1o de hombros.<\/span><\/li>\n<li class=\"li11\"><span class=\"s2\">Acompa\u00f1ado por dos ac\u00f3litos traslada el Sacramento desde el lugar de la reserva y lo coloca en la custodia sobre el altar.<\/span><\/li>\n<li class=\"li11\"><span class=\"s2\">Hace genuflexi\u00f3n.<\/span><\/li>\n<li class=\"li11\"><span class=\"s2\">Regresa al lado del Obispo.<\/span><\/li>\n<\/ol>\n<\/li>\n<li class=\"li11\"><span class=\"s2\">Si es un presb\u00edtero: \u00e9l mismo o un di\u00e1cono puede ir por el Sacramento y se hace del modo antes descrito.<\/span><\/li>\n<\/ol>\n<p class=\"p8\" style=\"text-align: justify;\">\n<p class=\"p11\" style=\"text-align: justify;\"><span class=\"s2\">El que preside se pone de pie.<\/span><\/p>\n<p class=\"p11\" style=\"text-align: justify;\"><span class=\"s2\">El ministro se acerca con el turiferario y el di\u00e1cono le presenta la naveta.<\/span><\/p>\n<p class=\"p11\" style=\"text-align: justify;\"><span class=\"s2\">El que preside se pone incienso y lo bendice.<\/span><\/p>\n<p class=\"p11\" style=\"text-align: justify;\"><span class=\"s2\">El que preside se arrodilla nuevamente, recibe del di\u00e1cono el incensario, hace reverencia al Sacramento y lo inciensa, y nuevamente hace la reverencia.<\/span><\/p>\n<p class=\"p10\" style=\"text-align: justify;\">\n<p class=\"p8\" style=\"text-align: justify;\">\n<p class=\"li24\" style=\"text-align: center;\"><strong><span class=\"s2\">Adoraci\u00f3n<\/span><\/strong><\/p>\n<p class=\"p8\" style=\"text-align: center;\">\u00a0Alabanza trinitaria<\/p>\n<p class=\"p8\">\n<p class=\"p8\">\n<p class=\"p11\"><span class=\"s2\">Celebrante:<\/span><\/p>\n<p class=\"p16\"><span class=\"s2\">Bendito sea Dios, Padre de nuestro Se\u00f1or Jesucristo,<\/span><\/p>\n<p class=\"p16\"><span class=\"s2\">que en su designio amoroso<\/span><\/p>\n<p class=\"p16\"><span class=\"s2\">ha querido que su Verbo se hiciera carne<\/span><\/p>\n<p class=\"p16\"><span class=\"s2\">y habitara en medio de nosotros.<\/span><\/p>\n<p class=\"p8\">\n<p class=\"p11\"><span class=\"s2\">Todos:<\/span><\/p>\n<p class=\"p25\"><span class=\"s2\">Bendito seas por siempre, Se\u00f1or.<\/span><\/p>\n<p class=\"p8\">\n<p class=\"p11\"><span class=\"s2\">Celebrante:<\/span><\/p>\n<p class=\"p16\"><span class=\"s2\">Bendito sea nuestro Se\u00f1or Jesucristo,<\/span><\/p>\n<p class=\"p16\"><span class=\"s2\">que por amor nos ha dado la vida divina<\/span><\/p>\n<p class=\"p16\"><span class=\"s2\">y ha querido permanecer en medio de nosotros<span class=\"Apple-converted-space\">\u00a0<\/span><\/span><\/p>\n<p class=\"p16\"><span class=\"s2\">en el sacramento de su Cuerpo y su Sangre.<\/span><\/p>\n<p class=\"p8\">\n<p class=\"p11\"><span class=\"s2\">Todos:<\/span><\/p>\n<p class=\"p8\">\u00a0Bendito seas por siempre, Se\u00f1or.<\/p>\n<p class=\"p8\">\n<p class=\"p11\"><span class=\"s2\">Celebrante:<\/span><\/p>\n<p class=\"p16\"><span class=\"s2\">Bendito sea el Esp\u00edritu Santo, Par\u00e1clito,<\/span><\/p>\n<p class=\"p16\"><span class=\"s2\">por cuya acci\u00f3n este Sacramento del Sacrificio de Cristo<\/span><\/p>\n<p class=\"p16\"><span class=\"s2\">es para nuestro bien<\/span><\/p>\n<p class=\"p16\"><span class=\"s2\">el memorial de la Alianza eterna.<\/span><\/p>\n<p class=\"p8\">\n<p class=\"p11\"><span class=\"s2\">Todos:<\/span><\/p>\n<p class=\"p25\"><span class=\"s2\">Bendito seas por siempre, Se\u00f1or.<\/span><\/p>\n<p class=\"p11\"><span class=\"s2\">Se guardan unos momentos de silencio.<\/span><\/p>\n<p class=\"p11\">El que preside dice:<\/p>\n<p class=\"p8\">\n<p class=\"p10\">\n<blockquote>\n<p class=\"p16\"><span class=\"s10\">D<\/span><span class=\"s2\">ios y Padre nuestro,<\/span><\/p>\n<p class=\"p8\">\u00a0cuyo amor no se da por vencido con nuestras ofensas,<\/p>\n<p class=\"p16\"><span class=\"s2\">pero nos pide que las reconozcamos<\/span><\/p>\n<p class=\"p16\"><span class=\"s2\">y nos arrepintamos de ellas,<\/span><\/p>\n<p class=\"p16\"><span class=\"s2\">conc\u00e9denos celebrar el sacramento de tu misericordia<\/span><\/p>\n<p class=\"p8\">\u00a0y corregir lo que est\u00e9 mal<\/p>\n<p class=\"p16\"><span class=\"s2\">en nuestras acciones y en nuestra vida,<\/span><\/p>\n<p class=\"p8\">para que podamos llegar a recibir deti<\/p>\n<p class=\"p16\"><span class=\"s2\">la eterna felicidad.<\/span><\/p>\n<p class=\"p16\"><span class=\"s2\">Por Jesucristo, nuestro Se\u00f1or.<\/span><\/p>\n<\/blockquote>\n<p class=\"p8\">\n<p class=\"p11\"><span class=\"s2\">El preside se retira al lugar designado para \u00e9l.<\/span><\/p>\n<p class=\"p8\">\n<p class=\"p8\">\n<p class=\"p24\" style=\"text-align: center;\"><strong><span class=\"s2\">Palabra de Dios<\/span><\/strong><\/p>\n<p class=\"p8\">\n<p class=\"p14\"><span class=\"s2\">Primera Lectura<\/span><\/p>\n<p class=\"p14\">\n<p class=\"p14\"><em>\u00c9l soport\u00f3 el castigo que nos trae la paz<\/em>.<\/p>\n<p class=\"p8\">\n<p class=\"p8\">\n<p class=\"p14\"><span class=\"s2\">Del libro del profeta Isa\u00edas<\/span><\/p>\n<p class=\"p11\"><span class=\"s2\">53, 1-12<\/span><\/p>\n<p class=\"p8\">\n<blockquote>\n<p class=\"p14\"><span class=\"s11\">\u00bfQ<\/span><span class=\"s2\">ui\u00e9n habr\u00e1 de creer lo que hemos anunciado?<\/span><\/p>\n<p class=\"p14\"><span class=\"s2\">\u00bfA qui\u00e9n se le revelar\u00e1 el poder del Se\u00f1or?<\/span><\/p>\n<p class=\"p14\"><span class=\"s2\">Creci\u00f3 en su presencia como planta d\u00e9bil,<\/span><\/p>\n<p class=\"p8\">\u00a0como una ra\u00edz en el desierto.<\/p>\n<p class=\"p8\">\u00a0No ten\u00eda gracia ni belleza.<\/p>\n<p class=\"p14\"><span class=\"s2\">No vimos en \u00e9l ning\u00fan aspecto atrayente;<\/span><\/p>\n<p class=\"p8\">\u00a0despreciado y rechazado por los hombres,<\/p>\n<p class=\"p14\"><span class=\"s2\">var\u00f3n de dolores, habituado al sufrimiento;<\/span><\/p>\n<p class=\"p14\"><span class=\"s2\">como uno del cual se aparta la mirada,<\/span><\/p>\n<p class=\"p14\"><span class=\"s2\">despreciado y desestimado.<\/span><\/p>\n<p class=\"p8\">\n<p class=\"p14\"><span class=\"s2\">\u00c9l soport\u00f3 nuestros sufrimientos<\/span><\/p>\n<p class=\"p14\"><span class=\"s2\">y aguant\u00f3 nuestros dolores;<\/span><\/p>\n<p class=\"p14\"><span class=\"s2\">nosotros lo tuvimos por leproso,<\/span><\/p>\n<p class=\"p14\"><span class=\"s2\">herido por Dios y humillado,<\/span><\/p>\n<p class=\"p14\"><span class=\"s2\">traspasado por nuestras rebeliones,<\/span><\/p>\n<p class=\"p14\"><span class=\"s2\">triturado por nuestros cr\u00edmenes.<\/span><\/p>\n<p class=\"p14\"><span class=\"s2\">\u00c9l soport\u00f3 el castigo que nos trae la paz.<\/span><\/p>\n<p class=\"p14\"><span class=\"s2\">Por sus llagas hemos sido curdos.<\/span><\/p>\n<p class=\"p8\">\n<p class=\"p14\"><span class=\"s2\">Todos and\u00e1bamos errantes como ovejas,<\/span><\/p>\n<p class=\"p14\"><span class=\"s2\">cada uno siguiendo su camino,<\/span><\/p>\n<p class=\"p14\"><span class=\"s2\">y el Se\u00f1or carg\u00f3 sobre \u00e9l todos nuestros cr\u00edmenes.<\/span><\/p>\n<p class=\"p14\"><span class=\"s2\">Cuando lo maltrataban, se humillaba y no abr\u00eda la boca,<\/span><\/p>\n<p class=\"p14\"><span class=\"s2\">como un cordero llevado a degollar;<\/span><\/p>\n<p class=\"p14\"><span class=\"s2\">como oveja ante el esquilador,<\/span><\/p>\n<p class=\"p14\"><span class=\"s2\">enmudec\u00eda y no abr\u00eda la boca.<span class=\"Apple-converted-space\">\u00a0<\/span><\/span><\/p>\n<p class=\"p8\">\n<p class=\"p14\"><span class=\"s2\">Pero el Se\u00f1or quiso triturarlo con el sufrimiento.<span class=\"Apple-converted-space\">\u00a0<\/span><\/span><\/p>\n<p class=\"p14\"><span class=\"s2\">Cuando entregue su vida como expiaci\u00f3n,<span class=\"Apple-converted-space\">\u00a0<\/span><\/span><\/p>\n<p class=\"p14\"><span class=\"s2\">ver\u00e1 a sus descendientes, prolongar\u00e1 sus a\u00f1os<span class=\"Apple-converted-space\">\u00a0<\/span><\/span><\/p>\n<p class=\"p14\"><span class=\"s2\">y por medio de \u00e9l prosperar\u00e1n los designios del Se\u00f1or.<span class=\"Apple-converted-space\">\u00a0<\/span><\/span><\/p>\n<p class=\"p14\"><span class=\"s2\">Por las fatigas de su alma, ver\u00e1 la luz y se saciar\u00e1;<span class=\"Apple-converted-space\">\u00a0<\/span><\/span><\/p>\n<p class=\"p14\"><span class=\"s2\">con sus sufrimientos justificar\u00e1 mi siervo a muchos,<span class=\"Apple-converted-space\">\u00a0<\/span><\/span><\/p>\n<p class=\"p8\">cargando con los cr\u00edmenes de ellos.<span class=\"Apple-converted-space\">\u00a0<\/span><\/p>\n<p class=\"p8\">\n<p class=\"p14\"><span class=\"s2\">Por eso le dar\u00e9 una parte entre los grandes,<span class=\"Apple-converted-space\">\u00a0<\/span><\/span><\/p>\n<p class=\"p14\"><span class=\"s2\">y con los fuertes repartir\u00e1 despojos,<span class=\"Apple-converted-space\">\u00a0<\/span><\/span><\/p>\n<p class=\"p14\"><span class=\"s2\">ya que indefenso se entreg\u00f3 a la muerte<span class=\"Apple-converted-space\">\u00a0<\/span><\/span><\/p>\n<p class=\"p14\"><span class=\"s2\">y fue contado entre los malhechores,<span class=\"Apple-converted-space\">\u00a0<\/span><\/span><\/p>\n<p class=\"p14\"><span class=\"s2\">cuando tom\u00f3 sobre s\u00ed las culpas de todos<span class=\"Apple-converted-space\">\u00a0<\/span><\/span><\/p>\n<p class=\"p14\"><span class=\"s2\">e intercedi\u00f3 por los pecadores.<\/span><\/p>\n<\/blockquote>\n<p class=\"p8\">\n<p class=\"p14\"><span class=\"s2\">Palabra de Dios.<\/span><\/p>\n<p class=\"p8\">\n<p class=\"p14\"><span class=\"s2\">Salmo responsorial<\/span><\/p>\n<p class=\"p26\"><span class=\"s2\">Del Salmo 21, 2-3, 7-9, 18-28<\/span><\/p>\n<p class=\"p8\">\n<p class=\"p14\"><span class=\"s2\">R. Se\u00f1or, auxilio m\u00edo, ven y ay\u00fadame.<\/span><\/p>\n<p class=\"p8\">\n<p class=\"p14\"><span class=\"s2\">Dios m\u00edo, Dios m\u00edo, \u00bfpor qu\u00e9 me has abandonado?<\/span><\/p>\n<p class=\"p14\"><span class=\"s2\">A pesar de mis gritos, mi oraci\u00f3n no te alcanza.<\/span><\/p>\n<p class=\"p14\"><span class=\"s2\">Dios m\u00edo, de d\u00eda te grito, y no me respondes,<\/span><\/p>\n<p class=\"p14\"><span class=\"s2\">de noche, y no me haces caso.<span class=\"Apple-converted-space\">\u00a0\u00a0<\/span>R.<\/span><\/p>\n<p class=\"p8\">\n<p class=\"p20\">\n<p class=\"p8\">\n<p class=\"p14\"><span class=\"s2\">Pero yo soy un gusano, no un hombre,<\/span><\/p>\n<p class=\"p14\"><span class=\"s2\">verg\u00fcenza de la gente, desprecio del pueblo.<\/span><\/p>\n<p class=\"p8\">\u00a0Todos los que me ven, de mi se burlan;<\/p>\n<p class=\"p14\"><span class=\"s2\">me hacen gestos y dicen:<\/span><\/p>\n<p class=\"p14\"><span class=\"s2\">\u201cConfiaba en el Se\u00f1or, pues que \u00e9l lo salve;<\/span><\/p>\n<p class=\"p14\"><span class=\"s2\">si de veras lo ama, que lo libre\u201d.<span class=\"Apple-converted-space\">\u00a0\u00a0<\/span>R.<\/span><\/p>\n<p class=\"p8\">\n<p class=\"p20\">\n<p class=\"p14\"><span class=\"s2\">Ellos me miran triunfantes,<\/span><\/p>\n<p class=\"p14\"><span class=\"s2\">reparten entre s\u00ed mis vestiduras<\/span><\/p>\n<p class=\"p14\"><span class=\"s2\">y se juegan mi t\u00fanica a los dados.<\/span><\/p>\n<p class=\"p14\"><span class=\"s2\">Se\u00f1or, auxilio m\u00edo, ven y ay\u00fadame,<\/span><\/p>\n<p class=\"p14\"><span class=\"s2\">no te quedes de m\u00ed tan alejado.<span class=\"Apple-converted-space\">\u00a0\u00a0<\/span>R.<\/span><\/p>\n<p class=\"p8\">\n<p class=\"p14\"><span class=\"s2\">L\u00edbrame a m\u00ed de la espada,<\/span><\/p>\n<p class=\"p14\"><span class=\"s2\">y a mi \u00fanica vida de la garra del mast\u00edn;<\/span><\/p>\n<p class=\"p14\"><span class=\"s2\">s\u00e1lvame de las fauces del le\u00f3n,<\/span><\/p>\n<p class=\"p14\"><span class=\"s2\">a este pobre, de los cuernos del b\u00fafalo.<span class=\"Apple-converted-space\">\u00a0\u00a0<\/span>R.<\/span><\/p>\n<p class=\"p20\">\n<p class=\"p14\"><span class=\"s2\">A mis hermanos contar\u00e9 tu gloria<\/span><\/p>\n<p class=\"p14\"><span class=\"s2\">y en la asamblea alabar\u00e9 tu nombre.<\/span><\/p>\n<p class=\"p14\"><span class=\"s2\">Que alaben al Se\u00f1or os que lo temen<\/span><\/p>\n<p class=\"p8\">\u00a0Que el pueblo de Israel siempre lo adore.<span class=\"Apple-converted-space\">\u00a0\u00a0<\/span>R.<\/p>\n<p class=\"p8\">\n<p class=\"p8\">\n<p class=\"p14\"><span class=\"s2\">Porque no has sentido desprecio ni repugnancia<\/span><\/p>\n<p class=\"p14\"><span class=\"s2\">hacia el pobre desgraciado;<\/span><\/p>\n<p class=\"p8\">no le ha escondido su rostro:<\/p>\n<p class=\"p14\"><span class=\"s2\">cuando pidi\u00f3 auxilio, lo escuch\u00f3.<span class=\"Apple-converted-space\">\u00a0\u00a0<\/span>R.<\/span><\/p>\n<p class=\"p8\">\n<p class=\"p14\"><span class=\"s2\">\u00c9l es mi alabanza en la gran asamblea;<\/span><\/p>\n<p class=\"p14\"><span class=\"s2\">le cumplir\u00e9 mis promesas al Se\u00f1or<\/span><\/p>\n<p class=\"p14\"><span class=\"s2\">delante de sus fieles.<\/span><\/p>\n<p class=\"p14\"><span class=\"s2\">Los pobres comer\u00e1n hasta saciarse<\/span><\/p>\n<p class=\"p14\"><span class=\"s2\">y alabar\u00e1n al Se\u00f1or los que lo buscan:<\/span><\/p>\n<p class=\"p14\"><span class=\"s2\">su coraz\u00f3n ha de vivir para siempre.<span class=\"Apple-converted-space\">\u00a0\u00a0<\/span>R.<\/span><\/p>\n<p class=\"p8\">\n<p class=\"p14\"><span class=\"s2\">Recordar\u00e1n al Se\u00f1or y volver\u00e1n a \u00e9l<\/span><\/p>\n<p class=\"p14\"><span class=\"s2\">desde los \u00faltimos lugares del mundo;<\/span><\/p>\n<p class=\"p14\"><span class=\"s2\">en su presencia se postrar\u00e1n<\/span><\/p>\n<p class=\"p14\"><span class=\"s2\">todas las familias de los pueblos.<span class=\"Apple-converted-space\">\u00a0\u00a0<\/span>R.<\/span><\/p>\n<p class=\"p8\">\n<p class=\"p8\">\n<p class=\"p27\"><span class=\"s2\">Segunda Lectura<\/span><\/p>\n<p class=\"p8\">\n<p class=\"p20\">\n<p class=\"p8\">\n<p class=\"p26\"><span class=\"s2\"><em>Cristo sufri\u00f3 por ustedes.<\/em><\/span><\/p>\n<p class=\"p8\">\n<p class=\"p20\">\n<p class=\"p8\">\n<p class=\"p14\"><span class=\"s2\">De la primera carta del ap\u00f3stol san Pedro<\/span><\/p>\n<p class=\"p8\">\n<p class=\"p26\"><span class=\"s2\">2, 20-25<\/span><\/p>\n<p class=\"p8\">\n<p class=\"p20\">\n<p class=\"p8\">\n<p class=\"p14\"><span class=\"s10\">H<\/span><span class=\"s2\">ermanos: Si los castigaran a ustedes por ser culpables, \u00bfqu\u00e9 m\u00e9rito tendr\u00eda ese sufrimiento?<span class=\"Apple-converted-space\">\u00a0\u00a0<\/span>Pero soportar con paciencia los sufrimientos que les vienen a ustedes por hacer el bien, es cosa agradable a los ojos de Dios, pues a esto han sido llamados, ya que tambi\u00e9n Cristo sufri\u00f3 por ustedes y les dej\u00f3 as\u00ed un ejemplo para que sigan sus huellas.<\/span><\/p>\n<p class=\"p8\">\n<p class=\"p10\">\n<p class=\"p8\">\n<p class=\"p14\"><span class=\"s2\">\u00c9l no cometi\u00f3 pecado ni hubo enga\u00f1o en su boca; insultado, no devolvi\u00f3 los insultos; maltratado, no profer\u00eda amenazas, sino que encomendaba su causa al \u00fanico que juzga con justicia; cargado con nuestros pecados, subi\u00f3 al madero de la cruz, para que, muertos al pecado, vivamos para la justicia.<\/span><\/p>\n<p class=\"p8\">\n<p class=\"p10\">\n<p class=\"p8\">\n<p class=\"p14\"><span class=\"s2\">Por sus llagas ustedes han sido curados, porque ustedes eran como ovejas descarriadas, pero ahora han vuelto al pastor y guardi\u00e1n de sus vidas.<\/span><\/p>\n<p class=\"p8\">\n<p class=\"p10\">\n<p class=\"p8\">\n<p class=\"p14\"><span class=\"s2\">Palabra de Dios.<\/span><\/p>\n<p class=\"p8\">\n<p class=\"p10\">\n<p class=\"p8\">\n<p class=\"p14\"><span class=\"s2\">Aclamaci\u00f3n antes del Evangelio<\/span><\/p>\n<p class=\"p8\">\n<p class=\"p10\">\n<p class=\"p8\">\n<p class=\"p14\"><span class=\"s2\">R. Honor y gloria a ti, Se\u00f1or Jes\u00fas.<\/span><\/p>\n<p class=\"p8\">\n<p class=\"p10\">\n<p class=\"p8\">\n<p class=\"p14\"><span class=\"s2\">Gloria a ti, Se\u00f1or Jes\u00fas,<\/span><\/p>\n<p class=\"p8\">\n<p class=\"p14\"><span class=\"s2\">fuiste entregado a la muerte<\/span><\/p>\n<p class=\"p8\">\n<p class=\"p14\"><span class=\"s2\">por nuestros pecados<\/span><\/p>\n<p class=\"p8\">\n<p class=\"p14\"><span class=\"s2\">y resucitaste para nuestra justificaci\u00f3n.<\/span><\/p>\n<p class=\"p8\">\n<p class=\"p10\">\n<p class=\"p8\">\n<p class=\"p14\"><span class=\"s2\">R. Honor y gloria a ti, Se\u00f1or Jes\u00fas.<\/span><\/p>\n<p class=\"p8\">\n<p class=\"p10\">\n<p class=\"p8\">\n<p class=\"p27\"><span class=\"s2\">Evangelio<\/span><\/p>\n<p class=\"p8\">\n<p class=\"p10\">\n<p class=\"p8\">\n<p class=\"p11\"><span class=\"s2\"><em>Ya ven que nos estamos dirigiendo a Jerusal\u00e9n, y el Hijo del hombre va a ser entregado.<\/em><\/span><\/p>\n<p class=\"p8\">\n<p class=\"p10\">\n<p class=\"p8\">\n<p class=\"p14\"><span class=\"s12\">\u2720<\/span><span class=\"s2\">\u00a0Del Evangelio seg\u00fan san Marcos<\/span><\/p>\n<p class=\"p8\">\n<p class=\"p11\"><span class=\"s2\">10, 32-45<\/span><\/p>\n<p class=\"p8\">\n<p class=\"p10\">\n<p class=\"p8\">\n<p class=\"p14\"><span class=\"s10\">E<\/span><span class=\"s2\">n aquel tiempo, Jes\u00fas y sus disc\u00edpulos iban camino de Jerusal\u00e9n y Jes\u00fas se les iba adelantando.<span class=\"Apple-converted-space\">\u00a0\u00a0<\/span>Los disc\u00edpulos estaban sorprendidos y la gente que lo segu\u00eda ten\u00eda miedo.<span class=\"Apple-converted-space\">\u00a0\u00a0<\/span>\u00c9l se llev\u00f3 aparte otra vez a los Doce y se puso a decirles lo que le iba a suceder: \u201cYa ven que nos estamos dirigiendo a Jerusal\u00e9n y el Hijo del hombre va a ser entregado a los sumos sacerdotes y a los escribas; van a condenarlo a muerte y a entregarlo a los paganos; se van a burlar de \u00e9l, van a escupirlo, a azotarlo y a matarlo; pero al tercer d\u00eda resucitar\u00e1\u201d.<\/span><\/p>\n<p class=\"p8\">\n<p class=\"p10\">\n<p class=\"p8\">\n<p class=\"p14\"><span class=\"s2\">Entonces se acercaron a Jes\u00fas Santiago y Juan, los hijos de Zebedeo, y le dijeron: \u201cMaestro, queremos que nos concedas lo que vamos a pedirte\u201d.<span class=\"Apple-converted-space\">\u00a0\u00a0<\/span>\u00c9l les dijo: \u201c\u00bfQu\u00e9 es lo que desean?\u201d<span class=\"Apple-converted-space\">\u00a0\u00a0<\/span>Le respondieron: \u201cConcede que nos sentemos uno a tu derecha y otro a tu izquierda, cuando est\u00e9s en tu gloria\u201d.<span class=\"Apple-converted-space\">\u00a0\u00a0<\/span>Jes\u00fas les replic\u00f3: \u201cNo saben lo que piden.<span class=\"Apple-converted-space\">\u00a0\u00a0<\/span>\u00bfPodr\u00e1n pasar la prueba que yo voy a pasar y recibir el bautismo con que ser\u00e9 bautizado?\u201d<span class=\"Apple-converted-space\">\u00a0\u00a0<\/span>Le respondieron: \u201cS\u00ed podemos\u201d.<span class=\"Apple-converted-space\">\u00a0\u00a0<\/span>Y Jes\u00fas les dijo: \u201cCiertamente pasar\u00e1n la prueba que yo voy a pasar y recibir\u00e1n el bautismo con que yo ser\u00e9 bautizado; pero eso de sentarse a mi derecha o a mi izquierda no me toca a m\u00ed concederlo; eso es para quienes est\u00e1 reservado\u201d.<\/span><\/p>\n<p class=\"p8\">\n<p class=\"p10\">\n<p class=\"p8\">\n<p class=\"p14\"><span class=\"s2\">Cuando los otros diez ap\u00f3stoles oyeron esto se indignaron contra Santiago y Juan.<span class=\"Apple-converted-space\">\u00a0\u00a0<\/span>Jes\u00fas reuni\u00f3 entonces a los Doce y les dijo: \u201cYa saben que los jefes de las naciones las gobiernan como si fueran sus due\u00f1os y los poderosos las oprimen.<span class=\"Apple-converted-space\">\u00a0\u00a0<\/span>Pero no debe ser as\u00ed entre ustedes.<span class=\"Apple-converted-space\">\u00a0\u00a0<\/span>Al contrario: el que quiera ser grande entre ustedes que sea su servidor, y el que quiera ser el primero, que sea el esclavo de todos, as\u00ed como e Hijo del hombre, que no ha venido a que lo sirvan, sino a servir y a dar su vida por la redenci\u00f3n de todos\u201d.<\/span><\/p>\n<p class=\"p8\">\n<p class=\"p10\">\n<p class=\"p8\">\n<p class=\"p14\"><span class=\"s2\">Palabra del Se\u00f1or.<\/span><\/p>\n<p class=\"p8\">\n<p class=\"p10\">\n<p class=\"p8\">\n<p class=\"p27\"><span class=\"s2\">Homil\u00eda<\/span><\/p>\n<p class=\"p8\">\n<p class=\"p10\">\n<p class=\"p8\">\n<p class=\"p11\"><span class=\"s2\">El que preside hace una homil\u00eda, exhortando a la conversi\u00f3n y preparando para el perd\u00f3n de los pecados.<\/span><\/p>\n<p class=\"p8\">\n<p class=\"p11\"><span class=\"s2\">Temas:<\/span><\/p>\n<p class=\"p8\">\n<ul class=\"ul1\">\n<li class=\"li11\"><span class=\"s2\">Pecado como ofensa a Dios y a la Iglesia<\/span><\/li>\n<li class=\"li11\"><span class=\"s2\">Pecado, entonces, como falta al amor de Dios, que nos am\u00f3 en Cristo, que se entreg\u00f3 por nosotros hasta la muerte: Cristo muri\u00f3 por nosotros para que por su muerte tuvi\u00e9ramos vida<\/span><\/li>\n<li class=\"li11\"><span class=\"s2\">La corresponsabilidad de todos en hacer el bien<\/span><\/li>\n<li class=\"li11\"><span class=\"s2\">El aspecto social y eclesial de la penitencia: con nuestras buenas obras contribuimos a la conversi\u00f3n y salvaci\u00f3n de todos<\/span><\/li>\n<li class=\"li11\"><span class=\"s2\">La pr\u00f3xima fiesta de Pascua es la fiesta de la Iglesia, donde celebramos que junto con Cristo fuimos sepultados con Cristo para con \u00e9l resucitar a una vida nueva<\/span><\/li>\n<li class=\"li11\"><span class=\"s2\">Para celebrar la Pascua necesitamos avanzar por el camino de la conversi\u00f3n y la penitencia<\/span><\/li>\n<li class=\"li11\"><span class=\"s2\">La crisis de la pandemia actual nos da ocasi\u00f3n para practicar y vivir la penitencia:<\/span>\n<ul class=\"ul1\">\n<li class=\"li11\"><span class=\"s2\">Perseverar en los deberes del propio estado:<\/span>\n<ul class=\"ul2\">\n<li class=\"li11\"><span class=\"s2\">Dificultades encontradas en el trabajo y en la convivencia humana<\/span><\/li>\n<li class=\"li11\"><span class=\"s2\">Paciente sufrimiento de las pruebas diarias<\/span><\/li>\n<li class=\"li11\"><span class=\"s2\">Inseguridades con la que se engrenta la vida<\/span><\/li>\n<\/ul>\n<\/li>\n<li class=\"li11\"><span class=\"s2\">Unir los propios dolores a los de Cristo:<\/span>\n<ul class=\"ul2\">\n<li class=\"li11\"><span class=\"s2\">Enfermedad<\/span><\/li>\n<li class=\"li11\"><span class=\"s2\">Pobreza<\/span><\/li>\n<li class=\"li11\"><span class=\"s2\">Desgracia<\/span><\/li>\n<li class=\"li11\"><span class=\"s2\">Perescuci\u00f3n por causa de la justicia<\/span><\/li>\n<\/ul>\n<\/li>\n<li class=\"li11\"><span class=\"s2\">especialmente sacerdotes y consagrados vivan particularmente la abnegaci\u00f3n y anonadamiento<\/span><\/li>\n<\/ul>\n<\/li>\n<\/ul>\n<p class=\"p8\">\n<p class=\"p10\">\n<p class=\"p8\">\n<p class=\"p24\"><span class=\"s2\">Examen de conciencia<\/span><\/p>\n<p class=\"p8\">\n<p class=\"p10\">\n<p class=\"p8\">\n<p class=\"p11\"><span class=\"s2\">Un lector lee de manera pausada el siguiente esquema de examen de conciencia:<\/span><\/p>\n<p class=\"p8\">\n<p class=\"p10\">\n<p class=\"p8\">\n<p class=\"p14\"><span class=\"s2\">Frente a Dios<\/span><\/p>\n<p class=\"p8\">\n<p class=\"p28\">\n<p class=\"p8\">\n<ol class=\"ol1\">\n<li class=\"li14\"><span class=\"s2\">\u00bfRecurro al Sacramento de la Penitencia por un deseo sincero de purificaci\u00f3n, conversi\u00f3n, renovaci\u00f3n y amistad profunda con Dios o tal vez lo considero solo un peso que cumplo raramente?<\/span><\/li>\n<\/ol>\n<p class=\"p8\">\n<p class=\"p29\">\n<p class=\"p8\">\n<ol class=\"ol1\">\n<li class=\"li14\"><span class=\"s2\">\u00bfHe olvidado u omitido voluntariamente pecados graves en mis confesiones precedentes?<\/span><\/li>\n<\/ol>\n<p class=\"p8\">\n<p class=\"p29\">\n<p class=\"p8\">\n<ol class=\"ol1\">\n<li class=\"li14\"><span class=\"s2\">\u00bfHe cumplido con la satisfacci\u00f3n impuesta?<span class=\"Apple-converted-space\">\u00a0<\/span><\/span><\/li>\n<\/ol>\n<p class=\"p8\">\n<p class=\"p16\"><span class=\"s2\">\u00bfHe\u00a0 reparado las injusticias que eventualmente haya hecho contra terceros?<span class=\"Apple-converted-space\">\u00a0<\/span><\/span><\/p>\n<p class=\"p8\">\n<p class=\"p16\"><span class=\"s2\">\u00bfMe he esforzado\u00a0en poner en pr\u00e1ctica las obras buenas y evitar las malas que he podido discernir para llevar mi vida seg\u00fan el Evangelio?\u00a0<\/span><\/p>\n<p class=\"p8\">\n<p class=\"p29\">\n<p class=\"p8\">\n<p class=\"p27\"><span class=\"s16\">4)<\/span><span class=\"s2\">El Se\u00f1or Jes\u00fas\u00a0 dijo: \u201cAmar\u00e1s al Se\u00f1or, tu Dios, con todo tu coraz\u00f3n\u201d<\/span><\/p>\n<p class=\"p8\">\n<p class=\"p18\"><span class=\"s2\">\u00bfMi coraz\u00f3n se orienta hacia Dios hasta el punto de amarlo sobre todas las cosas, en fiel observancia de los mandamientos o estoy m\u00e1s preocupado por otras cosas que me alejan de \u00e9l?<span class=\"Apple-converted-space\">\u00a0<\/span><\/span><\/p>\n<p class=\"p8\">\n<p class=\"p18\"><span class=\"s2\">\u00bfEs recta mi intenci\u00f3n en mi obrar?<\/span><\/p>\n<p class=\"p8\">\n<p class=\"p29\">\n<p class=\"p8\">\n<ol class=\"ol1\">\n<li class=\"li14\"><span class=\"s2\">\u00bfMi fe en Dios es firme?<span class=\"Apple-converted-space\">\u00a0<\/span><\/span><\/li>\n<\/ol>\n<p class=\"p8\">\n<p class=\"p18\"><span class=\"s2\">\u00bfMe he adherido firmemente a la doctrina de la Iglesia?\u00a0<span class=\"Apple-converted-space\">\u00a0<\/span><\/span><\/p>\n<p class=\"p8\">\n<p class=\"p18\"><span class=\"s2\">\u00bfMe he preocupado permanentemente por mi formaci\u00f3n cristiana, por escuchar la Palabra de Dios, por evitar todo lo que da\u00f1a a la fe?<span class=\"Apple-converted-space\">\u00a0<\/span><\/span><\/p>\n<p class=\"p8\">\n<p class=\"p18\"><span class=\"s2\">\u00bfHe profesado siempre la fe en Dios y en su Iglesia?<span class=\"Apple-converted-space\">\u00a0<\/span><\/span><\/p>\n<p class=\"p8\">\n<p class=\"p18\"><span class=\"s2\">\u00bfMe he mostrado como cristiano tanto en\u00a0 la vida privada como en la p\u00fablica?<\/span><\/p>\n<p class=\"p8\">\n<p class=\"p29\">\n<p class=\"p8\">\n<ol class=\"ol1\">\n<li class=\"li14\"><span class=\"s2\">\u00bfHe rezado al menos en la ma\u00f1ana y en la tarde de cada d\u00eda?<span class=\"Apple-converted-space\">\u00a0<\/span><\/span><\/li>\n<\/ol>\n<p class=\"p8\">\n<p class=\"p18\"><span class=\"s2\">\u00bfMi oraci\u00f3n procura ser una verdadera conversaci\u00f3n\u00a0 del esp\u00edritu y del coraz\u00f3n con Dios o es solamente un rito exterior o una obligaci\u00f3n a cumplir?<span class=\"Apple-converted-space\">\u00a0<\/span><\/span><\/p>\n<p class=\"p8\">\n<p class=\"p18\"><span class=\"s2\">\u00bfHe ofrecido a Dios mis trabajos, alegr\u00edas y dolores?<span class=\"Apple-converted-space\">\u00a0<\/span><\/span><\/p>\n<p class=\"p8\">\n<p class=\"p18\"><span class=\"s2\">\u00bfHe recurrido a \u00e9l en las tentaciones?<\/span><\/p>\n<p class=\"p8\">\n<p class=\"p29\">\n<p class=\"p8\">\n<ol class=\"ol1\">\n<li class=\"li14\"><span class=\"s2\">\u00bfRespeto y amo el nombre de Dios?<span class=\"Apple-converted-space\">\u00a0<\/span><\/span><\/li>\n<\/ol>\n<p class=\"p8\">\n<p class=\"p18\"><span class=\"s2\">\u00bfHe ofendido a Dios con blasfemias\u00a0 o con falsos juramentos o pronunciando su nombre de manera vana?<span class=\"Apple-converted-space\">\u00a0<\/span><\/span><\/p>\n<p class=\"p8\">\n<p class=\"p29\">\n<p class=\"p8\">\n<ol class=\"ol1\">\n<li class=\"li14\"><span class=\"s2\">\u00bfSantifico los Domingos y las fiestas de la Iglesia participando activamente, con atenci\u00f3n y piedad en la Celebraci\u00f3n eucar\u00edstica?<span class=\"Apple-converted-space\">\u00a0<\/span><\/span><\/li>\n<\/ol>\n<p class=\"p8\">\n<p class=\"p18\"><span class=\"s2\">\u00bfHe observado los mandamientos de la confesi\u00f3n anual y a la Comuni\u00f3n Pascual?<\/span><\/p>\n<p class=\"p8\">\n<p class=\"p29\">\n<p class=\"p8\">\n<ol class=\"ol1\">\n<li class=\"li14\"><span class=\"s2\">\u00bfHay otras cosas que ocupen el lugar de Dios: como el dinero, supersticiones, espiritismo y otras pr\u00e1cticas m\u00e1gicas?<\/span><\/li>\n<\/ol>\n<p class=\"p8\">\n<p class=\"p14\"><span class=\"s17\"><br \/>\n<\/span><span class=\"s2\">Frente al pr\u00f3jimo<\/span><\/p>\n<p class=\"p8\">\n<p class=\"p29\">\n<p class=\"p8\">\n<ol class=\"ol1\">\n<li class=\"li14\"><span class=\"s2\">\u00bfAbuso de mis hermanos utiliz\u00e1ndolos para mis fines o actuando con ellos de una manera que ser\u00eda digna del Se\u00f1or y de un hijo suyo?<span class=\"Apple-converted-space\">\u00a0<\/span><\/span><\/li>\n<\/ol>\n<p class=\"p8\">\n<p class=\"p30\"><span class=\"s2\">\u00bfHe escandalizado a alguien con malas palabras o con malas acciones?<\/span><\/p>\n<p class=\"p8\">\n<p class=\"p29\">\n<p class=\"p8\">\n<ol class=\"ol1\">\n<li class=\"li14\"><span class=\"s2\">En la vida familiar:<span class=\"Apple-converted-space\">\u00a0<\/span><\/span><\/li>\n<\/ol>\n<p class=\"p8\">\n<p class=\"p31\"><span class=\"s2\">Como hijo o hija: \u00bfHe obedecido a mis padres, los he honrado o ayudado en sus necesidades espirituales o materiales?<\/span><\/p>\n<p class=\"p8\">\n<p class=\"p32\"><span class=\"s2\">Como padre o madre: \u00bfHe sido cuidadoso con la instrucci\u00f3n y la educaci\u00f3n cristiana de mis hijos, de ayudarlos con mi buen ejemplo y en el recto ejercicio de mi autoridad?<\/span><\/p>\n<p class=\"p8\">\n<p class=\"p33\"><span class=\"s2\">Como esposo o esposa: \u00bfHe sido fiel con el coraz\u00f3n, con los ojos y con mi conducta?<\/span><\/p>\n<p class=\"p8\">\n<p class=\"p29\">\n<p class=\"p8\">\n<ol class=\"ol1\">\n<li class=\"li14\"><span class=\"s2\">\u00bfReparto mis bienes con aquellos que son m\u00e1s pobres que yo?<span class=\"Apple-converted-space\">\u00a0<\/span><\/span><\/li>\n<\/ol>\n<p class=\"p8\">\n<p class=\"p30\"><span class=\"s2\">\u00bfHe defendido, en tanto me fuera posible, a los oprimidos, y ayudado a quienes se encuentran en la miseria?<span class=\"Apple-converted-space\">\u00a0<\/span><\/span><\/p>\n<p class=\"p8\">\n<p class=\"p30\"><span class=\"s2\">\u00bfHe\u00a0 despreciado a los d\u00e9biles, a los ancianos, o a los extranjeros?<\/span><\/p>\n<p class=\"p8\">\n<p class=\"p29\">\n<p class=\"p8\">\n<ol class=\"ol1\">\n<li class=\"li14\"><span class=\"s2\">\u00bfRecuerdo la misi\u00f3n recibida en la Confirmaci\u00f3n de dar testimonio de Dios y de su Hijo con la fuerza del Esp\u00edritu Santo?<span class=\"Apple-converted-space\">\u00a0<\/span><\/span><\/li>\n<\/ol>\n<p class=\"p8\">\n<p class=\"p30\"><span class=\"s2\">\u00bfHe participado en la vida de mi parroquia, en las obras de apostolado y de caridad de la Iglesia?<span class=\"Apple-converted-space\">\u00a0<\/span><\/span><\/p>\n<p class=\"p8\">\n<p class=\"p30\"><span class=\"s2\">\u00bfHe acudido en auxilio de sus necesidades?<span class=\"Apple-converted-space\">\u00a0<\/span><\/span><\/p>\n<p class=\"p8\">\n<p class=\"p30\"><span class=\"s2\">\u00bfHe rezado por la uni\u00f3n de todos dentro de la Iglesia, por la evangelizaci\u00f3n de los pueblos, por la paz y justicia entre ellos?<\/span><\/p>\n<p class=\"p8\">\n<p class=\"p29\">\n<p class=\"p8\">\n<ol class=\"ol1\">\n<li class=\"li14\"><span class=\"s2\">\u00bfMe preocupo del bien y de la prosperidad de la comunidad en la que vivo? \u00bfHe promovido, especialmente, la honestidad de las costumbres, la concordia y la caridad?<span class=\"Apple-converted-space\">\u00a0<\/span><\/span><\/li>\n<\/ol>\n<p class=\"p8\">\n<p class=\"p30\"><span class=\"s2\">\u00bfHe cumplido con mis deberes c\u00edvicos?<\/span><\/p>\n<p class=\"p8\">\n<p class=\"p30\"><span class=\"s2\">\u00bfHe pagado mis impuestos?<\/span><\/p>\n<p class=\"p8\">\n<p class=\"p29\">\n<p class=\"p8\">\n<ol class=\"ol1\">\n<li class=\"li14\"><span class=\"s2\">\u00bfEn mi\u00a0 ejercicio profesional, he sido justo, activo, honesto y servicial?<span class=\"Apple-converted-space\">\u00a0<\/span><\/span><\/li>\n<\/ol>\n<p class=\"p8\">\n<p class=\"p30\"><span class=\"s2\">Como patr\u00f3n: \u00bfHe pagado un salario justo a mis obreros o empleados?<span class=\"Apple-converted-space\">\u00a0<\/span><\/span><\/p>\n<p class=\"p8\">\n<p class=\"p31\"><span class=\"s2\">Como empleado: \u00bfHe cumplido con mis obligaciones laborales, con mi horario de trabajo y mis dem\u00e1s responsabilidades?<\/span><\/p>\n<p class=\"p8\">\n<p class=\"p30\"><span class=\"s2\">\u00bfHe cumplido las promesas y condiciones contractuales?<\/span><\/p>\n<p class=\"p8\">\n<p class=\"p29\">\n<p class=\"p8\">\n<ol class=\"ol1\">\n<li class=\"li14\"><span class=\"s2\">\u00bfHe obedecido y respetado a las autoridades leg\u00edtimas?<\/span><\/li>\n<\/ol>\n<p class=\"p8\">\n<p class=\"p29\">\n<p class=\"p8\">\n<ol class=\"ol1\">\n<li class=\"li14\"><span class=\"s2\">\u00bfSi tuve una responsabilidad o ejerc\u00ed\u00a0 alguna autoridad, lo hice con esp\u00edritu de servicio y por el bien de los otros?<\/span><\/li>\n<\/ol>\n<p class=\"p8\">\n<p class=\"p29\">\n<p class=\"p8\">\n<ol class=\"ol1\">\n<li class=\"li14\"><span class=\"s2\">\u00bfHe causado da\u00f1o al pr\u00f3jimo y he sido injusto con \u00e9l por prejuicios o\u00a0 teniendo sospechas temerarias, con maledicencias, calumnias o violaci\u00f3n de secretos?<\/span><\/li>\n<\/ol>\n<p class=\"p8\">\n<p class=\"p29\">\n<p class=\"p8\">\n<p class=\"p27\"><span class=\"s16\">19)<\/span><span class=\"s2\">\u00bfHe violado la integridad f\u00edsica, la vida, la reputaci\u00f3n o el honor del pr\u00f3jimo?<span class=\"Apple-converted-space\">\u00a0<\/span><\/span><\/p>\n<p class=\"p8\">\n<p class=\"p30\"><span class=\"s2\">\u00bfHe da\u00f1ado o me he apropiado de sus bienes?<span class=\"Apple-converted-space\">\u00a0<\/span><\/span><\/p>\n<p class=\"p8\">\n<p class=\"p30\"><span class=\"s2\">\u00bfHe sugerido, persuadido o procurado un aborto?<span class=\"Apple-converted-space\">\u00a0<\/span><\/span><\/p>\n<p class=\"p8\">\n<p class=\"p30\"><span class=\"s2\">\u00bfGuardo odio o rencor hacia alguien?<span class=\"Apple-converted-space\">\u00a0<\/span><\/span><\/p>\n<p class=\"p8\">\n<p class=\"p30\"><span class=\"s2\">\u00bfEstoy alejado de los dem\u00e1s por ri\u00f1as, insultos, c\u00f3lera o enemistad?<span class=\"Apple-converted-space\">\u00a0<\/span><\/span><\/p>\n<p class=\"p8\">\n<p class=\"p30\"><span class=\"s2\">\u00bfHe sido culpable de negarme a dar testimonio de la inocencia del pr\u00f3jimo?<\/span><\/p>\n<p class=\"p8\">\n<p class=\"p29\">\n<p class=\"p8\">\n<ol class=\"ol1\">\n<li class=\"li14\"><span class=\"s2\">\u00bfHe deseado de manera injusta o desordenada los bienes ajenos o lo he robado?<span class=\"Apple-converted-space\">\u00a0<\/span><\/span><\/li>\n<\/ol>\n<p class=\"p8\">\n<p class=\"p30\"><span class=\"s2\">\u00bfHe da\u00f1ado a sus propietarios?<span class=\"Apple-converted-space\">\u00a0<\/span><\/span><\/p>\n<p class=\"p8\">\n<p class=\"p30\"><span class=\"s2\">\u00bfHe da\u00f1ado sus pertenencias?<\/span><\/p>\n<p class=\"p8\">\n<p class=\"p30\"><span class=\"s2\">\u00bfHe sido cuidadoso en restituir el bien ajeno y en reparar el perjuicio causado?<\/span><\/p>\n<p class=\"p8\">\n<p class=\"p29\">\n<p class=\"p8\">\n<ol class=\"ol1\">\n<li class=\"li14\"><span class=\"s2\">Si mis derechos hans sido vulnerados, \u00bfhe estado listo al perd\u00f3n, a la reconciliaci\u00f3n y a la paz, por amor\u00a0 a Cristo, o he conservado voluntariamente el odio y el deseo de venganza?<\/span><\/li>\n<\/ol>\n<p class=\"p8\">\n<p class=\"p29\">\n<p class=\"p8\">\n<p class=\"p14\"><span class=\"s2\">Frente Cristo, el Se\u00f1or, que ha dicho: \u201cama a tu pr\u00f3jimo como a ti mismo\u201d<\/span><\/p>\n<p class=\"p8\">\n<p class=\"p29\">\n<p class=\"p8\">\n<ol class=\"ol1\">\n<li class=\"li14\"><span class=\"s2\">\u00bfHa sido Cristo y la construcci\u00f3n de su Reino la orientaci\u00f3n fundamental de mi vida?<span class=\"Apple-converted-space\">\u00a0<\/span><\/span><\/li>\n<\/ol>\n<p class=\"p8\">\n<p class=\"p30\"><span class=\"s2\">\u00bfHe sido animado por la esperanza de la vida eterna?<span class=\"Apple-converted-space\">\u00a0<\/span><\/span><\/p>\n<p class=\"p8\">\n<p class=\"p30\"><span class=\"s2\">\u00bfHe tenido cuidado de progresar en la vida espiritual mediante la oraci\u00f3n, la lectura y meditaci\u00f3n de la Palabra de Dios, la participaci\u00f3n en los Sacramentos y la Penitencia sacramental y en mi vida diaria?<span class=\"Apple-converted-space\">\u00a0<\/span><\/span><\/p>\n<p class=\"p8\">\n<p class=\"p30\"><span class=\"s2\">\u00bfHe tenido cuidado de dominar mis inclinaciones y pasiones malas as\u00ed como<span class=\"Apple-converted-space\">\u00a0\u00a0<\/span>mis vicios: tales como la envidia, la gula, el abuso del alcohol o el uso de drogas?<span class=\"Apple-converted-space\">\u00a0<\/span><\/span><\/p>\n<p class=\"p8\">\n<p class=\"p30\"><span class=\"s2\">\u00bfMe he dejado llevar por la vanidad y el orgullo?<span class=\"Apple-converted-space\">\u00a0<\/span><\/span><\/p>\n<p class=\"p8\">\n<p class=\"p30\"><span class=\"s2\">\u00bfHe despreciado a mi pr\u00f3jimo?<span class=\"Apple-converted-space\">\u00a0<\/span><\/span><\/p>\n<p class=\"p8\">\n<p class=\"p30\"><span class=\"s2\">\u00bfMe he considerado superior a los dem\u00e1s por una situaci\u00f3n econ\u00f3mica, social, educativa, pol\u00edtica, f\u00edsica y\/o espiritual?<span class=\"Apple-converted-space\">\u00a0<\/span><\/span><\/p>\n<p class=\"p8\">\n<p class=\"p30\"><span class=\"s2\">\u00bfHe querido imponer mi voluntad, ignorando los derechos y libertad de otros?<\/span><\/p>\n<p class=\"p8\">\n<p class=\"p29\">\n<p class=\"p8\">\n<ol class=\"ol1\">\n<li class=\"li14\"><span class=\"s2\">\u00bfHe empleado los dones recibidos de Dios para mi perfecci\u00f3n y para el bien de los dem\u00e1s?<span class=\"Apple-converted-space\">\u00a0<\/span><\/span><\/li>\n<\/ol>\n<p class=\"p8\">\n<p class=\"p30\"><span class=\"s2\">\u00bfLos he utilizado solo para mi provecho, incluso en detrimento de los dem\u00e1s que pudieran necesitarlos?<\/span><\/p>\n<p class=\"p8\">\n<p class=\"p30\"><span class=\"s2\">\u00bfHe sido perezoso?<\/span><\/p>\n<p class=\"p8\">\n<p class=\"p29\">\n<p class=\"p8\">\n<ol class=\"ol1\">\n<li class=\"li14\"><span class=\"s2\">\u00bfHe soportado con paciencia las contradicciones, penas y dolores?<span class=\"Apple-converted-space\">\u00a0<\/span><\/span><\/li>\n<\/ol>\n<p class=\"p8\">\n<p class=\"p30\"><span class=\"s2\">\u00bfHe observado la ley del ayuno y de la abstinencia?<span class=\"Apple-converted-space\">\u00a0<\/span><\/span><\/p>\n<p class=\"p8\">\n<p class=\"p30\"><span class=\"s2\">\u00bfHe observado la ley divina de la penitencia cada viernes?<\/span><\/p>\n<p class=\"p8\">\n<p class=\"p29\">\n<p class=\"p8\">\n<ol class=\"ol1\">\n<li class=\"li14\"><span class=\"s2\">\u00bfHe conservado mis sentidos y todo mi cuerpo en el pudor y la castidad? \u00bfHe recordado que mi cuerpo es un templo del Esp\u00edritu, destinado a la resurrecci\u00f3n gloriosa?<span class=\"Apple-converted-space\">\u00a0<\/span><\/span><\/li>\n<\/ol>\n<p class=\"p8\">\n<p class=\"p30\"><span class=\"s2\">\u00bfHe manchado mi carne con malos pensamientos, malas palabras y malos deseos, como miradas o actos indignos e impuros?<span class=\"Apple-converted-space\">\u00a0<\/span><\/span><\/p>\n<p class=\"p8\">\n<p class=\"p30\"><span class=\"s2\">\u00bfHe buscado o aceptado lecturas, conversaciones y espect\u00e1culos contrarios a la castidad?<span class=\"Apple-converted-space\">\u00a0<\/span><\/span><\/p>\n<p class=\"p8\">\n<p class=\"p30\"><span class=\"s2\">\u00bfHe inducido a los otros al pecado?<span class=\"Apple-converted-space\">\u00a0<\/span><\/span><\/p>\n<p class=\"p8\">\n<p class=\"p30\"><span class=\"s2\">\u00bfHe guardado la castidad en mi vida matrimonial?<\/span><\/p>\n<p class=\"p8\">\n<p class=\"p29\">\n<p class=\"p8\">\n<ol class=\"ol1\">\n<li class=\"li14\"><span class=\"s2\">\u00bfHe actuado contra mi conciencia por temor o hipocres\u00eda?<\/span><\/li>\n<\/ol>\n<p class=\"p8\">\n<p class=\"p29\">\n<p class=\"p8\">\n<ol class=\"ol1\">\n<li class=\"li14\"><span class=\"s2\">\u00bfSoy esclavo de alguna pasi\u00f3n?<\/span><\/li>\n<\/ol>\n<p class=\"p8\">\n<p class=\"p30\"><span class=\"s2\">\u00bfDe cu\u00e1l?<\/span><\/p>\n<p class=\"p8\">\n<p class=\"p29\">\n<p class=\"p8\">\n<ol class=\"ol1\">\n<li class=\"li14\"><span class=\"s2\">\u00bfHe hecho un recto uso del dinero y los bienes materiales?<\/span><\/li>\n<\/ol>\n<p class=\"p8\">\n<p class=\"p30\"><span class=\"s2\">\u00bfHe tomado en cuenta las necesidades urgentes de los menos favorecidos?<\/span><\/p>\n<p class=\"p8\">\n<p class=\"p29\">\n<p class=\"p8\">\n<ol class=\"ol1\">\n<li class=\"li14\"><span class=\"s2\">Como patr\u00f3n o empresario:<\/span><\/li>\n<\/ol>\n<p class=\"p8\">\n<p class=\"p30\"><span class=\"s2\">\u00bfMe he embolsado mis dividendos sin preguntarme si lesionaban o no los derechos de terceros?<span class=\"Apple-converted-space\">\u00a0<\/span><\/span><\/p>\n<p class=\"p8\">\n<p class=\"p30\"><span class=\"s2\">\u00bfHe cumplido la obligaci\u00f3n de restituir a esos terceros, seg\u00fan la medida de la violaci\u00f3n a sus derechos?<span class=\"Apple-converted-space\">\u00a0<\/span><\/span><\/p>\n<p class=\"p8\">\n<p class=\"p30\"><span class=\"s2\">\u00bfC\u00f3mo patr\u00f3n, he pensado en unirme a otros para defender a los obreros de la empresa y a los consumidores?<\/span><\/p>\n<p class=\"p8\">\n<p class=\"p30\"><span class=\"s2\">\u00bfQu\u00e9 he hecho, hago o puedo hacer para transformar mi medio profesional en una verdadera comunidad de personas?<\/span><\/p>\n<p class=\"p8\">\n<p class=\"p30\"><span class=\"s2\">Si mis empleados son padres y madres de familia, \u00bfreciben de m\u00ed un salario justo para atender sus necesidades?<\/span><\/p>\n<p class=\"p8\">\n<p class=\"p30\"><span class=\"s2\">\u00bfTengo la costumbre de consultar a los obreros de mi empresa respecto de los problemas de su gesti\u00f3n, con el fin de que tengan voz en el asunto y\u00a0 de que tomen conciencia de participar en mis responsabilidades?<\/span><\/p>\n<p class=\"p8\">\n<p class=\"p13\">\n<p class=\"p8\">\n<p class=\"p27\"><span class=\"s2\">Confesi\u00f3n general<\/span><\/p>\n<p class=\"p8\">\n<p class=\"p10\">\n<p class=\"p8\">\n<p class=\"p11\"><span class=\"s2\">Se dejan unos momentos de silencio.<\/span><\/p>\n<p class=\"p8\">\n<p class=\"p10\">\n<p class=\"p8\">\n<p class=\"p11\"><span class=\"s2\">A continuaci\u00f3n, el que preside dice:<\/span><\/p>\n<p class=\"p8\">\n<p class=\"p14\"><span class=\"s2\">Atendiendo a la Palabra del Se\u00f1or, reconozcamos que somos pecadores y necesitamos de su misericordia, diciendo:<\/span><\/p>\n<p class=\"p8\">\n<p class=\"p34\">\n<p class=\"p8\">\n<p class=\"p16\"><span class=\"s2\">Yo confieso ante Dios todopoderoso<\/span><\/p>\n<p class=\"p8\">\n<p class=\"p16\"><span class=\"s2\">y ante ustedes, hermanos,<span class=\"Apple-converted-space\">\u00a0<\/span><\/span><\/p>\n<p class=\"p8\">\n<p class=\"p16\"><span class=\"s2\">que he pecado mucho,<\/span><\/p>\n<p class=\"p8\">\n<p class=\"p16\"><span class=\"s2\">de pensamiento, palabra, obra y omisi\u00f3n.<\/span><\/p>\n<p class=\"p8\">\n<p class=\"p34\">\n<p class=\"p8\">\n<p class=\"p35\"><span class=\"s2\">D\u00e1ndose un golpe de pecho, contin\u00faan:<\/span><\/p>\n<p class=\"p8\">\n<p class=\"p16\"><span class=\"s2\">Por mi culpa, por mi culpa, por mi gran culpa.<\/span><\/p>\n<p class=\"p8\">\n<p class=\"p34\">\n<p class=\"p8\">\n<p class=\"p35\"><span class=\"s2\">Y prosiguen:<\/span><\/p>\n<p class=\"p8\">\n<p class=\"p16\"><span class=\"s2\">Por eso ruego a Santa Mar\u00eda, siempre Virgen,<\/span><\/p>\n<p class=\"p8\">\n<p class=\"p16\"><span class=\"s2\">A los \u00e1ngeles, a los Santos<\/span><\/p>\n<p class=\"p8\">\n<p class=\"p16\"><span class=\"s2\">y a ustedes, hermanos,<\/span><\/p>\n<p class=\"p8\">\n<p class=\"p16\"><span class=\"s2\">que intercedan por m\u00ed ante Dios, nuestro Se\u00f1or.<\/span><\/p>\n<p class=\"p8\">\n<p class=\"p34\">\n<p class=\"p8\">\n<p class=\"p11\"><span class=\"s2\">El que preside dice:<\/span><\/p>\n<p class=\"p8\">\n<p class=\"p16\"><span class=\"s2\">L\u00edbranos de todo mal, Padre misericordioso,<\/span><\/p>\n<p class=\"p8\">\n<p class=\"p16\"><span class=\"s2\">y por la pasi\u00f3n salvadora de tu Hijo,<\/span><\/p>\n<p class=\"p8\">\n<p class=\"p16\"><span class=\"s2\">a la que nos unimos por la penitencia<\/span><\/p>\n<p class=\"p8\">\n<p class=\"p16\"><span class=\"s2\">coc\u00e9denos participar alegremente<\/span><\/p>\n<p class=\"p8\">\n<p class=\"p16\"><span class=\"s2\">de su admirable resurrecci\u00f3n.<\/span><\/p>\n<p class=\"p8\">\n<p class=\"p16\"><span class=\"s2\">Por Jesucristo, nuestro Se\u00f1or.<\/span><\/p>\n<p class=\"p8\">\n<p class=\"p10\">\n<p class=\"p8\">\n<p class=\"p16\"><span class=\"s2\">R. Am\u00e9n.<\/span><\/p>\n<p class=\"p8\">\n<p class=\"p13\">\n<p class=\"p8\">\n<p class=\"p13\">\n<p class=\"p8\">\n<p class=\"p24\"><span class=\"s2\">Preces<\/span><\/p>\n<p class=\"p8\">\n<p class=\"p11\"><span class=\"s2\">El que preside, dice:<\/span><\/p>\n<p class=\"p8\">\n<p class=\"p10\">\n<p class=\"p8\">\n<p class=\"p14\"><span class=\"s2\">Arrepentidos delante del Se\u00f1or, invoquemos llenos de confianza a Dios, fuente de misericordia, para que purifique nuestros corazones, cure nuestras heridas y nos libere de toda culpa.<\/span><\/p>\n<p class=\"p8\">\n<p class=\"p10\">\n<p class=\"p8\">\n<p class=\"p11\"><span class=\"s2\">Un cantor, canta:<\/span><\/p>\n<p class=\"p8\">\n<p class=\"p17\"><span class=\"s2\">Roguemos al Se\u00f1or.<\/span><\/p>\n<p class=\"p8\">\n<p class=\"p10\">\n<p class=\"p8\">\n<p class=\"p11\"><span class=\"s2\">Todos responden cantando:<\/span><\/p>\n<p class=\"p8\">\n<p class=\"p17\"><span class=\"s2\">R. Te rogamos, \u00f3yenos.<\/span><\/p>\n<p class=\"p8\">\n<p class=\"p10\">\n<p class=\"p8\">\n<p class=\"p11\"><span class=\"s2\">Un lector, lee:<\/span><\/p>\n<p class=\"p8\">\n<ol class=\"ol1\">\n<li class=\"li14\"><span class=\"s2\">Para que el Se\u00f1or no d\u00e9 la gracia de una verdadera conversi\u00f3n.<span class=\"Apple-converted-space\">\u00a0\u00a0<\/span>Roguemos al Se\u00f1or.<span class=\"Apple-converted-space\">\u00a0\u00a0<\/span>R.<\/span><\/li>\n<li class=\"li14\"><span class=\"s2\">Para que nos manifieste su clemencia y nos d\u00e9 el perd\u00f3n de todas nuestras culpas.<span class=\"Apple-converted-space\">\u00a0\u00a0<\/span>Roguemos al Se\u00f1or.<span class=\"Apple-converted-space\">\u00a0\u00a0<\/span>R.<\/span><\/li>\n<li class=\"li14\"><span class=\"s2\">Para que los hijos que se han alejado de la santa Iglesia regresen a la comuni\u00f3n de fe y amor con sus hermanos.<span class=\"Apple-converted-space\">\u00a0\u00a0<\/span>Roguemos al Se\u00f1or.<span class=\"Apple-converted-space\">\u00a0\u00a0<\/span>R.<\/span><\/li>\n<li class=\"li14\"><span class=\"s2\">Para que en nuestros corazones heridos por el pecado se reavive la gracia del Bautismo.<span class=\"Apple-converted-space\">\u00a0\u00a0<\/span>Roguemos al Se\u00f1or.<span class=\"Apple-converted-space\">\u00a0\u00a0<\/span>R.<\/span><\/li>\n<li class=\"li14\"><span class=\"s2\">Para que, iluminados por la esperanza de la gloria eterna, podamos acercarnos nuevamente a tu santo altar.<span class=\"Apple-converted-space\">\u00a0\u00a0<\/span>Roguemos al Se\u00f1or.<span class=\"Apple-converted-space\">\u00a0\u00a0<\/span>R.<\/span><\/li>\n<li class=\"li14\"><span class=\"s2\">Para que, sostenidos por la fuerza de tu Esp\u00edritu, seamos siempre fieles a Cristo, el Se\u00f1or.<span class=\"Apple-converted-space\">\u00a0\u00a0<\/span>Roguemos al Se\u00f1or.<span class=\"Apple-converted-space\">\u00a0\u00a0<\/span>R.<\/span><\/li>\n<li class=\"li14\"><span class=\"s2\">Para que, salvados por la divina misericordia, demos testimonio de nuestro salvador.<span class=\"Apple-converted-space\">\u00a0\u00a0<\/span>Roguemos al Se\u00f1or.<span class=\"Apple-converted-space\">\u00a0\u00a0<\/span>R.<\/span><\/li>\n<li class=\"li14\"><span class=\"s2\">Para que caminemos con perseverancia en las sendas del Evangelio y podamos gozar un d\u00eda de la alegr\u00eda de la vida eterna.<span class=\"Apple-converted-space\">\u00a0\u00a0<\/span>Roguemos al Se\u00f1or.<span class=\"Apple-converted-space\">\u00a0\u00a0<\/span>R.<\/span><\/li>\n<\/ol>\n<p class=\"p8\">\n<p class=\"p11\"><span class=\"s2\">El que preside, dice:<\/span><\/p>\n<p class=\"p8\">\n<p class=\"p14\"><span class=\"s2\">Delante del Se\u00f1or, y siguiendo sus ense\u00f1anzas, llenos de confianza dirij\u00e1monos a nuestro Padre para que perdone nuestros pecados y nos libre de todo mal.<\/span><\/p>\n<p class=\"p8\">\n<p class=\"p11\"><span class=\"s2\">Todos dicen:<\/span><\/p>\n<p class=\"p8\">\n<p class=\"p36\"><span class=\"s2\">Padre nuestro, que est\u00e1s en el cielo,<\/span><\/p>\n<p class=\"p37\"><span class=\"s2\">santificado sea tu nombre;<\/span><\/p>\n<p class=\"p8\">venga a nosotros tu reino;<\/p>\n<p class=\"p37\"><span class=\"s2\">h\u00e1gase tu voluntad en la tierra como en el cielo.<\/span><\/p>\n<p class=\"p36\"><span class=\"s2\">Danos hoy nuestro pan de cada d\u00eda;<\/span><\/p>\n<p class=\"p37\"><span class=\"s2\">perdona nuestras ofensas,<\/span><\/p>\n<p class=\"p37\"><span class=\"s2\">como tambi\u00e9n nosotros perdonamos<\/span><\/p>\n<p class=\"p37\"><span class=\"s2\">a los que nos ofenden;<\/span><\/p>\n<p class=\"p37\"><span class=\"s2\">no nos dejes caer en la tentaci\u00f3n,<\/span><\/p>\n<p class=\"p37\"><span class=\"s2\">y l\u00edbranos del mal.<\/span><\/p>\n<p class=\"p8\">\n<p class=\"p27\"><span class=\"s2\">Acto de contrici\u00f3n<\/span><\/p>\n<p class=\"p8\">\n<p class=\"p11\"><span class=\"s2\">Entonces, el que preside dice:<\/span><\/p>\n<p class=\"p8\">\n<p class=\"p14\"><span class=\"s2\">Ahora, hagamos un sincero acto de arrepentimiento delante del Se\u00f1or, y digamos juntos:<\/span><\/p>\n<p class=\"p8\">\n<p class=\"p8\">\n<p class=\"p11\"><span class=\"s2\">Todos, en voz alta, dicen:<\/span><\/p>\n<p class=\"p8\">\n<p class=\"p16\"><span class=\"s18\">S<\/span><span class=\"s2\">e\u00f1or m\u00edo, Jesucristo,<span class=\"Apple-converted-space\">\u00a0<\/span><\/span><\/p>\n<p class=\"p16\"><span class=\"s2\">Dios y hombre verdadero,<span class=\"Apple-converted-space\">\u00a0<\/span><\/span><\/p>\n<p class=\"p16\"><span class=\"s2\">me pesa de todo coraz\u00f3n haberte ofendido;<span class=\"Apple-converted-space\">\u00a0<\/span><\/span><\/p>\n<p class=\"p16\"><span class=\"s2\">propongo firmemente nunca m\u00e1s pecar,<span class=\"Apple-converted-space\">\u00a0<\/span><\/span><\/p>\n<p class=\"p16\"><span class=\"s2\">apartarme de todas las ocasiones de\u00a0pecado,<span class=\"Apple-converted-space\">\u00a0<\/span><\/span><\/p>\n<p class=\"p16\"><span class=\"s2\">confesarme en cuanto me sea posible<\/span><\/p>\n<p class=\"p16\"><span class=\"s2\">y cumplir la penitencia que me fuera impuesta.<span class=\"Apple-converted-space\">\u00a0<\/span><\/span><\/p>\n<p class=\"p16\"><span class=\"s2\">Te ofrezco, Se\u00f1or, mi vida, obras y trabajos<span class=\"Apple-converted-space\">\u00a0<\/span><\/span><\/p>\n<p class=\"p16\"><span class=\"s2\">en satisfacci\u00f3n de todos mis pecados.<\/span><\/p>\n<p class=\"p8\">\n<p class=\"p16\"><span class=\"s2\">Am\u00e9n<\/span><\/p>\n<p class=\"p8\">\n<p class=\"p11\"><span class=\"s2\">Se guarda un momento de silencio.<\/span><\/p>\n<p class=\"p10\">\n<p class=\"p24\"><span class=\"s2\">Agradecimiento a Dios<\/span><\/p>\n<p class=\"p8\">\n<p class=\"p11\"><span class=\"s2\">Todos juntos cantan:<\/span><\/p>\n<p class=\"p10\">\n<p class=\"p38\"><span class=\"s2\"><strong><em>Mi alma glorifica al Se\u00f1or, mi Dios<\/em><\/strong><\/span><\/p>\n<p class=\"p38\"><span class=\"s2\"><strong><em>g\u00f3zase mi esp\u00edritu en mi salvador<\/em><\/strong><\/span><\/p>\n<p class=\"p38\"><span class=\"s2\"><strong><em>El es mi alegr\u00eda, es mi plenitud<\/em><\/strong><\/span><\/p>\n<p class=\"p38\"><span class=\"s2\"><strong><em>El es todo para m\u00ed<\/em><\/strong><\/span><\/p>\n<p class=\"p8\">\n<p class=\"p39\">Ha mirado la bajeza de su sierva<\/p>\n<p class=\"p8\">\u00a0muy dichosos le dir\u00e1n todos sus siglos<\/p>\n<p class=\"p40\"><span class=\"s2\">porque en m\u00ed ha hecho grandes maravillas<\/span><\/p>\n<p class=\"p40\"><span class=\"s2\">el que todo puede cuyo nombre es santo.<span class=\"Apple-converted-space\">\u00a0\u00a0<\/span>R.<\/span><\/p>\n<p class=\"p8\">\n<p class=\"p39\">\n<p class=\"p40\"><span class=\"s2\">Su clemencia se derrama por los siglos<\/span><\/p>\n<p class=\"p40\"><span class=\"s2\">sobre aquellos que le temen y le aman<\/span><\/p>\n<p class=\"p40\"><span class=\"s2\">despleg\u00f3 el gran poder de su derecha<\/span><\/p>\n<p class=\"p40\"><span class=\"s2\">dispers\u00f3 a los que piensan que son algo.<span class=\"Apple-converted-space\">\u00a0\u00a0<\/span>R.<\/span><\/p>\n<p class=\"p8\">\n<p class=\"p8\">\n<p class=\"p40\"><span class=\"s2\">Derrib\u00f3 a los potentados de sus tronos<\/span><\/p>\n<p class=\"p40\"><span class=\"s2\">ensalz\u00f3 a los humildes y a los pobres<\/span><\/p>\n<p class=\"p40\"><span class=\"s2\">los hambrientos se saciaron con sus bienes<\/span><\/p>\n<p class=\"p40\"><span class=\"s2\">y alej\u00f3 de s\u00ed vac\u00edos a los ricos.<span class=\"Apple-converted-space\">\u00a0\u00a0<\/span>R.<\/span><\/p>\n<p class=\"p8\">\n<p class=\"p39\">\n<p class=\"p40\"><span class=\"s2\">Acogi\u00f3 a Israel su humilde siervo<\/span><\/p>\n<p class=\"p8\">\u00a0acord\u00e1ndose de su misericordia<\/p>\n<p class=\"p40\"><span class=\"s2\">como hab\u00eda prometido a nuestros padres<\/span><\/p>\n<p class=\"p40\"><span class=\"s2\">a Abraham y descendencia para siempre.<span class=\"Apple-converted-space\">\u00a0\u00a0<\/span>R.<\/span><\/p>\n<p class=\"p8\">\n<p class=\"p10\">\n<p class=\"p11\"><span class=\"s2\">El que preside contin\u00faa, diciendo:<\/span><\/p>\n<p class=\"p8\">\n<p class=\"p8\">\n<p class=\"p16\"><span class=\"s10\">D<\/span><span class=\"s2\">ios nuestro, Padre misericordioso,<\/span><\/p>\n<p class=\"p16\"><span class=\"s2\">que por tu gracia nos conviertes de pecadores en justos<\/span><\/p>\n<p class=\"p16\"><span class=\"s2\">y de afligidos en dichosos,<\/span><\/p>\n<p class=\"p8\">\u00a0conc\u00e9denos tu auxilio<\/p>\n<p class=\"p16\"><span class=\"s2\">para que, ya que hemos sido justificados por la fe,<\/span><\/p>\n<p class=\"p16\"><span class=\"s2\">no nos falte la fortaleza necesaria<\/span><\/p>\n<p class=\"p16\"><span class=\"s2\">para perseverar hasta el fin.<\/span><\/p>\n<p class=\"p8\">\n<p class=\"p16\"><span class=\"s2\">Por Jesucristo, nuestro Se\u00f1or.<\/span><\/p>\n<p class=\"p8\">\n<p class=\"p10\">\n<p class=\"p41\"><span class=\"s2\">R. Am\u00e9n.<\/span><\/p>\n<p class=\"p8\">\n<ol class=\"ol3\">\n<li class=\"li24\"><span class=\"s2\">Bendici\u00f3n eucar\u00edstica<\/span><\/li>\n<\/ol>\n<p class=\"p8\">\n<p class=\"p13\">\n<p class=\"p24\"><span class=\"s2\">Incensaci\u00f3n<\/span><\/p>\n<p class=\"p8\">\n<p class=\"p11\"><span class=\"s2\">El que celebra se dirige frente al Sacramento, hace genuflexi\u00f3n junto con los di\u00e1conos, y permanece arrodillado.<\/span><\/p>\n<p class=\"p11\"><span class=\"s2\">Mientras tanto, se canta un himno eucar\u00edstico u otro canto apropiado (<em>v. gr.\u00a0<\/em>Tantum ergo).<\/span><\/p>\n<p class=\"p11\"><span class=\"s2\">El que celebra pone incienso en el incensario y lo bendice, y de rodillas inciensa el Sacramento, del mismo modo descrito anteriormente.<\/span><\/p>\n<p class=\"p8\">\n<p class=\"p24\"><span class=\"s2\">Oraci\u00f3n<\/span><\/p>\n<p class=\"p8\">\n<p class=\"p26\"><span class=\"s2\">Luego se levanta y dice oremos.<\/span><\/p>\n<p class=\"p8\">\n<p class=\"p26\"><span class=\"s2\">Todos oran en silencio durante algunos momentos.<\/span><\/p>\n<p class=\"p8\">\n<p class=\"p20\">\n<p class=\"p26\"><span class=\"s2\">Entonces, el que preside, con las manos extendidas, dice:<\/span><\/p>\n<p class=\"p8\">\n<p class=\"p8\">\n<p class=\"p43\"><span class=\"s10\">D<\/span><span class=\"s2\">ios y Padre nuestro,<\/span><\/p>\n<p class=\"p43\"><span class=\"s2\">conc\u00e9denos celebrar dignamente al Cordero Pascual,<\/span><\/p>\n<p class=\"p43\"><span class=\"s2\">muerto por nosotros en la cruz<\/span><\/p>\n<p class=\"p8\">\u00a0y oculto en este sacramento,<\/p>\n<p class=\"p43\"><span class=\"s2\">para que, terminada nuestra peregrinaci\u00f3n en la tierra,<\/span><\/p>\n<p class=\"p43\"><span class=\"s2\">podamos contemplarlo cara a cara en la gloria del cielo.<\/span><\/p>\n<p class=\"p43\"><span class=\"s2\">\u00c9l que vive y reina por los siglos de los siglos.<\/span><\/p>\n<p class=\"p8\">\n<p class=\"p8\">\n<p class=\"p43\"><span class=\"s2\">R. Am\u00e9n.<\/span><\/p>\n<p class=\"p8\">\n<p class=\"p24\"><span class=\"s2\">Bendici\u00f3n<\/span><\/p>\n<p class=\"p8\">\n<p class=\"p8\">\n<p class=\"p11\"><span class=\"s2\">Terminada la oraci\u00f3n, el que preside recibe el pa\u00f1o de hombros, se dirige al altar, hace genuflexi\u00f3n y, con la ayuda del di\u00e1cono, recibe la custodia con ambas manos, cubiertas con el pa\u00f1o de hombros, y la sostiene elevada, se vuelve hacia el frente y sin decir nada traza una vez el signo de la cruz.<\/span><\/p>\n<p class=\"p8\">\n<p class=\"p11\"><span class=\"s2\">Terminada la bendici\u00f3n, el di\u00e1cono recibe la custodia de manos del que preside, y la coloca sobre el altar.<span class=\"Apple-converted-space\">\u00a0\u00a0<\/span>El que preside y el di\u00e1cono hacen genuflexi\u00f3n.<\/span><\/p>\n<p class=\"p8\">\n<p class=\"p11\"><span class=\"s2\">Luego, mientras el que preside, habiendo dejado el pa\u00f1o de hombros, permanece de rodillas delante del altar.<\/span><\/p>\n<p class=\"p8\">\n<p class=\"p8\">\n<p class=\"p24\"><span class=\"s2\">Aclamaci\u00f3n<\/span><\/p>\n<p class=\"p26\"><span class=\"s2\">A continuaci\u00f3n, un cantor o un lector canta o recita las siguientes aclamaciones:<\/span><\/p>\n<p class=\"p8\">\n<p class=\"p43\"><span class=\"s2\">T\u00fa que perdonas nuestros pecados:<span class=\"Apple-converted-space\">\u00a0<\/span><\/span><\/p>\n<p class=\"p8\">\n<p class=\"p43\"><span class=\"s2\">Oh Se\u00f1or, ten piedad de nosotros.<\/span><\/p>\n<p class=\"p8\">\n<p class=\"p43\"><span class=\"s2\">R. Oh Se\u00f1or, ten piedad de nosotros.<span class=\"Apple-converted-space\">\u00a0<\/span><\/span><\/p>\n<p class=\"p8\">\n<p class=\"p43\"><span class=\"s2\">T\u00fa que nos llamas a hacer penitencia:<span class=\"Apple-converted-space\">\u00a0<\/span><\/span><\/p>\n<p class=\"p8\">\n<p class=\"p43\"><span class=\"s2\">Cristo Jes\u00fas, ten piedad de nosotros.<span class=\"Apple-converted-space\">\u00a0<\/span><\/span><\/p>\n<p class=\"p8\">\n<p class=\"p43\"><span class=\"s2\">R. Cristo Jes\u00fas, ten piedad de nosotros.<span class=\"Apple-converted-space\">\u00a0<\/span><\/span><\/p>\n<p class=\"p8\">\n<p class=\"p45\">\n<p class=\"p8\">\n<p class=\"p43\"><span class=\"s2\">T\u00fa que confiaste a la Iglesia el signo de tu perd\u00f3n:<span class=\"Apple-converted-space\">\u00a0<\/span><\/span><\/p>\n<p class=\"p8\">\n<p class=\"p43\"><span class=\"s2\">Oh Se\u00f1or, ten piedad de nosotros.<\/span><\/p>\n<p class=\"p8\">\n<p class=\"p43\"><span class=\"s17\"><br \/>\n<\/span><span class=\"s2\">R. Oh Se\u00f1or, ten piedad de nosotros.<span class=\"Apple-converted-space\">\u00a0<\/span><\/span><\/p>\n<p class=\"p8\">\n<p class=\"p20\">\n<p class=\"p8\">\n<p class=\"p42\">\n<p class=\"p8\">\n<p class=\"p42\">\n<p class=\"p8\">\n<ol class=\"ol3\">\n<li class=\"li24\"><span class=\"s2\">Reserva<\/span><\/li>\n<\/ol>\n<p class=\"p8\">\n<p class=\"p10\">\n<p class=\"p8\">\n<p class=\"p11\"><span class=\"s2\">Entonces, el di\u00e1cono, si no lo hay el mismo que preside, se dirige al altar, hace genuflexi\u00f3n, toma el Sacramento y lo reserva en el sagrario; si se encuentra fuera del presbiterio, va acompa\u00f1ado por dos ac\u00f3litos o fieles con velan encendidas; hace genuflexi\u00f3n, y cierra el sagrario.<\/span><\/p>\n<p class=\"p8\">\n<p class=\"p10\">\n<p class=\"p8\">\n<p class=\"p11\"><span class=\"s2\">Mientras tanto, se puede entonar un canto adecuado:<\/span><\/p>\n<p class=\"p8\">\n<p class=\"p10\">\n<p class=\"p8\">\n<p class=\"p16\"><span class=\"s2\">Laudate Dominum omnes gentes,<\/span><\/p>\n<p class=\"p8\">\n<p class=\"p16\"><span class=\"s2\">laudate eum omnes populi.<\/span><\/p>\n<p class=\"p8\">\n<p class=\"p46\">\n<p class=\"p8\">\n<p class=\"p16\"><span class=\"s2\">Quoniam confirmata est super nos<\/span><\/p>\n<p class=\"p8\">\n<p class=\"p16\"><span class=\"s2\">misericordia eius<\/span><\/p>\n<p class=\"p8\">\n<p class=\"p16\"><span class=\"s2\">et veritas Domini manet in aeternum.<\/span><\/p>\n<p class=\"p8\">\n<p class=\"p46\">\n<p class=\"p8\">\n<p class=\"p16\"><span class=\"s2\">Gloria Patri, et Filio, et Spiritui Sancto.<\/span><\/p>\n<p class=\"p8\">\n<p class=\"p16\"><span class=\"s2\">Sicut erat in principio, et nunc, et Semper,<\/span><\/p>\n<p class=\"p8\">\n<p class=\"p16\"><span class=\"s2\">et in saecula saeculorum.<\/span><\/p>\n<p class=\"p8\">\n<p class=\"p16\"><span class=\"s2\">Amen.<\/span><\/p>\n<p class=\"p8\">\n<p class=\"p10\">\n<p class=\"p8\">\n<p class=\"p24\"><span class=\"s2\">Ant\u00edfona mariana<\/span><\/p>\n<p class=\"p8\">\n<p class=\"p10\">\n<p class=\"p8\">\n<p class=\"p11\"><span class=\"s2\">Entonces se canta la siguiente ant\u00edfona mariana u otra adecuada:<\/span><\/p>\n<p class=\"p8\">\n<p class=\"p10\"><span class=\"s2\">\u00a0<\/span><\/p>\n<p class=\"p8\">\n<p class=\"p16\"><span class=\"s2\">Salve, Regina, Mater misericordiae.<\/span><\/p>\n<p class=\"p8\">\n<p class=\"p16\"><span class=\"s2\">Vita, dulcedo et spes nostra, salve.<\/span><\/p>\n<p class=\"p8\">\n<p class=\"p16\"><span class=\"s2\">Ad te clamamus exsules filii Hevae.<\/span><\/p>\n<p class=\"p8\">\n<p class=\"p16\"><span class=\"s2\">Ad te suspiramus gementes et flentes in hac lacrimarum valle.<\/span><\/p>\n<p class=\"p8\">\n<p class=\"p16\"><span class=\"s2\">Eia, ergo, advocata nostra,<span class=\"Apple-converted-space\">\u00a0<\/span><\/span><\/p>\n<p class=\"p8\">\n<p class=\"p16\"><span class=\"s2\">illos tuos misericordes oculos ad nos converte;<span class=\"Apple-converted-space\">\u00a0<\/span><\/span><\/p>\n<p class=\"p8\">\n<p class=\"p16\"><span class=\"s2\">et Iesum, benedictum fructum ventris tui,<span class=\"Apple-converted-space\">\u00a0<\/span><\/span><\/p>\n<p class=\"p8\">\n<p class=\"p16\"><span class=\"s2\">nobis post hoc exsilium ostende.<\/span><\/p>\n<p class=\"p8\">\n<p class=\"p16\"><span class=\"s2\">O clemens, O pia, O dulcis Virgo Maria.<\/span><\/p>\n<p class=\"p8\">\n<p class=\"p46\">\n<p class=\"p8\">\n<p class=\"p16\"><span class=\"s2\">Ora pro nobis, Sancta Dei Genitrix.<\/span><\/p>\n<p class=\"p8\">\n<p class=\"p16\"><span class=\"s2\">Ut digni efficiamur promissionibus Christi.<\/span><\/p>\n<p class=\"p8\">\n<p class=\"p16\"><span class=\"s2\">Amen.<\/span><\/p>\n<p class=\"p8\">\n<p class=\"p10\">\n<p class=\"p8\">\n<p class=\"p11\"><span class=\"s2\">El que preside, si ha permanecido de rodillas, se pone de pie y se dirige a la sacrist\u00eda.<\/span><\/p>\n<p class=\"p8\">\n<p class=\"p26\">\n<p class=\"p8\">\n<p class=\"p20\">\n<p class=\"p8\">\n<p class=\"p20\">\n<p class=\"p8\">\n<p class=\"p47\"><span class=\"s3\"><strong>O<\/strong><\/span><span class=\"s2\"><strong>raci\u00f3n del\u00a0<\/strong><\/span><span class=\"s3\"><strong>P<\/strong><\/span><span class=\"s2\"><strong>apa\u00a0<\/strong><\/span><span class=\"s3\"><strong>F<\/strong><\/span><span class=\"s2\"><strong>rancisco<\/strong><\/span><\/p>\n<p class=\"p8\">\n<p class=\"p28\">\n<p class=\"p8\">\n<p class=\"p24\"><span class=\"s2\">Oh Mar\u00eda, t\u00fa resplandeces siempre en nuestro camino<span class=\"Apple-converted-space\">\u00a0<\/span><\/span><\/p>\n<p class=\"p8\">\n<p class=\"p24\"><span class=\"s2\">como signo de salvaci\u00f3n y de esperanza.<\/span><\/p>\n<p class=\"p8\">\n<p class=\"p24\"><span class=\"s2\">Nosotros nos confiamos a ti, Salud de los enfermos,<span class=\"Apple-converted-space\">\u00a0<\/span><\/span><\/p>\n<p class=\"p8\">\n<p class=\"p24\"><span class=\"s2\">que bajo la cruz estuviste asociada al dolor de Jes\u00fas, manteniendo firme tu fe.<\/span><\/p>\n<p class=\"p8\">\n<p class=\"p24\"><span class=\"s2\">T\u00fa, Salvaci\u00f3n de todos los pueblos,<span class=\"Apple-converted-space\">\u00a0<\/span><\/span><\/p>\n<p class=\"p8\">\n<p class=\"p24\"><span class=\"s2\">sabes de qu\u00e9 tenemos necesidad y estamos seguros de que proveer\u00e1s,<span class=\"Apple-converted-space\">\u00a0<\/span><\/span><\/p>\n<p class=\"p8\">\n<p class=\"p24\"><span class=\"s2\">para que, como en Can\u00e1 de Galilea, pueda volver la alegr\u00eda<span class=\"Apple-converted-space\">\u00a0<\/span><\/span><\/p>\n<p class=\"p8\">\n<p class=\"p24\"><span class=\"s2\">y la fiesta despu\u00e9s de este momento de prueba.<\/span><\/p>\n<p class=\"p8\">\n<p class=\"p13\">\n<p class=\"p8\">\n<p class=\"p24\"><span class=\"s2\">Ay\u00fadanos, Madre del Divino Amor,<span class=\"Apple-converted-space\">\u00a0<\/span><\/span><\/p>\n<p class=\"p8\">\n<p class=\"p24\"><span class=\"s2\">a conformarnos a la voluntad del Padre<span class=\"Apple-converted-space\">\u00a0<\/span><\/span><\/p>\n<p class=\"p8\">\n<p class=\"p24\"><span class=\"s2\">y a hacer lo que nos dir\u00e1 Jes\u00fas,<span class=\"Apple-converted-space\">\u00a0<\/span><\/span><\/p>\n<p class=\"p8\">\n<p class=\"p24\"><span class=\"s2\">quien ha tomado sobre s\u00ed nuestros sufrimientos<span class=\"Apple-converted-space\">\u00a0<\/span><\/span><\/p>\n<p class=\"p8\">\n<p class=\"p24\"><span class=\"s2\">y ha cargado nuestros dolores para conducirnos,<span class=\"Apple-converted-space\">\u00a0<\/span><\/span><\/p>\n<p class=\"p8\">\n<p class=\"p24\"><span class=\"s2\">a trav\u00e9s de la cruz, a la alegr\u00eda de la resurrecci\u00f3n.<\/span><\/p>\n<p class=\"p8\">\n<p class=\"p13\">\n<p class=\"p8\">\n<p class=\"p24\"><span class=\"s2\">Bajo tu protecci\u00f3n buscamos refugio, Santa Madre de Dios.<span class=\"Apple-converted-space\">\u00a0<\/span><\/span><\/p>\n<p class=\"p8\">\n<p class=\"p24\"><span class=\"s2\">No desprecies nuestras s\u00faplicas que estamos en la prueba<span class=\"Apple-converted-space\">\u00a0<\/span><\/span><\/p>\n<p class=\"p8\">\n<p class=\"p24\"><span class=\"s2\">y l\u00edbranos de todo peligro,<span class=\"Apple-converted-space\">\u00a0<\/span><\/span><\/p>\n<p class=\"p8\">\n<p class=\"p24\"><span class=\"s2\">oh Virgen gloriosa y bendita.<\/span><\/p>\n<p class=\"p8\" style=\"text-align: center;\">\n<p>&nbsp;<\/p>\n","protected":false},"excerpt":{"rendered":"<p>Ciudad de M\u00e9xico, a 29 de marzo 2020. Prot. N\u00ba30\/19 Jornada Nacional Penitencial\u00a0 \u00abUn coraz\u00f3n contrito y humillado, Se\u00f1or, T\u00fa no lo desprecias\u00bb (Sal. 50 (1)) Saludamos a todo el pueblo de Dios en&#46;&#46;&#46;<\/p>\n","protected":false},"author":101012,"featured_media":11521,"comment_status":"closed","ping_status":"closed","sticky":false,"template":"","format":"standard","meta":{"_exactmetrics_skip_tracking":false,"_exactmetrics_sitenote_active":false,"_exactmetrics_sitenote_note":"","_exactmetrics_sitenote_category":0,"footnotes":""},"categories":[20,14],"tags":[],"class_list":["post-11520","post","type-post","status-publish","format-standard","has-post-thumbnail","hentry","category-evangelio-del-dia","category-ultimas-noticias"],"_links":{"self":[{"href":"https:\/\/iglesiatijuana.org\/web\/wp-json\/wp\/v2\/posts\/11520","targetHints":{"allow":["GET"]}}],"collection":[{"href":"https:\/\/iglesiatijuana.org\/web\/wp-json\/wp\/v2\/posts"}],"about":[{"href":"https:\/\/iglesiatijuana.org\/web\/wp-json\/wp\/v2\/types\/post"}],"author":[{"embeddable":true,"href":"https:\/\/iglesiatijuana.org\/web\/wp-json\/wp\/v2\/users\/101012"}],"replies":[{"embeddable":true,"href":"https:\/\/iglesiatijuana.org\/web\/wp-json\/wp\/v2\/comments?post=11520"}],"version-history":[{"count":1,"href":"https:\/\/iglesiatijuana.org\/web\/wp-json\/wp\/v2\/posts\/11520\/revisions"}],"predecessor-version":[{"id":11523,"href":"https:\/\/iglesiatijuana.org\/web\/wp-json\/wp\/v2\/posts\/11520\/revisions\/11523"}],"wp:featuredmedia":[{"embeddable":true,"href":"https:\/\/iglesiatijuana.org\/web\/wp-json\/wp\/v2\/media\/11521"}],"wp:attachment":[{"href":"https:\/\/iglesiatijuana.org\/web\/wp-json\/wp\/v2\/media?parent=11520"}],"wp:term":[{"taxonomy":"category","embeddable":true,"href":"https:\/\/iglesiatijuana.org\/web\/wp-json\/wp\/v2\/categories?post=11520"},{"taxonomy":"post_tag","embeddable":true,"href":"https:\/\/iglesiatijuana.org\/web\/wp-json\/wp\/v2\/tags?post=11520"}],"curies":[{"name":"wp","href":"https:\/\/api.w.org\/{rel}","templated":true}]}}