{"id":11603,"date":"2020-04-02T10:52:03","date_gmt":"2020-04-02T17:52:03","guid":{"rendered":"https:\/\/iglesiatijuana.org\/web\/?p=11603"},"modified":"2020-04-02T17:56:41","modified_gmt":"2020-04-03T00:56:41","slug":"arquidiocesis-de-tijuana-se-une-a-la-jornada-nacional-penitencial","status":"publish","type":"post","link":"https:\/\/iglesiatijuana.org\/web\/arquidiocesis-de-tijuana-se-une-a-la-jornada-nacional-penitencial\/","title":{"rendered":"Arquidi\u00f3cesis de Tijuana se une a la Jornada Nacional Penitencial"},"content":{"rendered":"<p style=\"text-align: justify;\">Pastoral para la Comunicaci\u00f3n. \u2013 El Arzobispo Francisco Moreno Barr\u00f3n celebrar\u00e1 en la Arquidi\u00f3cesis de Tijuana la Jornada Penitencial que presidir\u00e1 desde la Catedral Metropolitano de Ntra. Sra. de Guadalupe (Zona Centro) este viernes 3 de abril del 2020 a las 7:00 p.m.<\/p>\n<p style=\"text-align: justify;\">En comuni\u00f3n con los Obispos de M\u00e9xico quienes mediante un comunicado han invitado a participar de esta Jornada Nacional Penitencial inspirados en el salmo 50 que proclama: \u201c<em>Un coraz\u00f3n contrito y humillado, Se\u00f1or, T\u00fa no lo desprecias\u201d.<\/em><\/p>\n<p style=\"text-align: justify;\"><em>Por lo cual, nuestro Arzobispo nos <\/em>exhorta a participar de dicha Jornada Penitencial y una Hora Santa penitencial a trav\u00e9s de las plataformas digitales, en la cual, nos pondremos delante del Se\u00f1or, real y verdaderamente presente en el Sant\u00edsimo Sacramento del altar, y le suplicaremos a \u00e9l, \u201cnuestro intercesor ante el Padre\u201d (1 Jn 2, 2. 3) que nos alcance la salud espiritual y corporal.<\/p>\n<p style=\"text-align: justify;\">Esta Jornada como lo ha dicho el Sr. Arzobispo ser\u00e1n sin la presencia de fieles, siguiendo las indicaciones de autoridades debido a la pandemia del COVID-19. Sin embargo, quienes deseen unirse lo podr\u00e1n hacer a trav\u00e9s de las plataformas digitales propias de la Arquidi\u00f3cesis. Estas son:<\/p>\n<p style=\"text-align: justify;\">Facebook: iglesiatj<\/p>\n<p style=\"text-align: justify;\">Youtube: Arquidi\u00f3cesis Tijuana<\/p>\n<p style=\"text-align: justify;\">Web Oficial: iglesiatijuana.org<\/p>\n<p style=\"text-align: justify;\">Radio: 1470 AM<\/p>\n<p style=\"text-align: justify;\">La Arquidi\u00f3cesis convoc\u00f3 a esta jornada unida a la Conferencia del Episcopado Mexicano, que llam\u00f3 a los fieles y sacerdotes a un d\u00eda de ayuno y oraci\u00f3n. Por este acto se puede obtener el perd\u00f3n de los pecados, pero incluye el compromiso de confesarse en cuanto sea posible.<\/p>\n<p style=\"text-align: justify;\">Todos est\u00e1n llamados a unirse a esta Jornada Penitencial, Parroquias, Sacerdotes, Vida Consagrada, Movimientos y Asociaciones Laicales y toda persona de buena voluntad que desee pedir al Due\u00f1o de la vida, la salud y el t\u00e9rmino de esta pandemia que padece el mundo entero.<\/p>\n<p><a href=\"https:\/\/iglesiatijuana.org\/web\/wp-content\/uploads\/2020\/04\/91739365_10157969783089089_6241043108398628864_o.jpg\" data-rel=\"lightbox-image-0\" data-rl_title=\"\" data-rl_caption=\"\" title=\"\"><img loading=\"lazy\" decoding=\"async\" class=\"alignnone size-full wp-image-11581\" src=\"https:\/\/iglesiatijuana.org\/web\/wp-content\/uploads\/2020\/04\/91739365_10157969783089089_6241043108398628864_o.jpg\" alt=\"\" width=\"681\" height=\"960\" srcset=\"https:\/\/iglesiatijuana.org\/web\/wp-content\/uploads\/2020\/04\/91739365_10157969783089089_6241043108398628864_o.jpg 681w, https:\/\/iglesiatijuana.org\/web\/wp-content\/uploads\/2020\/04\/91739365_10157969783089089_6241043108398628864_o-213x300.jpg 213w\" sizes=\"auto, (max-width: 681px) 100vw, 681px\" \/><\/a><\/p>\n","protected":false},"excerpt":{"rendered":"<p>Pastoral para la Comunicaci\u00f3n. \u2013 El Arzobispo Francisco Moreno Barr\u00f3n celebrar\u00e1 en la Arquidi\u00f3cesis de Tijuana la Jornada Penitencial que presidir\u00e1 desde la Catedral Metropolitano de Ntra. Sra. de Guadalupe (Zona Centro) este viernes&#46;&#46;&#46;<\/p>\n","protected":false},"author":101012,"featured_media":11612,"comment_status":"closed","ping_status":"closed","sticky":false,"template":"","format":"standard","meta":{"_exactmetrics_skip_tracking":false,"_exactmetrics_sitenote_active":false,"_exactmetrics_sitenote_note":"","_exactmetrics_sitenote_category":0,"footnotes":""},"categories":[20,14],"tags":[],"class_list":["post-11603","post","type-post","status-publish","format-standard","has-post-thumbnail","hentry","category-evangelio-del-dia","category-ultimas-noticias"],"_links":{"self":[{"href":"https:\/\/iglesiatijuana.org\/web\/wp-json\/wp\/v2\/posts\/11603","targetHints":{"allow":["GET"]}}],"collection":[{"href":"https:\/\/iglesiatijuana.org\/web\/wp-json\/wp\/v2\/posts"}],"about":[{"href":"https:\/\/iglesiatijuana.org\/web\/wp-json\/wp\/v2\/types\/post"}],"author":[{"embeddable":true,"href":"https:\/\/iglesiatijuana.org\/web\/wp-json\/wp\/v2\/users\/101012"}],"replies":[{"embeddable":true,"href":"https:\/\/iglesiatijuana.org\/web\/wp-json\/wp\/v2\/comments?post=11603"}],"version-history":[{"count":1,"href":"https:\/\/iglesiatijuana.org\/web\/wp-json\/wp\/v2\/posts\/11603\/revisions"}],"predecessor-version":[{"id":11604,"href":"https:\/\/iglesiatijuana.org\/web\/wp-json\/wp\/v2\/posts\/11603\/revisions\/11604"}],"wp:featuredmedia":[{"embeddable":true,"href":"https:\/\/iglesiatijuana.org\/web\/wp-json\/wp\/v2\/media\/11612"}],"wp:attachment":[{"href":"https:\/\/iglesiatijuana.org\/web\/wp-json\/wp\/v2\/media?parent=11603"}],"wp:term":[{"taxonomy":"category","embeddable":true,"href":"https:\/\/iglesiatijuana.org\/web\/wp-json\/wp\/v2\/categories?post=11603"},{"taxonomy":"post_tag","embeddable":true,"href":"https:\/\/iglesiatijuana.org\/web\/wp-json\/wp\/v2\/tags?post=11603"}],"curies":[{"name":"wp","href":"https:\/\/api.w.org\/{rel}","templated":true}]}}