{"id":11608,"date":"2020-04-03T06:00:36","date_gmt":"2020-04-03T13:00:36","guid":{"rendered":"https:\/\/iglesiatijuana.org\/web\/?p=11608"},"modified":"2020-04-02T11:29:08","modified_gmt":"2020-04-02T18:29:08","slug":"laudes-viernes-v-semana-de-cuaresma-2020","status":"publish","type":"post","link":"https:\/\/iglesiatijuana.org\/web\/laudes-viernes-v-semana-de-cuaresma-2020\/","title":{"rendered":"Laudes &#8211; VIERNES V SEMANA DE CUARESMA 2020"},"content":{"rendered":"<p>Viernes, 3 de abril de 2020.<\/p>\n<p>&nbsp;<\/p>\n<ol>\n<li>Se\u00f1or, abre mis labios.<\/li>\n<li>Y mi boca proclamar\u00e1 tu alabanza.<\/li>\n<li>Dios m\u00edo, ven en mi auxilio.<\/li>\n<li>Se\u00f1or, date prisa en socorrerme.<\/li>\n<\/ol>\n<p>Gloria al Padre, y al Hijo, y al Esp\u00edritu Santo. Como era en el principio, ahora y siempre, por los siglos de los siglos. Am\u00e9n. Aleluya.<\/p>\n<p>&nbsp;<\/p>\n<p><strong>Himno 1<\/strong><\/p>\n<p>Este es el d\u00eda del Se\u00f1or.<\/p>\n<p>Este es el tiempo de la misericordia.<\/p>\n<p>Delante de tus ojos<\/p>\n<p>ya no enrojeceremos<\/p>\n<p>a causa del antiguo<\/p>\n<p>pecado de tu pueblo.<\/p>\n<p>Arrancar\u00e1s de cuajo<\/p>\n<p>el coraz\u00f3n soberbio<\/p>\n<p>y har\u00e1s un pueblo humilde<\/p>\n<p>de coraz\u00f3n sincero.<\/p>\n<p>En medio de las gentes<\/p>\n<p>nos guardas como un resto<\/p>\n<p>para cantar tus obras<\/p>\n<p>y adelantar tu reino.<\/p>\n<p>Seremos raza nueva<\/p>\n<p>para los cielos nuevos;<\/p>\n<p>sacerdotal estirpe,<\/p>\n<p>seg\u00fan tu Primog\u00e9nito.<\/p>\n<p>Caer\u00e1n los opresores<\/p>\n<p>y exultar\u00e1n los siervos;<\/p>\n<p>los hijos del oprobio<\/p>\n<p>ser\u00e1n tus herederos.<\/p>\n<p>Se\u00f1alar\u00e1s entonces<\/p>\n<p>el d\u00eda del regreso<\/p>\n<p>para los que com\u00edan<\/p>\n<p>su pan en el destierro.<\/p>\n<p>\u00a1Exulten mis entra\u00f1as!<\/p>\n<p>\u00a1Al\u00e9grese mi pueblo!<\/p>\n<p>Porque el Se\u00f1or que es justo<\/p>\n<p>revoca sus decretos.<\/p>\n<p>La salvaci\u00f3n se anuncia<\/p>\n<p>donde acech\u00f3 el infierno,<\/p>\n<p>porque el Se\u00f1or habita<\/p>\n<p>en medio de su pueblo.<\/p>\n<p>&nbsp;<\/p>\n<p><strong>Salmodia<\/strong><\/p>\n<p><strong>Ant\u00edfona 1: Aceptar\u00e1s los sacrificios, ofrendas y holocaustos, sobre tu altar, Se\u00f1or.<\/strong><\/p>\n<p>&nbsp;<\/p>\n<p><strong>Salmo 50<\/strong><\/p>\n<p><strong>\u00a0<\/strong><\/p>\n<p><strong>Misericordia, Dios m\u00edo<\/strong><\/p>\n<p>Renovaos en la mente y en el esp\u00edritu y vest\u00edos de la nueva condici\u00f3n humana. (Ef 4,23-24)<\/p>\n<p>&nbsp;<\/p>\n<p>Misericordia, Dios m\u00edo, por tu bondad,<\/p>\n<p>por tu inmensa compasi\u00f3n borra mi culpa;<\/p>\n<p>lava del todo mi delito,<\/p>\n<p>limpia mi pecado.<\/p>\n<p>&nbsp;<\/p>\n<p>Pues yo reconozco mi culpa,<\/p>\n<p>tengo siempre presente mi pecado:<\/p>\n<p>contra ti, contra ti solo pequ\u00e9,<\/p>\n<p>comet\u00ed la maldad que aborreces.<\/p>\n<p>&nbsp;<\/p>\n<p>En la sentencia tendr\u00e1s raz\u00f3n,<\/p>\n<p>en el juicio resultar\u00e1s inocente.<\/p>\n<p>Mira, en la culpa nac\u00ed,<\/p>\n<p>pecador me concibi\u00f3 mi madre.<\/p>\n<p>&nbsp;<\/p>\n<p>Te gusta un coraz\u00f3n sincero,<\/p>\n<p>y en mi interior me inculcas sabidur\u00eda.<\/p>\n<p>Roc\u00edame con el hisopo: quedar\u00e9 limpio;<\/p>\n<p>l\u00e1vame: quedar\u00e9 m\u00e1s blanco que la nieve.<\/p>\n<p>&nbsp;<\/p>\n<p>Hazme o\u00edr el gozo y la alegr\u00eda,<\/p>\n<p>que se alegren los huesos quebrantados.<\/p>\n<p>Aparta de mi pecado tu vista,<\/p>\n<p>borra en m\u00ed toda culpa.<\/p>\n<p>&nbsp;<\/p>\n<p>Oh, Dios, crea en m\u00ed un coraz\u00f3n puro,<\/p>\n<p>renu\u00e9vame por dentro con esp\u00edritu firme;<\/p>\n<p>no me arrojes lejos de tu rostro,<\/p>\n<p>no me quites tu santo esp\u00edritu.<\/p>\n<p>&nbsp;<\/p>\n<p>Devu\u00e9lveme la alegr\u00eda de tu salvaci\u00f3n,<\/p>\n<p>afi\u00e1nzame con esp\u00edritu generoso:<\/p>\n<p>ense\u00f1ar\u00e9 a los malvados tus caminos,<\/p>\n<p>los pecadores volver\u00e1n a ti.<\/p>\n<p>&nbsp;<\/p>\n<p>L\u00edbrame de la sangre, oh Dios,<\/p>\n<p>Dios, Salvador m\u00edo,<\/p>\n<p>y cantar\u00e1 mi lengua tu justicia.<\/p>\n<p>Se\u00f1or me abrir\u00e1s los labios,<\/p>\n<p>y mi boca proclamar\u00e1 tu alabanza.<\/p>\n<p>&nbsp;<\/p>\n<p>Los sacrificios no te satisfacen:<\/p>\n<p>si te ofreciera un holocausto, no lo querr\u00edas.<\/p>\n<p>Mi sacrificio es un esp\u00edritu quebrantado;<\/p>\n<p>un coraz\u00f3n quebrantado y humillado,<\/p>\n<p>t\u00fa no lo desprecias.<\/p>\n<p>&nbsp;<\/p>\n<p>Se\u00f1or, por tu bondad, favorece a Si\u00f3n,<\/p>\n<p>reconstruye las murallas de Jerusal\u00e9n:<\/p>\n<p>entonces aceptar\u00e1s los sacrificios rituales,<\/p>\n<p>ofrendas y holocaustos,<\/p>\n<p>sobre tu altar se inmolar\u00e1n novillos.<\/p>\n<p>&nbsp;<\/p>\n<p><strong>Lectura Breve<\/strong><\/p>\n<p><strong>Is 52, 13-15<\/strong><\/p>\n<p>&nbsp;<\/p>\n<p>Mirad: mi siervo tendr\u00e1 \u00e9xito, ser\u00e1 enaltecido y ensalzado sobremanera. Y, as\u00ed como<\/p>\n<p>muchos se horrorizaron de \u00e9l, pues tan desfigurado estaba que ya ni parec\u00eda hombre, no ten\u00eda ni aspecto humano, as\u00ed tambi\u00e9n muchos pueblos se admirar\u00e1n de \u00e9l y, a su vista, los reyes enmudecer\u00e1n de asombro porque ver\u00e1n algo jam\u00e1s narrado y contemplar\u00e1n algo inaudito.<\/p>\n<p>&nbsp;<\/p>\n<p><strong>Responsorio Breve<\/strong><\/p>\n<ol>\n<li>\u00c9l me librar\u00e1 de la red del cazador.<\/li>\n<li>\u00c9l me librar\u00e1 de la red del cazador.<\/li>\n<li>Me cubrir\u00e1 con su plumaje.<\/li>\n<li>\u00c9l me librar\u00e1 de la red del cazador.<\/li>\n<li>Gloria al Padre, y al Hijo, y al Esp\u00edritu Santo.<\/li>\n<li>\u00c9l me librar\u00e1 de la red del cazador.<\/li>\n<\/ol>\n<p>&nbsp;<\/p>\n<p><strong>Canto Evang\u00e9lico<\/strong><\/p>\n<p><strong>Ant\u00edfona: \u201cMuchas y buenas obras os he hecho ver \u2014dice el Se\u00f1or\u2014, \u00bfpor cu\u00e1l de ellas me quer\u00e9is apedrear?\u201d<\/strong><\/p>\n<p>&nbsp;<\/p>\n<p>Benedictus Lc 1, 68-79<\/p>\n<p>&nbsp;<\/p>\n<p><strong>El Mes\u00edas y su precursor<\/strong><\/p>\n<p><strong>\u00a0<\/strong><\/p>\n<p>+ Bendito sea el Se\u00f1or, Dios de Israel,<\/p>\n<p>porque ha visitado y redimido a su pueblo,<\/p>\n<p>suscit\u00e1ndonos una fuerza de salvaci\u00f3n<\/p>\n<p>en la casa de David, su siervo,<\/p>\n<p>seg\u00fan lo hab\u00eda predicho desde antiguo,<\/p>\n<p>por boca de sus santos profetas.<\/p>\n<p>&nbsp;<\/p>\n<p>Es la salvaci\u00f3n que nos libra de nuestros enemigos<\/p>\n<p>y de la mano de todos los que nos odian;<\/p>\n<p>realizando la misericordia<\/p>\n<p>que tuvo con nuestros padres,<\/p>\n<p>recordando su santa alianza<\/p>\n<p>y el juramento que jur\u00f3 a nuestro padre Abrah\u00e1n.<\/p>\n<p>&nbsp;<\/p>\n<p>Para concedernos que, libres de temor,<\/p>\n<p>arrancados de la mano de los enemigos,<\/p>\n<p>le sirvamos con santidad y justicia,<\/p>\n<p>en su presencia, todos nuestros d\u00edas.<\/p>\n<p>&nbsp;<\/p>\n<p>Y a ti, ni\u00f1o, te llamar\u00e1n profeta del Alt\u00edsimo,<\/p>\n<p>porque ir\u00e1s delante del Se\u00f1or<\/p>\n<p>a preparar sus caminos,<\/p>\n<p>anunciando a su pueblo la salvaci\u00f3n,<\/p>\n<p>el perd\u00f3n de sus pecados.<\/p>\n<p>&nbsp;<\/p>\n<p>Por la entra\u00f1able misericordia de nuestro Dios,<\/p>\n<p>nos visitar\u00e1 el sol que nace de lo alto,<\/p>\n<p>para iluminar a los que viven en tinieblas<\/p>\n<p>y en sombra de muerte,<\/p>\n<p>para guiar nuestros pasos<\/p>\n<p>por el camino de la paz.<\/p>\n<p>&nbsp;<\/p>\n<p>&nbsp;<\/p>\n<p>Gloria al Padre, y al Hijo, y al Esp\u00edritu Santo.<\/p>\n<p>Como era en el principio, ahora y siempre,<\/p>\n<p>por los siglos de los siglos. Am\u00e9n.<\/p>\n<p>&nbsp;<\/p>\n<p><strong>Preces<\/strong><\/p>\n<p>Demos gracias a Cristo, el Se\u00f1or, que al morir en cruz nos dio la vida, y dig\u00e1mosle con fe: T\u00fa que por nosotros moriste, esc\u00fachanos, Se\u00f1or.<\/p>\n<p>Maestro y Salvador nuestro, t\u00fa que nos revelaste con tu palabra el designio de Dios y nos renovaste con tu gloriosa pasi\u00f3n,<\/p>\n<p>\u2014 no permitas que nuestros d\u00edas transcurran entre vicios y pecados.<\/p>\n<p>Que sepamos, Se\u00f1or, mortificarnos hoy al tomar los manjares del cuerpo,<\/p>\n<p>\u2014 para ayudar con nuestra abstinencia a los hambrientos y necesitados.<\/p>\n<p>Que vivamos santamente este d\u00eda de penitencia cuaresmal,<\/p>\n<p>\u2014 y lo consagremos a tu servicio mediante obras de misericordia.<\/p>\n<p>Sana, Se\u00f1or, nuestras voluntades rebeldes,<\/p>\n<p>\u2014 y ll\u00e9nanos de tu gracia y de tus dones.<\/p>\n<p>Aqu\u00ed se pueden a\u00f1adir algunas intenciones libres.<\/p>\n<p>Que el Esp\u00edritu que habita en nosotros y nos une en su amor nos ayude a decir:<\/p>\n<p>&nbsp;<\/p>\n<p>&nbsp;<\/p>\n<p><strong>Padre Nuestro<\/strong><\/p>\n<p>Padre nuestro, que est\u00e1s en el cielo,<\/p>\n<p>santificado sea tu nombre,<\/p>\n<p>venga tu reino,<\/p>\n<p>h\u00e1gase tu voluntad en la tierra como en el cielo.<\/p>\n<p>Danos hoy nuestro pan de cada d\u00eda,<\/p>\n<p>perdona nuestras ofensas,<\/p>\n<p>como tambi\u00e9n nosotros perdonamos a los que nos ofenden;<\/p>\n<p>no nos dejes caer en tentaci\u00f3n,<\/p>\n<p>y l\u00edbranos del mal.<\/p>\n<p>&nbsp;<\/p>\n<p><strong>Oraci\u00f3n<\/strong><\/p>\n<p>Oremos:<\/p>\n<p>&nbsp;<\/p>\n<p>Perdona las culpas de tu pueblo, Se\u00f1or, y que tu amor y tu bondad nos libren del poder del pecado, al que nos ha sometido nuestra debilidad. Por nuestro Se\u00f1or Jesucristo, tu Hijo, que vive y reina contigo en la unidad del Esp\u00edritu Santo y es Dios, por los siglos de los siglos.<\/p>\n<p>&nbsp;<\/p>\n<p>Am\u00e9n.<\/p>\n<p>&nbsp;<\/p>\n<p><strong>Conclusi\u00f3n<\/strong><\/p>\n<p>&nbsp;<\/p>\n<ol>\n<li>El Se\u00f1or nos bendiga, nos guarde de todo mal y nos lleve a la vida eterna.<\/li>\n<li>Am\u00e9n.<\/li>\n<\/ol>\n<p><a href=\"https:\/\/iglesiatijuana.org\/web\/wp-content\/uploads\/2020\/03\/2f9ff682-cf9d-4684-bc3f-4ee13386ed4d.jpg\" data-rel=\"lightbox-image-0\" data-rl_title=\"\" data-rl_caption=\"\" title=\"\"><img loading=\"lazy\" decoding=\"async\" class=\"alignnone size-full wp-image-11368\" src=\"https:\/\/iglesiatijuana.org\/web\/wp-content\/uploads\/2020\/03\/2f9ff682-cf9d-4684-bc3f-4ee13386ed4d.jpg\" alt=\"\" width=\"1280\" height=\"604\" srcset=\"https:\/\/iglesiatijuana.org\/web\/wp-content\/uploads\/2020\/03\/2f9ff682-cf9d-4684-bc3f-4ee13386ed4d.jpg 1280w, https:\/\/iglesiatijuana.org\/web\/wp-content\/uploads\/2020\/03\/2f9ff682-cf9d-4684-bc3f-4ee13386ed4d-300x142.jpg 300w, https:\/\/iglesiatijuana.org\/web\/wp-content\/uploads\/2020\/03\/2f9ff682-cf9d-4684-bc3f-4ee13386ed4d-768x362.jpg 768w, https:\/\/iglesiatijuana.org\/web\/wp-content\/uploads\/2020\/03\/2f9ff682-cf9d-4684-bc3f-4ee13386ed4d-1024x483.jpg 1024w, https:\/\/iglesiatijuana.org\/web\/wp-content\/uploads\/2020\/03\/2f9ff682-cf9d-4684-bc3f-4ee13386ed4d-520x245.jpg 520w, https:\/\/iglesiatijuana.org\/web\/wp-content\/uploads\/2020\/03\/2f9ff682-cf9d-4684-bc3f-4ee13386ed4d-720x340.jpg 720w\" sizes=\"auto, (max-width: 1280px) 100vw, 1280px\" \/><\/a><\/p>\n","protected":false},"excerpt":{"rendered":"<p>Viernes, 3 de abril de 2020. &nbsp; Se\u00f1or, abre mis labios. Y mi boca proclamar\u00e1 tu alabanza. Dios m\u00edo, ven en mi auxilio. Se\u00f1or, date prisa en socorrerme. Gloria al Padre, y al Hijo,&#46;&#46;&#46;<\/p>\n","protected":false},"author":101012,"featured_media":11514,"comment_status":"closed","ping_status":"closed","sticky":false,"template":"","format":"standard","meta":{"_exactmetrics_skip_tracking":false,"_exactmetrics_sitenote_active":false,"_exactmetrics_sitenote_note":"","_exactmetrics_sitenote_category":0,"footnotes":""},"categories":[68],"tags":[],"class_list":["post-11608","post","type-post","status-publish","format-standard","has-post-thumbnail","hentry","category-liturgia-de-las-horas"],"_links":{"self":[{"href":"https:\/\/iglesiatijuana.org\/web\/wp-json\/wp\/v2\/posts\/11608","targetHints":{"allow":["GET"]}}],"collection":[{"href":"https:\/\/iglesiatijuana.org\/web\/wp-json\/wp\/v2\/posts"}],"about":[{"href":"https:\/\/iglesiatijuana.org\/web\/wp-json\/wp\/v2\/types\/post"}],"author":[{"embeddable":true,"href":"https:\/\/iglesiatijuana.org\/web\/wp-json\/wp\/v2\/users\/101012"}],"replies":[{"embeddable":true,"href":"https:\/\/iglesiatijuana.org\/web\/wp-json\/wp\/v2\/comments?post=11608"}],"version-history":[{"count":1,"href":"https:\/\/iglesiatijuana.org\/web\/wp-json\/wp\/v2\/posts\/11608\/revisions"}],"predecessor-version":[{"id":11609,"href":"https:\/\/iglesiatijuana.org\/web\/wp-json\/wp\/v2\/posts\/11608\/revisions\/11609"}],"wp:featuredmedia":[{"embeddable":true,"href":"https:\/\/iglesiatijuana.org\/web\/wp-json\/wp\/v2\/media\/11514"}],"wp:attachment":[{"href":"https:\/\/iglesiatijuana.org\/web\/wp-json\/wp\/v2\/media?parent=11608"}],"wp:term":[{"taxonomy":"category","embeddable":true,"href":"https:\/\/iglesiatijuana.org\/web\/wp-json\/wp\/v2\/categories?post=11608"},{"taxonomy":"post_tag","embeddable":true,"href":"https:\/\/iglesiatijuana.org\/web\/wp-json\/wp\/v2\/tags?post=11608"}],"curies":[{"name":"wp","href":"https:\/\/api.w.org\/{rel}","templated":true}]}}