{"id":11633,"date":"2020-04-05T06:00:55","date_gmt":"2020-04-05T13:00:55","guid":{"rendered":"https:\/\/iglesiatijuana.org\/web\/?p=11633"},"modified":"2020-04-04T11:13:15","modified_gmt":"2020-04-04T18:13:15","slug":"laudes-domingo-de-ramos-en-la-pasion-del-senor-2020","status":"publish","type":"post","link":"https:\/\/iglesiatijuana.org\/web\/laudes-domingo-de-ramos-en-la-pasion-del-senor-2020\/","title":{"rendered":"Laudes &#8211; DOMINGO DE RAMOS EN LA PASI\u00d3N DEL SE\u00d1OR 2020"},"content":{"rendered":"<p>Domingo, 5 de abril de 2020.<\/p>\n<p>&nbsp;<\/p>\n<ol>\n<li>Se\u00f1or, abre mis labios.<\/li>\n<li>Y mi boca proclamar\u00e1 tu alabanza.<\/li>\n<li>Dios m\u00edo, ven en mi auxilio.<\/li>\n<li>Se\u00f1or, date prisa en socorrerme.<\/li>\n<\/ol>\n<p>Gloria al Padre, y al Hijo, y al Esp\u00edritu Santo. Como era en el principio, ahora y siempre, por los siglos de los siglos. Am\u00e9n. Aleluya.<\/p>\n<p>&nbsp;<\/p>\n<p><strong>Himno 1<\/strong><\/p>\n<p>\u00a1Oh Cruz fiel, \u00e1rbol \u00fanico en nobleza!<\/p>\n<p>Jam\u00e1s el bosque dio mejor tributo<\/p>\n<p>en hoja, en flor y en fruto.<\/p>\n<p>\u00a1Dulces clavos! \u00a1Dulce \u00e1rbol donde la Vida empieza<\/p>\n<p>con un peso tan dulce en su corteza!<\/p>\n<p>&nbsp;<\/p>\n<p>Cantemos la nobleza de esta guerra,<\/p>\n<p>el triunfo de la sangre y del madero;<\/p>\n<p>y un Redentor, que, en trance de Cordero,<\/p>\n<p>sacrificado en cruz, salv\u00f3 la tierra.<\/p>\n<p>&nbsp;<\/p>\n<p>Dolido mi Se\u00f1or por el fracaso<\/p>\n<p>de Ad\u00e1n, que mordi\u00f3 muerte en la manzana,<\/p>\n<p>otro \u00e1rbol se\u00f1al\u00f3, de flor humana,<\/p>\n<p>que reparase el da\u00f1o paso a paso.<\/p>\n<p>&nbsp;<\/p>\n<p>Y as\u00ed dijo el Se\u00f1or: &#8220;\u00a1Vuelva la Vida,<\/p>\n<p>y que el Amor redima la condena!&#8221;<\/p>\n<p>La gracia est\u00e1 en el fondo de la pena,<\/p>\n<p>y la salud naciendo de la herida.<\/p>\n<p>&nbsp;<\/p>\n<p>\u00a1Oh plenitud del tiempo consumado!<\/p>\n<p>Del seno de Dios Padre en que viv\u00eda,<\/p>\n<p>&nbsp;<\/p>\n<p>ved la Palabra entrando por Mar\u00eda<\/p>\n<p>en el misterio mismo del pecado.<\/p>\n<p>&nbsp;<\/p>\n<p>\u00bfQui\u00e9n vio en m\u00e1s estrechez gloria m\u00e1s plena,<\/p>\n<p>y a Dios como el menor de los humanos?<\/p>\n<p>Llorando en el pesebre, pies y manos<\/p>\n<p>le faja una doncella nazarena.<\/p>\n<p>&nbsp;<\/p>\n<p>En plenitud de vida y de sendero,<\/p>\n<p>dio el paso hacia la muerte porque \u00e9l quiso.<\/p>\n<p>Mirad de par en par el para\u00edso<\/p>\n<p>abierto por la fuerza de un Cordero.<\/p>\n<p>&nbsp;<\/p>\n<p>Vinagre y sed la boca, apenas gime;<\/p>\n<p>y, al golpe de los clavos y la lanza,<\/p>\n<p>un mar de sangre fluye, inunda, avanza<\/p>\n<p>por tierra, mar y cielo, y los redime.<\/p>\n<p>&nbsp;<\/p>\n<p>Abl\u00e1ndate, madero, tronco abrupto<\/p>\n<p>de duro coraz\u00f3n y fibra inerte;<\/p>\n<p>dobl\u00e9gate a este peso y esta muerte<\/p>\n<p>que cuelga de tus ramas como un fruto.<\/p>\n<p>&nbsp;<\/p>\n<p>T\u00fa, solo entre los \u00e1rboles, crecido<\/p>\n<p>para tender a Cristo en tu regazo;<\/p>\n<p>t\u00fa, el arca que nos salva; t\u00fa, el abrazo<\/p>\n<p>de Dios con los verdugos del Ungido.<\/p>\n<p>&nbsp;<\/p>\n<p>Al Dios de los designios de la historia,<\/p>\n<p>que es Padre, Hijo y Esp\u00edritu, alabanza;<\/p>\n<p>al que en la cruz devuelve la esperanza<\/p>\n<p>de toda salvaci\u00f3n, honor y gloria. Am\u00e9n.<\/p>\n<p>&nbsp;<\/p>\n<p><strong>Salmodia<\/strong><\/p>\n<p><strong>Ant\u00edfona 1: Una gran multitud de gente, que hab\u00eda ido a la fiesta, aclamaba al Se\u00f1or: \u00abBendito el que viene en nombre del Se\u00f1or. Hosanna en el cielo.\u00bb<\/strong><\/p>\n<p>&nbsp;<\/p>\n<p>Salmo 117<\/p>\n<p>&nbsp;<\/p>\n<p><strong>Himno de acci\u00f3n de gracias despu\u00e9s de la victoria<\/strong><\/p>\n<p>&nbsp;<\/p>\n<p>Jes\u00fas es la piedra que desechasteis vosotros, los arquitectos, y que se ha convertido en piedra angular. (Hch 4,11)<\/p>\n<p>&nbsp;<\/p>\n<p>Dad gracias al Se\u00f1or porque es bueno,<\/p>\n<p>porque es eterna su misericordia.<\/p>\n<p>&nbsp;<\/p>\n<p>Diga la casa de Israel:<\/p>\n<p>eterna es su misericordia.<\/p>\n<p>&nbsp;<\/p>\n<p>Diga la casa de Aar\u00f3n:<\/p>\n<p>eterna es su misericordia.<\/p>\n<p>&nbsp;<\/p>\n<p>Digan los fieles del Se\u00f1or:<\/p>\n<p>eterna es su misericordia.<\/p>\n<p>&nbsp;<\/p>\n<p>En el peligro grit\u00e9 al Se\u00f1or,<\/p>\n<p>y me escuch\u00f3, poni\u00e9ndome a salvo.<\/p>\n<p>&nbsp;<\/p>\n<p>El Se\u00f1or est\u00e1 conmigo: no temo;<\/p>\n<p>\u00bfqu\u00e9 podr\u00e1 hacerme el hombre?<\/p>\n<p>El Se\u00f1or est\u00e1 conmigo y me auxilia,<\/p>\n<p>ver\u00e9 la derrota de mis adversarios.<\/p>\n<p>&nbsp;<\/p>\n<p>Mejor es refugiarse en el Se\u00f1or<\/p>\n<p>que fiarse de los hombres,<\/p>\n<p>mejor es refugiarse en el Se\u00f1or<\/p>\n<p>que fiarse de los jefes.<\/p>\n<p>&nbsp;<\/p>\n<p>Todos los pueblos me rodeaban,<\/p>\n<p>en el nombre del Se\u00f1or los rechac\u00e9;<\/p>\n<p>me rodeaban cerrando el cerco,<\/p>\n<p>en el nombre del Se\u00f1or los rechac\u00e9;<\/p>\n<p>me rodeaban como avispas,<\/p>\n<p>ardiendo como fuego en las zarzas,<\/p>\n<p>en el nombre del Se\u00f1or los rechac\u00e9.<\/p>\n<p>&nbsp;<\/p>\n<p>Empujaban y empujaban para derribarme,<\/p>\n<p>pero el Se\u00f1or me ayud\u00f3;<\/p>\n<p>el Se\u00f1or es mi fuerza y mi energ\u00eda,<\/p>\n<p>\u00e9l es mi salvaci\u00f3n.<\/p>\n<p>&nbsp;<\/p>\n<p>Escuchad: hay cantos de victoria<\/p>\n<p>en las tiendas de los justos:<\/p>\n<p>\u00abLa diestra del Se\u00f1or es poderosa,<\/p>\n<p>la diestra del Se\u00f1or es excelsa,<\/p>\n<p>la diestra del Se\u00f1or es poderosa.\u00bb<\/p>\n<p>&nbsp;<\/p>\n<p>No he de morir, vivir\u00e9<\/p>\n<p>para contar las haza\u00f1as del Se\u00f1or.<\/p>\n<p>Me castig\u00f3, me castig\u00f3 el Se\u00f1or,<\/p>\n<p>pero no me entreg\u00f3 a la muerte.<\/p>\n<p>&nbsp;<\/p>\n<p>Abridme las puertas del triunfo,<\/p>\n<p>y entrar\u00e9 para dar gracias al Se\u00f1or.<\/p>\n<p>&nbsp;<\/p>\n<p>\u2014\u00c9sta es la puerta del Se\u00f1or:<\/p>\n<p>los vencedores entrar\u00e1n por ella.<\/p>\n<p>&nbsp;<\/p>\n<p>\u2014Te doy gracias porque me escuchaste<\/p>\n<p>y fuiste mi salvaci\u00f3n.<\/p>\n<p>&nbsp;<\/p>\n<p>La piedra que desecharon los arquitectos<\/p>\n<p>es ahora la piedra angular.<\/p>\n<p>Es el Se\u00f1or quien lo ha hecho,<\/p>\n<p>ha sido un milagro patente.<\/p>\n<p>&nbsp;<\/p>\n<p>\u00c9ste es el d\u00eda en que actu\u00f3 el Se\u00f1or:<\/p>\n<p>sea nuestra alegr\u00eda y nuestro gozo.<\/p>\n<p>Se\u00f1or, danos la salvaci\u00f3n;<\/p>\n<p>Se\u00f1or, danos prosperidad.<\/p>\n<p>&nbsp;<\/p>\n<p>\u2014Bendito el que viene en nombre del Se\u00f1or,<\/p>\n<p>os bendecimos desde la casa del Se\u00f1or;<\/p>\n<p>el Se\u00f1or es Dios, \u00e9l nos ilumina.<\/p>\n<p>&nbsp;<\/p>\n<p>\u2014Ordenad una procesi\u00f3n con ramos<\/p>\n<p>hasta los \u00e1ngulos del altar.<\/p>\n<p>&nbsp;<\/p>\n<p>T\u00fa eres mi Dios, te doy gracias;<\/p>\n<p>Dios m\u00edo, yo te ensalzo.<\/p>\n<p>&nbsp;<\/p>\n<p>Dad gracias al Se\u00f1or porque es bueno,<\/p>\n<p>porque es eterna su misericordia.<\/p>\n<p>&nbsp;<\/p>\n<p><strong>Ant\u00edfona 2: Con los \u00e1ngeles y los ni\u00f1os cantemos al triunfador de la muerte: \u00abHosanna en el cielo.\u00bb<\/strong><\/p>\n<p>&nbsp;<\/p>\n<p>Dn 3,52-57<\/p>\n<p>&nbsp;<\/p>\n<p><strong>Que la creaci\u00f3n entera alabe al Se\u00f1or<\/strong><\/p>\n<p>&nbsp;<\/p>\n<p>\u00a1Bendito el Creador por siempre! (Rm 1,25)<\/p>\n<p>&nbsp;<\/p>\n<p>Bendito eres, Se\u00f1or, Dios de nuestros padres:<\/p>\n<p>a ti gloria y alabanza por los siglos.<\/p>\n<p>&nbsp;<\/p>\n<p>Bendito tu nombre, santo y glorioso:<\/p>\n<p>a \u00e9l gloria y alabanza por los siglos.<\/p>\n<p>&nbsp;<\/p>\n<p>Bendito eres en el templo de tu santa gloria:<\/p>\n<p>a ti gloria y alabanza por los siglos.<\/p>\n<p>&nbsp;<\/p>\n<p>Bendito eres sobre el trono de tu reino:<\/p>\n<p>a ti gloria y alabanza por los siglos.<\/p>\n<p>&nbsp;<\/p>\n<p>Bendito eres t\u00fa, que sentado sobre querubines<\/p>\n<p>sondeas los abismos:<\/p>\n<p>a ti gloria y alabanza por los siglos.<\/p>\n<p>&nbsp;<\/p>\n<p>Bendito eres en la b\u00f3veda del cielo;<\/p>\n<p>a ti honor y alabanza por los siglos.<\/p>\n<p>&nbsp;<\/p>\n<p>Criaturas todas del Se\u00f1or, bendecid al Se\u00f1or,<\/p>\n<p>ensalzadlo con himnos por los siglos.<\/p>\n<p>&nbsp;<\/p>\n<p><strong>Ant\u00edfona 3: \u00a1Bendito el que viene en nombre del Se\u00f1or! Paz en el cielo y gloria en lo alto.<\/strong><\/p>\n<p><strong>\u00a0<\/strong><\/p>\n<p><strong>Salmo 150<\/strong><\/p>\n<p><strong>\u00a0<\/strong><\/p>\n<p><strong>Alabad al Se\u00f1or<\/strong><\/p>\n<p><strong>\u00a0<\/strong><\/p>\n<p>Salmodiad con el esp\u00edritu, salmodiad con toda vuestra mente, es decir, glorificad a Dios con el cuerpo y con el alma. (Hesiquio)<\/p>\n<p>&nbsp;<\/p>\n<p>Alabad al Se\u00f1or en su templo,<\/p>\n<p>alabadlo en su fuerte firmamento.<\/p>\n<p>&nbsp;<\/p>\n<p>Alabadlo por sus obras magn\u00edficas,<\/p>\n<p>alabadlo por su inmensa grandeza.<\/p>\n<p>&nbsp;<\/p>\n<p>Alabadlo tocando trompetas,<\/p>\n<p>alabadlo con arpas y c\u00edtaras,<\/p>\n<p>&nbsp;<\/p>\n<p>alabadlo con tambores y danzas,<\/p>\n<p>alabadlo con trompas y flautas,<\/p>\n<p>&nbsp;<\/p>\n<p>alabadlo con platillos sonoros,<\/p>\n<p>alabadlo con platillos vibrantes.<\/p>\n<p>&nbsp;<\/p>\n<p><strong>Todo ser que alienta alabe al Se\u00f1or.<\/strong><\/p>\n<p><strong>\u00a0<\/strong><\/p>\n<p><strong>Lectura Breve<\/strong><\/p>\n<p><strong>Za 9, 9<\/strong><\/p>\n<p>&nbsp;<\/p>\n<p>Al\u00e9grate, hija de Si\u00f3n; canta, hija de Jerusal\u00e9n. Mira a tu Rey que viene a ti, justo y<\/p>\n<p>victorioso; modesto y cabalgando en un asno, en un pollino de borrica.<\/p>\n<p><strong>\u00a0<\/strong><\/p>\n<p><strong>Responsorio Breve<\/strong><\/p>\n<ol>\n<li>Nos has comprado, Se\u00f1or, por tu sangre.<\/li>\n<li>Nos has comprado, Se\u00f1or, por tu sangre.<\/li>\n<li>De entre toda raza, lengua, pueblo y naci\u00f3n.<\/li>\n<li>Nos has comprado, Se\u00f1or, por tu sangre.<\/li>\n<li>Gloria al Padre, y al Hijo, y al Esp\u00edritu Santo.<\/li>\n<li>Nos has comprado, Se\u00f1or, por tu sangre.<\/li>\n<\/ol>\n<p>&nbsp;<\/p>\n<p><strong>\u00a0<\/strong><\/p>\n<p><strong>\u00a0<\/strong><\/p>\n<p><strong>\u00a0<\/strong><\/p>\n<p><strong>Canto Evang\u00e9lico<\/strong><\/p>\n<p><strong>Ant\u00edfona: Aclamemos con palmas de victoria al Se\u00f1or que viene, y salgamos a su encuentro con himnos y cantos, d\u00e1ndole gloria y diciendo: \u00abBendito eres, Se\u00f1or.\u00bb<\/strong><\/p>\n<p>&nbsp;<\/p>\n<p>Ver ant\u00edfona alternativa<\/p>\n<p>Benedictus Lc 1, 68-79<\/p>\n<p>&nbsp;<\/p>\n<p><strong>El Mes\u00edas y su precursor<\/strong><\/p>\n<p>&nbsp;<\/p>\n<p>+ Bendito sea el Se\u00f1or, Dios de Israel,<\/p>\n<p>porque ha visitado y redimido a su pueblo,<\/p>\n<p>suscit\u00e1ndonos una fuerza de salvaci\u00f3n<\/p>\n<p>en la casa de David, su siervo,<\/p>\n<p>seg\u00fan lo hab\u00eda predicho desde antiguo,<\/p>\n<p>por boca de sus santos profetas.<\/p>\n<p>&nbsp;<\/p>\n<p>Es la salvaci\u00f3n que nos libra de nuestros enemigos<\/p>\n<p>y de la mano de todos los que nos odian;<\/p>\n<p>realizando la misericordia<\/p>\n<p>que tuvo con nuestros padres,<\/p>\n<p>recordando su santa alianza<\/p>\n<p>y el juramento que jur\u00f3 a nuestro padre Abrah\u00e1n.<\/p>\n<p>&nbsp;<\/p>\n<p>Para concedernos que, libres de temor,<\/p>\n<p>arrancados de la mano de los enemigos,<\/p>\n<p>le sirvamos con santidad y justicia,<\/p>\n<p>en su presencia, todos nuestros d\u00edas.<\/p>\n<p>&nbsp;<\/p>\n<p>Y a ti, ni\u00f1o, te llamar\u00e1n profeta del Alt\u00edsimo,<\/p>\n<p>porque ir\u00e1s delante del Se\u00f1or<\/p>\n<p>a preparar sus caminos,<\/p>\n<p>anunciando a su pueblo la salvaci\u00f3n,<\/p>\n<p>el perd\u00f3n de sus pecados.<\/p>\n<p>&nbsp;<\/p>\n<p>Por la entra\u00f1able misericordia de nuestro Dios,<\/p>\n<p>nos visitar\u00e1 el sol que nace de lo alto,<\/p>\n<p>para iluminar a los que viven en tinieblas<\/p>\n<p>y en sombra de muerte,<\/p>\n<p>para guiar nuestros pasos<\/p>\n<p>por el camino de la paz.<\/p>\n<p>&nbsp;<\/p>\n<p>Gloria al Padre, y al Hijo, y al Esp\u00edritu Santo.<\/p>\n<p>Como era en el principio, ahora y siempre,<\/p>\n<p>por los siglos de los siglos. Am\u00e9n.<\/p>\n<p>&nbsp;<\/p>\n<p>&nbsp;<\/p>\n<p>Preces<\/p>\n<p>Adoremos a Cristo, que al entrar en Jerusal\u00e9n fue aclamado por las multitudes como rey y Mes\u00edas; acoj\u00e1mosle tambi\u00e9n nosotros con gozo, diciendo:<\/p>\n<p>Bendito el que viene en nombre del Se\u00f1or.<\/p>\n<p>Hosanna a ti, Hijo de David y Rey eterno,<\/p>\n<p>\u2014 hosanna a ti, vencedor de la muerte y del mal.<\/p>\n<p>T\u00fa que subiste a Jerusal\u00e9n para sufrir la pasi\u00f3n y entrar as\u00ed en la gloria,<\/p>\n<p>\u2014 conduce a tu Iglesia a la Pascua eterna.<\/p>\n<p>T\u00fa que convertiste el madero de la cruz en \u00e1rbol de vida,<\/p>\n<p>\u2014 haz que los renacidos en el bautismo gocen de la abundancia de los frutos de este \u00e1rbol.<\/p>\n<p>Salvador nuestro, que viniste a salvar a los pecadores,<\/p>\n<p>\u2014 conduce a tu reino a los que en ti creen, esperan y te aman.<\/p>\n<p>Aqu\u00ed se pueden a\u00f1adir algunas intenciones libres.<\/p>\n<p>Unidos fraternalmente, dirij\u00e1monos al Padre, diciendo con toda confianza:<\/p>\n<p>&nbsp;<\/p>\n<p><strong>Padre Nuestro<\/strong><\/p>\n<p>Padre nuestro, que est\u00e1s en el cielo,<\/p>\n<p>santificado sea tu nombre,<\/p>\n<p>venga tu reino,<\/p>\n<p>h\u00e1gase tu voluntad en la tierra como en el cielo.<\/p>\n<p>Danos hoy nuestro pan de cada d\u00eda,<\/p>\n<p>perdona nuestras ofensas,<\/p>\n<p>como tambi\u00e9n nosotros perdonamos a los que nos ofenden;<\/p>\n<p>no nos dejes caer en tentaci\u00f3n,<\/p>\n<p>y l\u00edbranos del mal.<\/p>\n<p>&nbsp;<\/p>\n<p><strong>Oraci\u00f3n<\/strong><\/p>\n<p>Oremos:<\/p>\n<p>Dios todopoderoso y eterno, que quisiste que nuestro Salvador se anonadase,<\/p>\n<p>haci\u00e9ndose hombre y muriendo en la cruz, para que todos nosotros imit\u00e1ramos su ejemplo de humildad, conc\u00e9denos seguir las ense\u00f1anzas de su pasi\u00f3n, para que un d\u00eda participemos en su resurrecci\u00f3n gloriosa. Por nuestro Se\u00f1or Jesucristo, tu Hijo, que vive y reina contigo en la unidad del Esp\u00edritu Santo y es Dios, por los siglos de los siglos.<\/p>\n<p>&nbsp;<\/p>\n<p>Am\u00e9n.<\/p>\n<p>&nbsp;<\/p>\n<p><strong>Conclusi\u00f3n<\/strong><\/p>\n<p>&nbsp;<\/p>\n<ol>\n<li>El Se\u00f1or nos bendiga, nos guarde de todo mal y nos lleve a la vida eterna.<\/li>\n<li>Am\u00e9n.<\/li>\n<\/ol>\n<p><a href=\"https:\/\/iglesiatijuana.org\/web\/wp-content\/uploads\/2020\/03\/2f9ff682-cf9d-4684-bc3f-4ee13386ed4d-2.jpg\" data-rel=\"lightbox-image-0\" data-rl_title=\"\" data-rl_caption=\"\" title=\"\"><img loading=\"lazy\" decoding=\"async\" class=\"alignnone size-full wp-image-11514\" src=\"https:\/\/iglesiatijuana.org\/web\/wp-content\/uploads\/2020\/03\/2f9ff682-cf9d-4684-bc3f-4ee13386ed4d-2.jpg\" alt=\"\" width=\"1280\" height=\"604\" srcset=\"https:\/\/iglesiatijuana.org\/web\/wp-content\/uploads\/2020\/03\/2f9ff682-cf9d-4684-bc3f-4ee13386ed4d-2.jpg 1280w, https:\/\/iglesiatijuana.org\/web\/wp-content\/uploads\/2020\/03\/2f9ff682-cf9d-4684-bc3f-4ee13386ed4d-2-300x142.jpg 300w, https:\/\/iglesiatijuana.org\/web\/wp-content\/uploads\/2020\/03\/2f9ff682-cf9d-4684-bc3f-4ee13386ed4d-2-768x362.jpg 768w, https:\/\/iglesiatijuana.org\/web\/wp-content\/uploads\/2020\/03\/2f9ff682-cf9d-4684-bc3f-4ee13386ed4d-2-1024x483.jpg 1024w, https:\/\/iglesiatijuana.org\/web\/wp-content\/uploads\/2020\/03\/2f9ff682-cf9d-4684-bc3f-4ee13386ed4d-2-520x245.jpg 520w, https:\/\/iglesiatijuana.org\/web\/wp-content\/uploads\/2020\/03\/2f9ff682-cf9d-4684-bc3f-4ee13386ed4d-2-720x340.jpg 720w\" sizes=\"auto, (max-width: 1280px) 100vw, 1280px\" \/><\/a><\/p>\n","protected":false},"excerpt":{"rendered":"<p>Domingo, 5 de abril de 2020. &nbsp; Se\u00f1or, abre mis labios. Y mi boca proclamar\u00e1 tu alabanza. Dios m\u00edo, ven en mi auxilio. Se\u00f1or, date prisa en socorrerme. Gloria al Padre, y al Hijo,&#46;&#46;&#46;<\/p>\n","protected":false},"author":101012,"featured_media":11514,"comment_status":"closed","ping_status":"closed","sticky":false,"template":"","format":"standard","meta":{"_exactmetrics_skip_tracking":false,"_exactmetrics_sitenote_active":false,"_exactmetrics_sitenote_note":"","_exactmetrics_sitenote_category":0,"footnotes":""},"categories":[68],"tags":[],"class_list":["post-11633","post","type-post","status-publish","format-standard","has-post-thumbnail","hentry","category-liturgia-de-las-horas"],"_links":{"self":[{"href":"https:\/\/iglesiatijuana.org\/web\/wp-json\/wp\/v2\/posts\/11633","targetHints":{"allow":["GET"]}}],"collection":[{"href":"https:\/\/iglesiatijuana.org\/web\/wp-json\/wp\/v2\/posts"}],"about":[{"href":"https:\/\/iglesiatijuana.org\/web\/wp-json\/wp\/v2\/types\/post"}],"author":[{"embeddable":true,"href":"https:\/\/iglesiatijuana.org\/web\/wp-json\/wp\/v2\/users\/101012"}],"replies":[{"embeddable":true,"href":"https:\/\/iglesiatijuana.org\/web\/wp-json\/wp\/v2\/comments?post=11633"}],"version-history":[{"count":1,"href":"https:\/\/iglesiatijuana.org\/web\/wp-json\/wp\/v2\/posts\/11633\/revisions"}],"predecessor-version":[{"id":11634,"href":"https:\/\/iglesiatijuana.org\/web\/wp-json\/wp\/v2\/posts\/11633\/revisions\/11634"}],"wp:featuredmedia":[{"embeddable":true,"href":"https:\/\/iglesiatijuana.org\/web\/wp-json\/wp\/v2\/media\/11514"}],"wp:attachment":[{"href":"https:\/\/iglesiatijuana.org\/web\/wp-json\/wp\/v2\/media?parent=11633"}],"wp:term":[{"taxonomy":"category","embeddable":true,"href":"https:\/\/iglesiatijuana.org\/web\/wp-json\/wp\/v2\/categories?post=11633"},{"taxonomy":"post_tag","embeddable":true,"href":"https:\/\/iglesiatijuana.org\/web\/wp-json\/wp\/v2\/tags?post=11633"}],"curies":[{"name":"wp","href":"https:\/\/api.w.org\/{rel}","templated":true}]}}