{"id":11657,"date":"2020-04-07T06:00:16","date_gmt":"2020-04-07T13:00:16","guid":{"rendered":"https:\/\/iglesiatijuana.org\/web\/?p=11657"},"modified":"2020-04-06T17:59:44","modified_gmt":"2020-04-07T00:59:44","slug":"laudes-martes-santo-2020","status":"publish","type":"post","link":"https:\/\/iglesiatijuana.org\/web\/laudes-martes-santo-2020\/","title":{"rendered":"Laudes &#8211; MARTES SANTO 2020"},"content":{"rendered":"<p>Martes, 7 de abril de 2020.<\/p>\n<p>&nbsp;<\/p>\n<ol>\n<li>Se\u00f1or, abre mis labios.<\/li>\n<li>Y mi boca proclamar\u00e1 tu alabanza.<\/li>\n<li>Dios m\u00edo, ven en mi auxilio.<\/li>\n<li>Se\u00f1or, date prisa en socorrerme.<\/li>\n<\/ol>\n<p>Gloria al Padre, y al Hijo, y al Esp\u00edritu Santo. Como era en el principio, ahora y siempre, por los siglos de los siglos. Am\u00e9n. Aleluya.<\/p>\n<p>&nbsp;<\/p>\n<p><strong>Himno 1<\/strong><\/p>\n<p>\u00a1Oh Cruz fiel, \u00e1rbol \u00fanico en nobleza!<\/p>\n<p>Jam\u00e1s el bosque dio mejor tributo<\/p>\n<p>en hoja, en flor y en fruto.<\/p>\n<p>\u00a1Dulces clavos! \u00a1Dulce \u00e1rbol donde la Vida empieza<\/p>\n<p>con un peso tan dulce en su corteza!<\/p>\n<p>&nbsp;<\/p>\n<p>Cantemos la nobleza de esta guerra,<\/p>\n<p>el triunfo de la sangre y del madero;<\/p>\n<p>y un Redentor, que, en trance de Cordero,<\/p>\n<p>sacrificado en cruz, salv\u00f3 la tierra.<\/p>\n<p>&nbsp;<\/p>\n<p>Dolido mi Se\u00f1or por el fracaso<\/p>\n<p>de Ad\u00e1n, que mordi\u00f3 muerte en la manzana,<\/p>\n<p>otro \u00e1rbol se\u00f1al\u00f3, de flor humana,<\/p>\n<p>que reparase el da\u00f1o paso a paso.<\/p>\n<p>&nbsp;<\/p>\n<p>Y as\u00ed dijo el Se\u00f1or: &#8220;\u00a1Vuelva la Vida,<\/p>\n<p>y que el Amor redima la condena!&#8221;<\/p>\n<p>La gracia est\u00e1 en el fondo de la pena,<\/p>\n<p>y la salud naciendo de la herida.<\/p>\n<p>&nbsp;<\/p>\n<p>\u00a1Oh plenitud del tiempo consumado!<\/p>\n<p>Del seno de Dios Padre en que viv\u00eda,<\/p>\n<p>&nbsp;<\/p>\n<p>ved la Palabra entrando por Mar\u00eda<\/p>\n<p>en el misterio mismo del pecado.<\/p>\n<p>&nbsp;<\/p>\n<p>\u00bfQui\u00e9n vio en m\u00e1s estrechez gloria m\u00e1s plena,<\/p>\n<p>y a Dios como el menor de los humanos?<\/p>\n<p>Llorando en el pesebre, pies y manos<\/p>\n<p>le faja una doncella nazarena.<\/p>\n<p>&nbsp;<\/p>\n<p>En plenitud de vida y de sendero,<\/p>\n<p>dio el paso hacia la muerte porque \u00e9l quiso.<\/p>\n<p>Mirad de par en par el para\u00edso<\/p>\n<p>abierto por la fuerza de un Cordero.<\/p>\n<p>&nbsp;<\/p>\n<p>Vinagre y sed la boca, apenas gime;<\/p>\n<p>y, al golpe de los clavos y la lanza,<\/p>\n<p>un mar de sangre fluye, inunda, avanza<\/p>\n<p>por tierra, mar y cielo, y los redime.<\/p>\n<p>&nbsp;<\/p>\n<p>Abl\u00e1ndate, madero, tronco abrupto<\/p>\n<p>de duro coraz\u00f3n y fibra inerte;<\/p>\n<p>dobl\u00e9gate a este peso y esta muerte<\/p>\n<p>que cuelga de tus ramas como un fruto.<\/p>\n<p>&nbsp;<\/p>\n<p>T\u00fa, solo entre los \u00e1rboles, crecido<\/p>\n<p>para tender a Cristo en tu regazo;<\/p>\n<p>t\u00fa, el arca que nos salva; t\u00fa, el abrazo<\/p>\n<p>de Dios con los verdugos del Ungido.<\/p>\n<p>&nbsp;<\/p>\n<p>Al Dios de los designios de la historia,<\/p>\n<p>que es Padre, Hijo y Esp\u00edritu, alabanza;<\/p>\n<p>al que en la cruz devuelve la esperanza<\/p>\n<p>de toda salvaci\u00f3n, honor y gloria. Am\u00e9n.<\/p>\n<p>&nbsp;<\/p>\n<p><strong>Salmodia<\/strong><\/p>\n<p><strong>Ant\u00edfona 1: Defiende mi causa, Se\u00f1or, s\u00e1lvame del hombre traidor y malvado.<\/strong><\/p>\n<p>&nbsp;<\/p>\n<p><strong>Salmo 42<\/strong><\/p>\n<p><strong>\u00a0<\/strong><\/p>\n<p><strong>Deseo del templo<\/strong><\/p>\n<p>&nbsp;<\/p>\n<p>Yo he venido al mundo como luz. (Jn 12,46)<\/p>\n<p>&nbsp;<\/p>\n<p>Hazme justicia, oh Dios, defiende mi causa<\/p>\n<p>contra gente sin piedad,<\/p>\n<p>s\u00e1lvame del hombre traidor y malvado.<\/p>\n<p>&nbsp;<\/p>\n<p>T\u00fa eres mi Dios y protector,<\/p>\n<p>\u00bfpor qu\u00e9 me rechazas?,<\/p>\n<p>\u00bfpor qu\u00e9 voy andando sombr\u00edo,<\/p>\n<p>hostigado por mi enemigo?<\/p>\n<p>&nbsp;<\/p>\n<p>Env\u00eda tu luz y tu verdad:<\/p>\n<p>que ellas me gu\u00eden<\/p>\n<p>y me conduzcan hasta tu monte santo,<\/p>\n<p>hasta tu morada.<\/p>\n<p>&nbsp;<\/p>\n<p>Que yo me acerque al altar de Dios,<\/p>\n<p>al Dios de mi alegr\u00eda;<\/p>\n<p>que te d\u00e9 gracias al son de la c\u00edtara,<\/p>\n<p>Dios, Dios m\u00edo.<\/p>\n<p>&nbsp;<\/p>\n<p>\u00bfPor qu\u00e9 te acongojas, alma m\u00eda,<\/p>\n<p>por qu\u00e9 te me turbas?<\/p>\n<p>Espera en Dios, que volver\u00e1s a alabarlo:<\/p>\n<p>\u00abSalud de mi rostro, Dios m\u00edo.\u00bb<\/p>\n<p>&nbsp;<\/p>\n<p><strong>Ant\u00edfona 2: Te encargaste de defender mi causa y de salvar mi vida, Se\u00f1or, Dios m\u00edo.<\/strong><\/p>\n<p><strong>\u00a0<\/strong><\/p>\n<p>Is 38,10-14.16b-20<\/p>\n<p>&nbsp;<\/p>\n<p><strong>Angustias de un moribundo y alegr\u00eda de la curaci\u00f3n<\/strong><\/p>\n<p>&nbsp;<\/p>\n<p>Yo soy el que vive; estaba muerto, y tengo las llaves de la muerte. (Ap 1,18)<\/p>\n<p>&nbsp;<\/p>\n<p>Yo pens\u00e9: \u00abEn medio de mis d\u00edas<\/p>\n<p>tengo que marchar hacia las puertas del abismo;<\/p>\n<p>me privan del resto de mis a\u00f1os.\u00bb<\/p>\n<p>&nbsp;<\/p>\n<p>Yo pens\u00e9: \u00abYa no ver\u00e9 m\u00e1s al Se\u00f1or<\/p>\n<p>en la tierra de los vivos,<\/p>\n<p>ya no mirar\u00e9 a los hombres<\/p>\n<p>entre los habitantes del mundo.<\/p>\n<p>&nbsp;<\/p>\n<p>Levantan y enrollan mi vida<\/p>\n<p>como una tienda de pastores.<\/p>\n<p>Como un tejedor, devanaba yo mi vida,<\/p>\n<p>y me cortan la trama.\u00bb<\/p>\n<p>&nbsp;<\/p>\n<p>D\u00eda y noche me est\u00e1s acabando,<\/p>\n<p>sollozo hasta el amanecer.<\/p>\n<p>Me quiebras los huesos como un le\u00f3n,<\/p>\n<p>d\u00eda y noche me est\u00e1s acabando.<\/p>\n<p>&nbsp;<\/p>\n<p>Estoy piando como una golondrina,<\/p>\n<p>gimo como una paloma.<\/p>\n<p>Mis ojos mirando al cielo se consumen:<\/p>\n<p>\u00a1Se\u00f1or, que me oprimen, sal fiador por m\u00ed!<\/p>\n<p>&nbsp;<\/p>\n<p>Me has curado, me has hecho revivir,<\/p>\n<p>la amargura se me volvi\u00f3 paz<\/p>\n<p>cuando detuviste mi alma ante la tumba vac\u00eda<\/p>\n<p>y volviste la espalda a todos mis pecados.<\/p>\n<p>&nbsp;<\/p>\n<p>El abismo no te da gracias,<\/p>\n<p>ni la muerte te alaba,<\/p>\n<p>ni esperan en tu fidelidad<\/p>\n<p>los que bajan a la fosa.<\/p>\n<p>&nbsp;<\/p>\n<p>Los vivos, los vivos son quienes te alaban:<\/p>\n<p>como yo ahora.<\/p>\n<p>El padre ense\u00f1a a sus hijos tu fidelidad.<\/p>\n<p>&nbsp;<\/p>\n<p>S\u00e1lvame, Se\u00f1or, y tocaremos nuestras arpas<\/p>\n<p>todos nuestros d\u00edas en la casa del Se\u00f1or.<\/p>\n<p>&nbsp;<\/p>\n<p><strong>Ant\u00edfona 3: Mi siervo justificar\u00e1 a muchos, porque carg\u00f3 con los cr\u00edmenes de ellos.<\/strong><\/p>\n<p><strong>\u00a0<\/strong><\/p>\n<p><strong>Salmo 64<\/strong><\/p>\n<p>&nbsp;<\/p>\n<p>Solemne acci\u00f3n de gracias<\/p>\n<p>&nbsp;<\/p>\n<p>Cuando se habla de Si\u00f3n debe entenderse de la ciudad eterna. (Or\u00edgenes)<\/p>\n<p>&nbsp;<\/p>\n<p>Oh Dios, t\u00fa mereces un himno en Si\u00f3n,<\/p>\n<p>+ y a ti se te cumplen los votos,<\/p>\n<p>porque t\u00fa escuchas las s\u00faplicas.<\/p>\n<p>&nbsp;<\/p>\n<p>A ti acude todo mortal<\/p>\n<p>a causa de sus culpas;<\/p>\n<p>nuestros delitos nos abruman,<\/p>\n<p>pero t\u00fa los perdonas.<\/p>\n<p>&nbsp;<\/p>\n<p>Dichoso el que t\u00fa eliges y acercas<\/p>\n<p>para que viva en tus atrios:<\/p>\n<p>que nos saciemos de los bienes de tu casa,<\/p>\n<p>de los dones sagrados de tu templo.<\/p>\n<p>&nbsp;<\/p>\n<p>Con portentos de justicia nos respondes,<\/p>\n<p>Dios, salvador nuestro;<\/p>\n<p>t\u00fa, esperanza del conf\u00edn de la tierra<\/p>\n<p>y del oc\u00e9ano remoto;<\/p>\n<p>&nbsp;<\/p>\n<p>t\u00fa que afianzas los montes con tu fuerza,<\/p>\n<p>ce\u00f1ido de poder;<\/p>\n<p>t\u00fa que reprimes el estruendo del mar,<\/p>\n<p>el estruendo de las olas<\/p>\n<p>y el tumulto de los pueblos.<\/p>\n<p>&nbsp;<\/p>\n<p>Los habitantes del extremo del orbe<\/p>\n<p>se sobrecogen ante tus signos,<\/p>\n<p>y a las puertas de la aurora y del ocaso<\/p>\n<p>las llenas de j\u00fabilo.<\/p>\n<p>&nbsp;<\/p>\n<p>T\u00fa cuidas de la tierra, la riegas<\/p>\n<p>y la enriqueces sin medida;<\/p>\n<p>la acequia de Dios va llena de agua,<\/p>\n<p>preparas los trigales;<\/p>\n<p>&nbsp;<\/p>\n<p>riegas los surcos, igualas los terrones,<\/p>\n<p>tu llovizna los deja mullidos,<\/p>\n<p>bendices sus brotes;<\/p>\n<p>coronas el a\u00f1o con tus bienes,<\/p>\n<p>tus carriles rezuman abundancia;<\/p>\n<p>&nbsp;<\/p>\n<p>rezuman los pastos del p\u00e1ramo,<\/p>\n<p>y las colinas se orlan de alegr\u00eda;<\/p>\n<p>las praderas se cubren de reba\u00f1os,<\/p>\n<p>y los valles se visten de mieses,<\/p>\n<p>que aclaman y cantan.<\/p>\n<p>&nbsp;<\/p>\n<p><strong>Lectura Breve<\/strong><\/p>\n<p><strong>Za 12, 10-11a<\/strong><\/p>\n<p>&nbsp;<\/p>\n<p>Derramar\u00e9 sobre la casa de David y sobre los habitantes de Jerusal\u00e9n un esp\u00edritu de gracia y de oraci\u00f3n. Me mirar\u00e1n a m\u00ed, a quien traspasaron, har\u00e1n llanto como llanto por el hijo \u00fanico y llorar\u00e1n como se llora al primog\u00e9nito. Aquel d\u00eda ser\u00e1 grande el luto de Jerusal\u00e9n.<\/p>\n<p>&nbsp;<\/p>\n<p><strong>Responsorio Breve<\/strong><\/p>\n<ol>\n<li><strong> Nos has comprado, Se\u00f1or, por tu sangre.<\/strong><\/li>\n<li>Nos has comprado, Se\u00f1or, por tu sangre.<\/li>\n<li>De entre toda raza, lengua, pueblo y naci\u00f3n.<\/li>\n<li>Nos has comprado, Se\u00f1or, por tu sangre.<\/li>\n<li>Gloria al Padre, y al Hijo, y al Esp\u00edritu Santo.<\/li>\n<li>Nos has comprado, Se\u00f1or, por tu sangre.<\/li>\n<\/ol>\n<p>&nbsp;<\/p>\n<p><strong>Canto Evang\u00e9lico<\/strong><\/p>\n<p><strong>Ant\u00edfona: Glorif\u00edcame t\u00fa, Padre, con la gloria que ten\u00eda junto a ti, antes que el mundo existiese.<\/strong><\/p>\n<p>&nbsp;<\/p>\n<p>Benedictus Lc 1, 68-79<\/p>\n<p>&nbsp;<\/p>\n<p><strong>El Mes\u00edas y su precursor<\/strong><\/p>\n<p><strong>\u00a0<\/strong><\/p>\n<p>+ Bendito sea el Se\u00f1or, Dios de Israel,<\/p>\n<p>porque ha visitado y redimido a su pueblo,<\/p>\n<p>suscit\u00e1ndonos una fuerza de salvaci\u00f3n<\/p>\n<p>en la casa de David, su siervo,<\/p>\n<p>seg\u00fan lo hab\u00eda predicho desde antiguo,<\/p>\n<p>por boca de sus santos profetas.<\/p>\n<p>&nbsp;<\/p>\n<p>Es la salvaci\u00f3n que nos libra de nuestros enemigos<\/p>\n<p>y de la mano de todos los que nos odian;<\/p>\n<p>realizando la misericordia<\/p>\n<p>que tuvo con nuestros padres,<\/p>\n<p>recordando su santa alianza<\/p>\n<p>y el juramento que jur\u00f3 a nuestro padre Abrah\u00e1n.<\/p>\n<p>&nbsp;<\/p>\n<p>Para concedernos que, libres de temor,<\/p>\n<p>arrancados de la mano de los enemigos,<\/p>\n<p>le sirvamos con santidad y justicia,<\/p>\n<p>en su presencia, todos nuestros d\u00edas.<\/p>\n<p>&nbsp;<\/p>\n<p>Y a ti, ni\u00f1o, te llamar\u00e1n profeta del Alt\u00edsimo,<\/p>\n<p>porque ir\u00e1s delante del Se\u00f1or<\/p>\n<p>a preparar sus caminos,<\/p>\n<p>anunciando a su pueblo la salvaci\u00f3n,<\/p>\n<p>el perd\u00f3n de sus pecados.<\/p>\n<p>&nbsp;<\/p>\n<p>Por la entra\u00f1able misericordia de nuestro Dios,<\/p>\n<p>nos visitar\u00e1 el sol que nace de lo alto,<\/p>\n<p>para iluminar a los que viven en tinieblas<\/p>\n<p>y en sombra de muerte,<\/p>\n<p>para guiar nuestros pasos<\/p>\n<p>por el camino de la paz.<\/p>\n<p>&nbsp;<\/p>\n<p>Gloria al Padre, y al Hijo, y al Esp\u00edritu Santo.<\/p>\n<p>Como era en el principio, ahora y siempre,<\/p>\n<p>por los siglos de los siglos. Am\u00e9n.<\/p>\n<p>&nbsp;<\/p>\n<p><strong>Preces<\/strong><\/p>\n<p>Acudamos a Cristo, nuestro Salvador, que nos redimi\u00f3 con su muerte y resurrecci\u00f3n, y dig\u00e1mosle: Se\u00f1or, ten piedad de nosotros.<\/p>\n<p>T\u00fa que subiste a Jerusal\u00e9n para sufrir la pasi\u00f3n y entrar as\u00ed en la gloria,<\/p>\n<p>\u2014 conduce a tu Iglesia a la Pascua eterna.<\/p>\n<p>T\u00fa que, elevado en la cruz, quisiste ser atravesado por la lanza del soldado,<\/p>\n<p>\u2014 sana nuestras heridas.<\/p>\n<p>T\u00fa que convertiste el madero de la cruz en \u00e1rbol de vida,<\/p>\n<p>\u2014 haz que los renacidos en el bautismo gocen de la abundancia de los frutos de este \u00e1rbol.<\/p>\n<p>T\u00fa que, clavado en la cruz, perdonaste al ladr\u00f3n arrepentido,<\/p>\n<p>\u2014 perd\u00f3nanos tambi\u00e9n a nosotros, pecadores.<\/p>\n<p>Aqu\u00ed se pueden a\u00f1adir algunas intenciones libres.<\/p>\n<p>Siguiendo la ense\u00f1anza de Jesucristo, que nos ha hecho hijos de Dios, digamos juntos a nuestro Padre:<\/p>\n<p>&nbsp;<\/p>\n<p><strong>Padre Nuestro<\/strong><\/p>\n<p>Padre nuestro, que est\u00e1s en el cielo,<\/p>\n<p>santificado sea tu nombre,<\/p>\n<p>venga tu reino,<\/p>\n<p>h\u00e1gase tu voluntad en la tierra como en el cielo.<\/p>\n<p>Danos hoy nuestro pan de cada d\u00eda,<\/p>\n<p>perdona nuestras ofensas,<\/p>\n<p>como tambi\u00e9n nosotros perdonamos a los que nos ofenden;<\/p>\n<p>no nos dejes caer en tentaci\u00f3n,<\/p>\n<p>y l\u00edbranos del mal.<\/p>\n<p>&nbsp;<\/p>\n<p><strong>Oraci\u00f3n<\/strong><\/p>\n<p>Oremos:<\/p>\n<p>&nbsp;<\/p>\n<p>Dios todopoderoso y eterno, conc\u00e9denos participar tan vivamente en las celebraciones de la pasi\u00f3n del Se\u00f1or, que alcancemos tu perd\u00f3n. Por nuestro Se\u00f1or Jesucristo, tu Hijo, que vive y reina contigo en la unidad del Esp\u00edritu Santo y es Dios, por los siglos de los siglos.<\/p>\n<p>&nbsp;<\/p>\n<p>Am\u00e9n.<\/p>\n<p>&nbsp;<\/p>\n<p><strong>Conclusi\u00f3n<\/strong><\/p>\n<ol>\n<li>El Se\u00f1or nos bendiga, nos guarde de todo mal y nos lleve a la vida eterna.<\/li>\n<li>Am\u00e9n.<\/li>\n<\/ol>\n<p><a href=\"https:\/\/iglesiatijuana.org\/web\/wp-content\/uploads\/2020\/03\/2f9ff682-cf9d-4684-bc3f-4ee13386ed4d-2.jpg\" data-rel=\"lightbox-image-0\" data-rl_title=\"\" data-rl_caption=\"\" title=\"\"><img loading=\"lazy\" decoding=\"async\" class=\"alignnone size-full wp-image-11514\" src=\"https:\/\/iglesiatijuana.org\/web\/wp-content\/uploads\/2020\/03\/2f9ff682-cf9d-4684-bc3f-4ee13386ed4d-2.jpg\" alt=\"\" width=\"1280\" height=\"604\" srcset=\"https:\/\/iglesiatijuana.org\/web\/wp-content\/uploads\/2020\/03\/2f9ff682-cf9d-4684-bc3f-4ee13386ed4d-2.jpg 1280w, https:\/\/iglesiatijuana.org\/web\/wp-content\/uploads\/2020\/03\/2f9ff682-cf9d-4684-bc3f-4ee13386ed4d-2-300x142.jpg 300w, https:\/\/iglesiatijuana.org\/web\/wp-content\/uploads\/2020\/03\/2f9ff682-cf9d-4684-bc3f-4ee13386ed4d-2-768x362.jpg 768w, https:\/\/iglesiatijuana.org\/web\/wp-content\/uploads\/2020\/03\/2f9ff682-cf9d-4684-bc3f-4ee13386ed4d-2-1024x483.jpg 1024w, https:\/\/iglesiatijuana.org\/web\/wp-content\/uploads\/2020\/03\/2f9ff682-cf9d-4684-bc3f-4ee13386ed4d-2-520x245.jpg 520w, https:\/\/iglesiatijuana.org\/web\/wp-content\/uploads\/2020\/03\/2f9ff682-cf9d-4684-bc3f-4ee13386ed4d-2-720x340.jpg 720w\" sizes=\"auto, (max-width: 1280px) 100vw, 1280px\" \/><\/a><\/p>\n","protected":false},"excerpt":{"rendered":"<p>Martes, 7 de abril de 2020. &nbsp; Se\u00f1or, abre mis labios. Y mi boca proclamar\u00e1 tu alabanza. Dios m\u00edo, ven en mi auxilio. Se\u00f1or, date prisa en socorrerme. Gloria al Padre, y al Hijo,&#46;&#46;&#46;<\/p>\n","protected":false},"author":101012,"featured_media":11514,"comment_status":"closed","ping_status":"closed","sticky":false,"template":"","format":"standard","meta":{"_exactmetrics_skip_tracking":false,"_exactmetrics_sitenote_active":false,"_exactmetrics_sitenote_note":"","_exactmetrics_sitenote_category":0,"footnotes":""},"categories":[68],"tags":[],"class_list":["post-11657","post","type-post","status-publish","format-standard","has-post-thumbnail","hentry","category-liturgia-de-las-horas"],"_links":{"self":[{"href":"https:\/\/iglesiatijuana.org\/web\/wp-json\/wp\/v2\/posts\/11657","targetHints":{"allow":["GET"]}}],"collection":[{"href":"https:\/\/iglesiatijuana.org\/web\/wp-json\/wp\/v2\/posts"}],"about":[{"href":"https:\/\/iglesiatijuana.org\/web\/wp-json\/wp\/v2\/types\/post"}],"author":[{"embeddable":true,"href":"https:\/\/iglesiatijuana.org\/web\/wp-json\/wp\/v2\/users\/101012"}],"replies":[{"embeddable":true,"href":"https:\/\/iglesiatijuana.org\/web\/wp-json\/wp\/v2\/comments?post=11657"}],"version-history":[{"count":1,"href":"https:\/\/iglesiatijuana.org\/web\/wp-json\/wp\/v2\/posts\/11657\/revisions"}],"predecessor-version":[{"id":11658,"href":"https:\/\/iglesiatijuana.org\/web\/wp-json\/wp\/v2\/posts\/11657\/revisions\/11658"}],"wp:featuredmedia":[{"embeddable":true,"href":"https:\/\/iglesiatijuana.org\/web\/wp-json\/wp\/v2\/media\/11514"}],"wp:attachment":[{"href":"https:\/\/iglesiatijuana.org\/web\/wp-json\/wp\/v2\/media?parent=11657"}],"wp:term":[{"taxonomy":"category","embeddable":true,"href":"https:\/\/iglesiatijuana.org\/web\/wp-json\/wp\/v2\/categories?post=11657"},{"taxonomy":"post_tag","embeddable":true,"href":"https:\/\/iglesiatijuana.org\/web\/wp-json\/wp\/v2\/tags?post=11657"}],"curies":[{"name":"wp","href":"https:\/\/api.w.org\/{rel}","templated":true}]}}