{"id":11691,"date":"2020-04-10T16:00:31","date_gmt":"2020-04-10T23:00:31","guid":{"rendered":"https:\/\/iglesiatijuana.org\/web\/?p=11691"},"modified":"2020-04-09T13:38:53","modified_gmt":"2020-04-09T20:38:53","slug":"visperas-viernes-santo-de-la-muerte-del-senor-2020","status":"publish","type":"post","link":"https:\/\/iglesiatijuana.org\/web\/visperas-viernes-santo-de-la-muerte-del-senor-2020\/","title":{"rendered":"V\u00edsperas &#8211; VIERNES SANTO DE LA MUERTE DEL SE\u00d1OR 2020"},"content":{"rendered":"<p>Viernes, 10 de abril de 2020.<\/p>\n<p>&nbsp;<\/p>\n<ol>\n<li>Dios m\u00edo, ven en mi auxilio.<\/li>\n<li>Se\u00f1or, date prisa en socorrerme.<\/li>\n<\/ol>\n<p>Gloria al Padre, y al Hijo, y al Esp\u00edritu Santo. Como era en el principio, ahora y siempre, por los siglos de los siglos. Am\u00e9n. Aleluya.<\/p>\n<p>&nbsp;<\/p>\n<p><strong>Himno 1<\/strong><\/p>\n<p>Victoria, t\u00fa reinar\u00e1s.<\/p>\n<p>\u00a1Oh Cruz, t\u00fa nos salvar\u00e1s!<\/p>\n<p>El Verbo en ti clavado, muriendo, nos rescat\u00f3;<\/p>\n<p>de ti, madero santo, nos viene la redenci\u00f3n.<\/p>\n<p>Extiende por el mundo tu reino de salvaci\u00f3n.<\/p>\n<p>\u00a1Oh Cruz fecunda, fuente de vida y bendici\u00f3n!<\/p>\n<p>Impere sobre el odio tu reino de caridad;<\/p>\n<p>alcancen las naciones el gozo de la unidad.<\/p>\n<p>Aumenta en nuestras almas tu reino de santidad;<\/p>\n<p>el r\u00edo de la gracia apague la iniquidad.<\/p>\n<p>La gloria por los siglos a Cristo libertador,<\/p>\n<p>su cruz nos lleva al cielo, la tierra de promisi\u00f3n.<\/p>\n<p>&nbsp;<\/p>\n<p><strong>Salmodia<\/strong><\/p>\n<p><strong>Ant\u00edfona 1: Escuchad, pueblos todos, y mirad mi dolor.<\/strong><\/p>\n<p><strong>\u00a0<\/strong><\/p>\n<p><strong>Salmo 115<\/strong><\/p>\n<p>&nbsp;<\/p>\n<p>Ten\u00eda fe, aun cuando dije:<\/p>\n<p>&#8220;\u00a1Qu\u00e9 desgraciado soy!&#8221;<\/p>\n<p>Yo dec\u00eda en mi apuro:<\/p>\n<p>&#8220;Los hombres son unos mentirosos&#8221;.<\/p>\n<p>\u00bfC\u00f3mo pagar\u00e9 al Se\u00f1or<\/p>\n<p>todo el bien que me ha hecho?<\/p>\n<p>Alzar\u00e9 la copa de la salvaci\u00f3n,<\/p>\n<p>invocando su nombre.<\/p>\n<p>&nbsp;<\/p>\n<p>Cumplir\u00e9 al Se\u00f1or mis votos<\/p>\n<p>en presencia de todo el pueblo.<\/p>\n<p>Mucho le cuesta al Se\u00f1or<\/p>\n<p>la muerte de sus fieles.<\/p>\n<p>Se\u00f1or, yo soy tu siervo,<\/p>\n<p>siervo tuyo, hijo de tu esclava:<\/p>\n<p>rompiste mis cadenas.<\/p>\n<p>Te ofrecer\u00e9 un sacrificio de alabanza,<\/p>\n<p>invocando tu nombre, Se\u00f1or.<\/p>\n<p>Cumplir\u00e9 al Se\u00f1or mis votos<\/p>\n<p>en presencia de todo el pueblo,<\/p>\n<p>en el atrio de la casa del Se\u00f1or,<\/p>\n<p>en medio de ti, Jerusal\u00e9n.<\/p>\n<p>&nbsp;<\/p>\n<p><strong>Ant\u00edfona 2: Mi aliento desfallece, mi coraz\u00f3n dentro de m\u00ed est\u00e1 yerto.<\/strong><\/p>\n<p><strong>Salmo 142, 1-11<\/strong><\/p>\n<p>&nbsp;<\/p>\n<p>Se\u00f1or, escucha mi oraci\u00f3n;<\/p>\n<p>t\u00fa, que eres fiel, atiende a mi s\u00faplica;<\/p>\n<p>t\u00fa, que eres justo, esc\u00fachame.<\/p>\n<p>No llames a juicio a tu siervo,<\/p>\n<p>pues ning\u00fan hombre vivo es inocente frente a ti.<\/p>\n<p>El enemigo me persigue a muerte,<\/p>\n<p>empuja mi vida al sepulcro,<\/p>\n<p>me confina a las tinieblas<\/p>\n<p>como a los muertos ya olvidados.<\/p>\n<p>Mi aliento desfallece,<\/p>\n<p>mi coraz\u00f3n dentro de m\u00ed est\u00e1 yerto.<\/p>\n<p>Recuerdo los tiempos antiguos,<\/p>\n<p>medito todas tus acciones,<\/p>\n<p>considero las obras de tus manos<\/p>\n<p>y extiendo mis brazos hacia ti:<\/p>\n<p>tengo sed de ti como tierra reseca.<\/p>\n<p>Esc\u00fachame en seguida, Se\u00f1or,<\/p>\n<p>que me falta el aliento.<\/p>\n<p>No me escondas tu rostro,<\/p>\n<p>igual que a los que bajan a la fosa.<\/p>\n<p>En la ma\u00f1ana hazme escuchar tu gracia,<\/p>\n<p>ya que conf\u00edo en ti.<\/p>\n<p>Ind\u00edcame el camino que he de seguir,<\/p>\n<p>pues levanto mi alma a ti.<\/p>\n<p>L\u00edbrame del enemigo, Se\u00f1or,<\/p>\n<p>que me refugio en ti.<\/p>\n<p>Ens\u00e9\u00f1ame a cumplir tu voluntad,<\/p>\n<p>&nbsp;<\/p>\n<p>ya que t\u00fa eres mi Dios.<\/p>\n<p>Tu esp\u00edritu, que es bueno,<\/p>\n<p>me gu\u00ede por tierra llana.<\/p>\n<p>Por tu nombre, Se\u00f1or, cons\u00e9rvame vivo;<\/p>\n<p>por tu clemencia, s\u00e1came de la angustia.<\/p>\n<p>&nbsp;<\/p>\n<p><strong>Ant\u00edfona 3: Jes\u00fas, despu\u00e9s de haber probado el vinagre, exclam\u00f3: \u00abTodo est\u00e1 cumplido\u00bb; e, inclinando la cabeza, expir\u00f3.<\/strong><\/p>\n<p>&nbsp;<\/p>\n<p>C\u00e1ntico Flp 2, 6-11<\/p>\n<p>&nbsp;<\/p>\n<p>Cristo padeci\u00f3 por nosotros, dej\u00e1ndonos un ejemplo para que sigamos sus huellas. \u00c9l no cometi\u00f3 pecado ni encontraron enga\u00f1o en su boca; cuando le insultaban, no devolv\u00eda el insulto; en su pasi\u00f3n no profer\u00eda amenazas; al contrario, se pon\u00eda en manos del que juzga justamente. Cargado con nuestros pecados subi\u00f3 al le\u00f1o, para que, muertos al pecado, vivamos para la justicia. Sus heridas nos han curado.<\/p>\n<p>&nbsp;<\/p>\n<p><strong>Lectura Breve<\/strong><\/p>\n<p><strong>1 Pe 2, 21b-24<\/strong><\/p>\n<p>&nbsp;<\/p>\n<p>Cristo padeci\u00f3 por nosotros, dej\u00e1ndonos un ejemplo para que sigamos sus huellas. \u00c9l no cometi\u00f3 pecado ni encontraron enga\u00f1o en su boca; cuando le insultaban, no devolv\u00eda el insulto; en su pasi\u00f3n no profer\u00eda amenazas; al contrario, se pon\u00eda en manos del que juzga justamente. Cargado con nuestros pecados subi\u00f3 al le\u00f1o, para que, muertos al pecado, vivamos para la justicia. Sus heridas nos han curado.<\/p>\n<p>&nbsp;<\/p>\n<p><strong>Responsorio Breve<\/strong><\/p>\n<p>En lugar del responsorio breve se dice la siguiente ant\u00edfona: Cristo, por nosotros, se someti\u00f3 incluso a la muerte, y una muerte de cruz.<\/p>\n<p>&nbsp;<\/p>\n<p><strong>Canto Evang\u00e9lico<\/strong><\/p>\n<p><strong>Ant\u00edfona: Siendo enemigos, hemos sido reconciliados con Dios por la muerte de su Hijo.<\/strong><\/p>\n<p>&nbsp;<\/p>\n<p>Magnificat Lc 1, 46-55<\/p>\n<p>&nbsp;<\/p>\n<p><strong>Alegr\u00eda del alma en el Se\u00f1or<\/strong><\/p>\n<p>&nbsp;<\/p>\n<p>Proclama mi alma la grandeza del Se\u00f1or,<\/p>\n<p>se alegra mi esp\u00edritu en Dios, mi salvador;<\/p>\n<p>porque ha mirado la humillaci\u00f3n de su esclava.<\/p>\n<p>&nbsp;<\/p>\n<p>Desde ahora me felicitar\u00e1n todas las generaciones,<\/p>\n<p>porque el Poderoso ha hecho obras grandes por m\u00ed:<\/p>\n<p>su nombre es santo,<\/p>\n<p>y su misericordia llega a sus fieles<\/p>\n<p>de generaci\u00f3n en generaci\u00f3n.<\/p>\n<p>&nbsp;<\/p>\n<p>\u00c9l hace proezas con su brazo:<\/p>\n<p>dispersa a los soberbios de coraz\u00f3n,<\/p>\n<p>derriba del trono a los poderosos<\/p>\n<p>y enaltece a los humildes,<\/p>\n<p>a los hambrientos los colma de bienes<\/p>\n<p>y a los ricos los despide vac\u00edos.<\/p>\n<p>&nbsp;<\/p>\n<p>Auxilia a Israel, su siervo,<\/p>\n<p>acord\u00e1ndose de la misericordia<\/p>\n<p>\u2014como lo hab\u00eda prometido a nuestros padres\u2014<\/p>\n<p>en favor de Abrah\u00e1n y su descendencia por siempre.<\/p>\n<p>&nbsp;<\/p>\n<p>Gloria al Padre, y al Hijo, y al Esp\u00edritu Santo.<\/p>\n<p>Como era en el principio, ahora y siempre,<\/p>\n<p>por los siglos de los siglos. Am\u00e9n.<\/p>\n<p>&nbsp;<\/p>\n<p><strong>Preces<\/strong><\/p>\n<p>Al conmemorar la muerte de nuestro Se\u00f1or Jesucristo, de la que brot\u00f3 la vida del<\/p>\n<p>mundo, oremos a Dios Padre, diciendo:<\/p>\n<p>Por la muerte de tu Hijo, esc\u00fachanos, Se\u00f1or.<\/p>\n<p>Mant\u00e9n, Se\u00f1or, la unidad de la Iglesia.<\/p>\n<p>Protege al papa N. Santifica por tu Esp\u00edritu a los obispos, presb\u00edteros, di\u00e1conos y a todo tu pueblo santo.<\/p>\n<p>Acrecienta la fe y la sabidur\u00eda de los catec\u00famenos.<\/p>\n<p>Congrega a los cristianos en la unidad.<\/p>\n<p>Haz que Israel llegue a conseguir en plenitud la redenci\u00f3n.<\/p>\n<p>Ilumina con tu gracia a los que no creen en Cristo.<\/p>\n<p>Haz que los ateos lleguen a descubrir tu amor a trav\u00e9s de las obras de la creaci\u00f3n.<\/p>\n<p>Gu\u00eda los pensamientos y decisiones de los gobernantes.<\/p>\n<p>Concede tu consuelo a los que se sienten tristes.<\/p>\n<p>Aqu\u00ed se pueden a\u00f1adir algunas intenciones libres.<\/p>\n<p>Da tu perd\u00f3n pleno a los difuntos.<\/p>\n<p>A continuaci\u00f3n, se reza el Padre nuestro.<\/p>\n<p>&nbsp;<\/p>\n<p><strong>Padre Nuestro<\/strong><\/p>\n<p>Padre nuestro, que est\u00e1s en el cielo,<\/p>\n<p>santificado sea tu nombre,<\/p>\n<p>venga tu reino,<\/p>\n<p>h\u00e1gase tu voluntad en la tierra como en el cielo.<\/p>\n<p>Danos hoy nuestro pan de cada d\u00eda,<\/p>\n<p>perdona nuestras ofensas,<\/p>\n<p>como tambi\u00e9n nosotros perdonamos a los que nos ofenden;<\/p>\n<p>no nos dejes caer en tentaci\u00f3n,<\/p>\n<p>y l\u00edbranos del mal.<\/p>\n<p>&nbsp;<\/p>\n<p><strong>Oraci\u00f3n<\/strong><\/p>\n<p>Mira, Se\u00f1or, con bondad a tu familia santa, por la cual Jesucristo nuestro Se\u00f1or acept\u00f3 el tormento de la cruz, entreg\u00e1ndose a sus propios enemigos. Por nuestro Se\u00f1or Jesucristo.<\/p>\n<p>&nbsp;<\/p>\n<p>Am\u00e9n.<\/p>\n<p>&nbsp;<\/p>\n<p><strong>Conclusi\u00f3n<\/strong><\/p>\n<ol>\n<li>El Se\u00f1or nos bendiga, nos guarde de todo mal y nos lleve a la vida eterna.<\/li>\n<li>Am\u00e9n.<\/li>\n<\/ol>\n<p><a href=\"https:\/\/iglesiatijuana.org\/web\/wp-content\/uploads\/2020\/03\/2f9ff682-cf9d-4684-bc3f-4ee13386ed4d-2.jpg\" data-rel=\"lightbox-image-0\" data-rl_title=\"\" data-rl_caption=\"\" title=\"\"><img loading=\"lazy\" decoding=\"async\" class=\"alignnone size-full wp-image-11514\" src=\"https:\/\/iglesiatijuana.org\/web\/wp-content\/uploads\/2020\/03\/2f9ff682-cf9d-4684-bc3f-4ee13386ed4d-2.jpg\" alt=\"\" width=\"1280\" height=\"604\" srcset=\"https:\/\/iglesiatijuana.org\/web\/wp-content\/uploads\/2020\/03\/2f9ff682-cf9d-4684-bc3f-4ee13386ed4d-2.jpg 1280w, https:\/\/iglesiatijuana.org\/web\/wp-content\/uploads\/2020\/03\/2f9ff682-cf9d-4684-bc3f-4ee13386ed4d-2-300x142.jpg 300w, https:\/\/iglesiatijuana.org\/web\/wp-content\/uploads\/2020\/03\/2f9ff682-cf9d-4684-bc3f-4ee13386ed4d-2-768x362.jpg 768w, https:\/\/iglesiatijuana.org\/web\/wp-content\/uploads\/2020\/03\/2f9ff682-cf9d-4684-bc3f-4ee13386ed4d-2-1024x483.jpg 1024w, https:\/\/iglesiatijuana.org\/web\/wp-content\/uploads\/2020\/03\/2f9ff682-cf9d-4684-bc3f-4ee13386ed4d-2-520x245.jpg 520w, https:\/\/iglesiatijuana.org\/web\/wp-content\/uploads\/2020\/03\/2f9ff682-cf9d-4684-bc3f-4ee13386ed4d-2-720x340.jpg 720w\" sizes=\"auto, (max-width: 1280px) 100vw, 1280px\" \/><\/a><\/p>\n","protected":false},"excerpt":{"rendered":"<p>Viernes, 10 de abril de 2020. &nbsp; Dios m\u00edo, ven en mi auxilio. Se\u00f1or, date prisa en socorrerme. Gloria al Padre, y al Hijo, y al Esp\u00edritu Santo. Como era en el principio, ahora&#46;&#46;&#46;<\/p>\n","protected":false},"author":101012,"featured_media":11514,"comment_status":"closed","ping_status":"closed","sticky":false,"template":"","format":"standard","meta":{"_exactmetrics_skip_tracking":false,"_exactmetrics_sitenote_active":false,"_exactmetrics_sitenote_note":"","_exactmetrics_sitenote_category":0,"footnotes":""},"categories":[68],"tags":[],"class_list":["post-11691","post","type-post","status-publish","format-standard","has-post-thumbnail","hentry","category-liturgia-de-las-horas"],"_links":{"self":[{"href":"https:\/\/iglesiatijuana.org\/web\/wp-json\/wp\/v2\/posts\/11691","targetHints":{"allow":["GET"]}}],"collection":[{"href":"https:\/\/iglesiatijuana.org\/web\/wp-json\/wp\/v2\/posts"}],"about":[{"href":"https:\/\/iglesiatijuana.org\/web\/wp-json\/wp\/v2\/types\/post"}],"author":[{"embeddable":true,"href":"https:\/\/iglesiatijuana.org\/web\/wp-json\/wp\/v2\/users\/101012"}],"replies":[{"embeddable":true,"href":"https:\/\/iglesiatijuana.org\/web\/wp-json\/wp\/v2\/comments?post=11691"}],"version-history":[{"count":1,"href":"https:\/\/iglesiatijuana.org\/web\/wp-json\/wp\/v2\/posts\/11691\/revisions"}],"predecessor-version":[{"id":11692,"href":"https:\/\/iglesiatijuana.org\/web\/wp-json\/wp\/v2\/posts\/11691\/revisions\/11692"}],"wp:featuredmedia":[{"embeddable":true,"href":"https:\/\/iglesiatijuana.org\/web\/wp-json\/wp\/v2\/media\/11514"}],"wp:attachment":[{"href":"https:\/\/iglesiatijuana.org\/web\/wp-json\/wp\/v2\/media?parent=11691"}],"wp:term":[{"taxonomy":"category","embeddable":true,"href":"https:\/\/iglesiatijuana.org\/web\/wp-json\/wp\/v2\/categories?post=11691"},{"taxonomy":"post_tag","embeddable":true,"href":"https:\/\/iglesiatijuana.org\/web\/wp-json\/wp\/v2\/tags?post=11691"}],"curies":[{"name":"wp","href":"https:\/\/api.w.org\/{rel}","templated":true}]}}