{"id":11696,"date":"2020-04-11T06:00:29","date_gmt":"2020-04-11T13:00:29","guid":{"rendered":"https:\/\/iglesiatijuana.org\/web\/?p=11696"},"modified":"2020-04-10T12:04:06","modified_gmt":"2020-04-10T19:04:06","slug":"laudes-sabado-santo-2020","status":"publish","type":"post","link":"https:\/\/iglesiatijuana.org\/web\/laudes-sabado-santo-2020\/","title":{"rendered":"Laudes &#8211; S\u00c1BADO SANTO 2020"},"content":{"rendered":"<p>S\u00e1bado, 11 de abril de 2020.<\/p>\n<p>&nbsp;<\/p>\n<ol>\n<li>Se\u00f1or, abre mis labios.<\/li>\n<li>Y mi boca proclamar\u00e1 tu alabanza.<\/li>\n<li>Dios m\u00edo, ven en mi auxilio.<\/li>\n<li>Se\u00f1or, date prisa en socorrerme.<\/li>\n<\/ol>\n<p>Gloria al Padre, y al Hijo, y al Esp\u00edritu Santo. Como era en el principio, ahora y siempre, por los siglos de los siglos. Am\u00e9n. Aleluya.<\/p>\n<p>&nbsp;<\/p>\n<p><strong>Himno 1<\/strong><\/p>\n<p>\u00a1Oh Cruz fiel, \u00e1rbol \u00fanico en nobleza!<\/p>\n<p>Jam\u00e1s el bosque dio mejor tributo<\/p>\n<p>en hoja, en flor y en fruto.<\/p>\n<p>\u00a1Dulces clavos! \u00a1Dulce \u00e1rbol donde la Vida empieza<\/p>\n<p>con un peso tan dulce en su corteza!<\/p>\n<p>&nbsp;<\/p>\n<p>Cantemos la nobleza de esta guerra,<\/p>\n<p>el triunfo de la sangre y del madero;<\/p>\n<p>y un Redentor, que, en trance de Cordero,<\/p>\n<p>sacrificado en cruz, salv\u00f3 la tierra.<\/p>\n<p>&nbsp;<\/p>\n<p>Dolido mi Se\u00f1or por el fracaso<\/p>\n<p>de Ad\u00e1n, que mordi\u00f3 muerte en la manzana,<\/p>\n<p>otro \u00e1rbol se\u00f1al\u00f3, de flor humana,<\/p>\n<p>que reparase el da\u00f1o paso a paso.<\/p>\n<p>&nbsp;<\/p>\n<p>Y as\u00ed dijo el Se\u00f1or: &#8220;\u00a1Vuelva la Vida,<\/p>\n<p>y que el Amor redima la condena!&#8221;<\/p>\n<p>La gracia est\u00e1 en el fondo de la pena,<\/p>\n<p>y la salud naciendo de la herida.<\/p>\n<p>&nbsp;<\/p>\n<p>\u00a1Oh plenitud del tiempo consumado!<\/p>\n<p>Del seno de Dios Padre en que viv\u00eda,<\/p>\n<p>&nbsp;<\/p>\n<p>ved la Palabra entrando por Mar\u00eda<\/p>\n<p>en el misterio mismo del pecado.<\/p>\n<p>&nbsp;<\/p>\n<p>\u00bfQui\u00e9n vio en m\u00e1s estrechez gloria m\u00e1s plena,<\/p>\n<p>y a Dios como el menor de los humanos?<\/p>\n<p>Llorando en el pesebre, pies y manos<\/p>\n<p>le faja una doncella nazarena.<\/p>\n<p>&nbsp;<\/p>\n<p>En plenitud de vida y de sendero,<\/p>\n<p>dio el paso hacia la muerte porque \u00e9l quiso.<\/p>\n<p>Mirad de par en par el para\u00edso<\/p>\n<p>abierto por la fuerza de un Cordero.<\/p>\n<p>&nbsp;<\/p>\n<p>Vinagre y sed la boca, apenas gime;<\/p>\n<p>y, al golpe de los clavos y la lanza,<\/p>\n<p>un mar de sangre fluye, inunda, avanza<\/p>\n<p>por tierra, mar y cielo, y los redime.<\/p>\n<p>&nbsp;<\/p>\n<p>Abl\u00e1ndate, madero, tronco abrupto<\/p>\n<p>de duro coraz\u00f3n y fibra inerte;<\/p>\n<p>dobl\u00e9gate a este peso y esta muerte<\/p>\n<p>que cuelga de tus ramas como un fruto.<\/p>\n<p>&nbsp;<\/p>\n<p>T\u00fa, solo entre los \u00e1rboles, crecido<\/p>\n<p>para tender a Cristo en tu regazo;<\/p>\n<p>t\u00fa, el arca que nos salva; t\u00fa, el abrazo<\/p>\n<p>de Dios con los verdugos del Ungido.<\/p>\n<p>&nbsp;<\/p>\n<p>Al Dios de los designios de la historia,<\/p>\n<p>que es Padre, Hijo y Esp\u00edritu, alabanza;<\/p>\n<p>al que en la cruz devuelve la esperanza<\/p>\n<p>de toda salvaci\u00f3n, honor y gloria. Am\u00e9n.<\/p>\n<p>&nbsp;<\/p>\n<p><strong>Salmodia<\/strong><\/p>\n<p><strong>Ant\u00edfona 1: Har\u00e1n llanto como llanto por el hijo \u00fanico, porque siendo inocente fue muerto el Se\u00f1or.<\/strong><\/p>\n<p><strong>\u00a0<\/strong><\/p>\n<p><strong>Salmo 63<\/strong><\/p>\n<p>&nbsp;<\/p>\n<p>Escucha, oh Dios, la voz de mi lamento,<\/p>\n<p>protege mi vida del terrible enemigo;<\/p>\n<p>esc\u00f3ndeme de la conjura de los perversos<\/p>\n<p>y del mot\u00edn de los malhechores:<\/p>\n<p>afilan sus lenguas como espadas<\/p>\n<p>y disparan como flechas palabras venenosas,<\/p>\n<p>para herir a escondidas al inocente,<\/p>\n<p>para herirlo por sorpresa y sin riesgo.<\/p>\n<p>Se animan al delito,<\/p>\n<p>calculan c\u00f3mo esconder trampas,<\/p>\n<p>y dicen: &#8220;\u00bfqui\u00e9n lo descubrir\u00e1?&#8221;<\/p>\n<p>Inventan maldades y ocultan sus invenciones,<\/p>\n<p>porque su mente y su coraz\u00f3n no tienen fondo.<\/p>\n<p>Pero Dios los acribilla a flechazos,<\/p>\n<p>por sorpresa los cubre de heridas;<\/p>\n<p>su misma lengua los lleva a la ruina,<\/p>\n<p>y los que lo ven menean la cabeza.<\/p>\n<p>Todo el mundo se atemoriza,<\/p>\n<p>proclama la obra de Dios<\/p>\n<p>y medita sus acciones.<\/p>\n<p>El justo se alegra con el Se\u00f1or,<\/p>\n<p>se refugia en \u00e9l,<\/p>\n<p>y se felicitan los rectos de coraz\u00f3n.<\/p>\n<p>&nbsp;<\/p>\n<p><strong>Ant\u00edfona 2: L\u00edbrame, Se\u00f1or, de las puertas del abismo.<\/strong><\/p>\n<p><strong>\u00a0<\/strong><\/p>\n<p><strong>C\u00e1ntico Is 38, 10-14. 17-1-0<\/strong><\/p>\n<p><strong>\u00a0<\/strong><\/p>\n<p>Yo pens\u00e9: &#8220;En medio de mis d\u00edas<\/p>\n<p>tengo que marchar hacia las puertas del abismo;<\/p>\n<p>me privan del resto de mis a\u00f1os&#8221;.<\/p>\n<p>Yo pens\u00e9: &#8220;ya no ver\u00e9 m\u00e1s al Se\u00f1or<\/p>\n<p>en la tierra de los vivos,<\/p>\n<p>ya no mirar\u00e9 a los hombres<\/p>\n<p>entre los habitantes del mundo.<\/p>\n<p>&nbsp;<\/p>\n<p>Levantan y enrollan mi vida<\/p>\n<p>como una tienda de pastores.<\/p>\n<p>Como un tejedor, devanaba yo mi vida,<\/p>\n<p>y me cortan la trama&#8221;.<\/p>\n<p>D\u00eda y noche me est\u00e1s acabando,<\/p>\n<p>sollozo hasta el amanecer.<\/p>\n<p>Me quiebras los huesos como un le\u00f3n,<\/p>\n<p>d\u00eda y noche me est\u00e1s acabando.<\/p>\n<p>Estoy piando como una golondrina,<\/p>\n<p>gimo como una paloma.<\/p>\n<p>Mis ojos mirando al cielo se consumen:<\/p>\n<p>\u00a1Se\u00f1or, que me oprimen, sal fiador por m\u00ed!<\/p>\n<p>Me has curado, me has hecho revivir,<\/p>\n<p>la amargura se me volvi\u00f3 paz<\/p>\n<p>cuando detuviste mi alma ante la tumba vac\u00eda<\/p>\n<p>y volviste la espalda a todos mis pecados.<\/p>\n<p>El abismo no te da gracias,<\/p>\n<p>ni la muerte te alaba,<\/p>\n<p>ni esperan en tu fidelidad<\/p>\n<p>los que bajan a la fosa.<\/p>\n<p>Los vivos, los vivos son quienes te alaban:<\/p>\n<p>como yo ahora.<\/p>\n<p>El padre ense\u00f1a a sus hijos tu fidelidad.<\/p>\n<p>S\u00e1lvame, Se\u00f1or, y tocaremos nuestras arpas<\/p>\n<p>todos nuestros d\u00edas en la casa del Se\u00f1or.<\/p>\n<p>&nbsp;<\/p>\n<p><strong>Ant\u00edfona 3: Estaba muerto, pero ahora vivo por los siglos de los siglos, y tengo las llaves de la muerte y del hades.<\/strong><\/p>\n<p><strong>\u00a0<\/strong><\/p>\n<p><strong>Salmo 150<\/strong><\/p>\n<p><strong>\u00a0<\/strong><\/p>\n<p>Alabad al Se\u00f1or en su templo,<\/p>\n<p>alabadlo en su fuerte firmamento.<\/p>\n<p>Alabadlo por sus obras magn\u00edficas,<\/p>\n<p>alabadlo por su inmensa grandeza.<\/p>\n<p>Alabadlo tocando trompetas,<\/p>\n<p>alabadlo con arpas y c\u00edtaras,<\/p>\n<p>alabadlo con tambores y danzas,<\/p>\n<p>alabadlo con trompas y flautas,<\/p>\n<p>alabadlo con platillos sonoros,<\/p>\n<p>alabadlo con platillos vibrantes.<\/p>\n<p>&nbsp;<\/p>\n<p><strong>Todo ser que alienta alabe al Se\u00f1or.<\/strong><\/p>\n<p><strong>\u00a0<\/strong><\/p>\n<p><strong>Lectura Breve<\/strong><\/p>\n<p><strong>LECTURA BREVE Os 6,1-3a<\/strong><\/p>\n<p><strong>\u00a0<\/strong><\/p>\n<p>Esto dice el Se\u00f1or: \u00abEn su aflicci\u00f3n me buscar\u00e1n, diciendo: &#8220;Volvamos al Se\u00f1or. \u00c9l, que nos despedaz\u00f3, nos sanar\u00e1; \u00e9l, que nos hiri\u00f3, nos vendar\u00e1. En dos d\u00edas nos sanar\u00e1, y al tercero nos levantar\u00e1, y viviremos en su presencia.&#8221;\u00bb<\/p>\n<p>Cristo, por nosotros, se someti\u00f3 incluso a la muerte y una muerte de cruz; por eso Dios lo levant\u00f3 sobre todo y le concedi\u00f3 el \u00abNombre\u2014sobre\u2014todo\u2014nombre\u00bb.<\/p>\n<p><strong>\u00a0<\/strong><\/p>\n<p><strong>Responsorio Breve<\/strong><\/p>\n<ol>\n<li>Te aclamar\u00e1n * Mis labios, Se\u00f1or. Te aclamar\u00e1n.<\/li>\n<li>Mi lengua recitar\u00e1 tu auxilio. * Mis labios, Se\u00f1or. Gloria al Padre. Te aclamar\u00e1n.<\/li>\n<\/ol>\n<p>&nbsp;<\/p>\n<p><strong>Canto Evang\u00e9lico<\/strong><\/p>\n<p><strong>Ant\u00edfona: Salvador del mundo, s\u00e1lvanos; t\u00fa que con tu cruz y con tu sangre nos redimiste, soc\u00f3rrenos, Dios nuestro.<\/strong><\/p>\n<p>&nbsp;<\/p>\n<p><strong>Benedictus Lc 1, 68-79<\/strong><\/p>\n<p><strong>\u00a0<\/strong><\/p>\n<p><strong>El Mes\u00edas y su precursor<\/strong><\/p>\n<p>&nbsp;<\/p>\n<p>+ Bendito sea el Se\u00f1or, Dios de Israel,<\/p>\n<p>porque ha visitado y redimido a su pueblo,<\/p>\n<p>suscit\u00e1ndonos una fuerza de salvaci\u00f3n<\/p>\n<p>en la casa de David, su siervo,<\/p>\n<p>seg\u00fan lo hab\u00eda predicho desde antiguo,<\/p>\n<p>por boca de sus santos profetas.<\/p>\n<p>&nbsp;<\/p>\n<p>Es la salvaci\u00f3n que nos libra de nuestros enemigos<\/p>\n<p>y de la mano de todos los que nos odian;<\/p>\n<p>realizando la misericordia<\/p>\n<p>que tuvo con nuestros padres,<\/p>\n<p>recordando su santa alianza<\/p>\n<p>y el juramento que jur\u00f3 a nuestro padre Abrah\u00e1n.<\/p>\n<p>&nbsp;<\/p>\n<p>Para concedernos que, libres de temor,<\/p>\n<p>arrancados de la mano de los enemigos,<\/p>\n<p>le sirvamos con santidad y justicia,<\/p>\n<p>en su presencia, todos nuestros d\u00edas.<\/p>\n<p>&nbsp;<\/p>\n<p>Y a ti, ni\u00f1o, te llamar\u00e1n profeta del Alt\u00edsimo,<\/p>\n<p>porque ir\u00e1s delante del Se\u00f1or<\/p>\n<p>a preparar sus caminos,<\/p>\n<p>anunciando a su pueblo la salvaci\u00f3n,<\/p>\n<p>el perd\u00f3n de sus pecados.<\/p>\n<p>&nbsp;<\/p>\n<p>Por la entra\u00f1able misericordia de nuestro Dios,<\/p>\n<p>nos visitar\u00e1 el sol que nace de lo alto,<\/p>\n<p>para iluminar a los que viven en tinieblas<\/p>\n<p>y en sombra de muerte,<\/p>\n<p>para guiar nuestros pasos<\/p>\n<p>por el camino de la paz.<\/p>\n<p>&nbsp;<\/p>\n<p>Gloria al Padre, y al Hijo, y al Esp\u00edritu Santo.<\/p>\n<p>Como era en el principio, ahora y siempre,<\/p>\n<p>por los siglos de los siglos. Am\u00e9n.<\/p>\n<p>&nbsp;<\/p>\n<p><strong>Preces<\/strong><\/p>\n<p>Adoremos a nuestro Redentor, que por nosotros y por todos los hombres quiso morir y ser sepultado, para resucitar de entre los muertos, y supliqu\u00e9mosle, diciendo:<\/p>\n<p>Se\u00f1or, ten piedad de nosotros.<\/p>\n<p>Oh Se\u00f1or, que junto a tu cruz y a tu sepulcro tuviste a tu Madre dolorosa que particip\u00f3 en tu aflicci\u00f3n,<\/p>\n<p>\u2014 haz que tu pueblo sepa tambi\u00e9n participar en tu pasi\u00f3n.<\/p>\n<p>Se\u00f1or Jes\u00fas, que como grano de trigo ca\u00edste en la tierra para morir y dar con ello fruto abundante,<\/p>\n<p>\u2014 haz que tambi\u00e9n nosotros sepamos morir al pecado y vivir para Dios.<\/p>\n<p>Oh Pastor de la Iglesia, que quisiste ocultarte en el sepulcro para dar la vida a los<\/p>\n<p>hombres,<\/p>\n<p>\u2014 haz que nosotros sepamos tambi\u00e9n vivir escondidos contigo en Dios.<\/p>\n<p>Nuevo Ad\u00e1n, que quisiste bajar al reino de la muerte, para librar a cuantos, desde el origen del mundo, estaban encarcelados,<\/p>\n<p>\u2014 haz que todos los hombres, muertos al pecado, escuchen tu voz y vivan.<\/p>\n<p>Cristo, Hijo de Dios vivo, que has querido que por el bautismo fu\u00e9ramos sepultados<\/p>\n<p>contigo en la muerte,<\/p>\n<p>\u2014 haz que sigui\u00e9ndote a ti caminemos tambi\u00e9n nosotros en novedad de vida.<\/p>\n<p>Aqu\u00ed se pueden a\u00f1adir algunas intenciones libres.<\/p>\n<p>Movidos por el esp\u00edritu filial que Cristo nos mereci\u00f3 con su muerte, digamos al Padre:<\/p>\n<p>&nbsp;<\/p>\n<p>&nbsp;<\/p>\n<p><strong>Padre Nuestro<\/strong><\/p>\n<p>Padre nuestro, que est\u00e1s en el cielo,<\/p>\n<p>santificado sea tu nombre,<\/p>\n<p>venga tu reino,<\/p>\n<p>h\u00e1gase tu voluntad en la tierra como en el cielo.<\/p>\n<p>Danos hoy nuestro pan de cada d\u00eda,<\/p>\n<p>perdona nuestras ofensas,<\/p>\n<p>como tambi\u00e9n nosotros perdonamos a los que nos ofenden;<\/p>\n<p>no nos dejes caer en tentaci\u00f3n,<\/p>\n<p>y l\u00edbranos del mal.<\/p>\n<p><strong>\u00a0<\/strong><\/p>\n<p><strong>Oraci\u00f3n<\/strong><\/p>\n<p>Oremos:<\/p>\n<p>&nbsp;<\/p>\n<p>Dios todopoderoso, cuyo Unig\u00e9nito descendi\u00f3 al lugar de los muertos y sali\u00f3 victorioso del sepulcro, te pedimos que concedas a todos tus fieles, sepultados con Cristo por el bautismo, resucitar tambi\u00e9n con \u00e9l a la vida eterna. Por nuestro Se\u00f1or Jesucristo, tu Hijo, que vive y reina contigo en la unidad del Esp\u00edritu Santo y es Dios, por los siglos de los siglos.<\/p>\n<p>&nbsp;<\/p>\n<p>Am\u00e9n.<\/p>\n<p>&nbsp;<\/p>\n<p><strong>Conclusi\u00f3n<\/strong><\/p>\n<ol>\n<li>El Se\u00f1or nos bendiga, nos guarde de todo mal y nos lleve a la vida eterna.<\/li>\n<li>Am\u00e9n.<\/li>\n<\/ol>\n<p><a href=\"https:\/\/iglesiatijuana.org\/web\/wp-content\/uploads\/2020\/03\/2f9ff682-cf9d-4684-bc3f-4ee13386ed4d-1.jpg\" data-rel=\"lightbox-image-0\" data-rl_title=\"\" data-rl_caption=\"\" title=\"\"><img loading=\"lazy\" decoding=\"async\" class=\"alignnone size-full wp-image-11389\" src=\"https:\/\/iglesiatijuana.org\/web\/wp-content\/uploads\/2020\/03\/2f9ff682-cf9d-4684-bc3f-4ee13386ed4d-1.jpg\" alt=\"\" width=\"1280\" height=\"604\" srcset=\"https:\/\/iglesiatijuana.org\/web\/wp-content\/uploads\/2020\/03\/2f9ff682-cf9d-4684-bc3f-4ee13386ed4d-1.jpg 1280w, https:\/\/iglesiatijuana.org\/web\/wp-content\/uploads\/2020\/03\/2f9ff682-cf9d-4684-bc3f-4ee13386ed4d-1-300x142.jpg 300w, https:\/\/iglesiatijuana.org\/web\/wp-content\/uploads\/2020\/03\/2f9ff682-cf9d-4684-bc3f-4ee13386ed4d-1-768x362.jpg 768w, https:\/\/iglesiatijuana.org\/web\/wp-content\/uploads\/2020\/03\/2f9ff682-cf9d-4684-bc3f-4ee13386ed4d-1-1024x483.jpg 1024w, https:\/\/iglesiatijuana.org\/web\/wp-content\/uploads\/2020\/03\/2f9ff682-cf9d-4684-bc3f-4ee13386ed4d-1-520x245.jpg 520w, https:\/\/iglesiatijuana.org\/web\/wp-content\/uploads\/2020\/03\/2f9ff682-cf9d-4684-bc3f-4ee13386ed4d-1-720x340.jpg 720w\" sizes=\"auto, (max-width: 1280px) 100vw, 1280px\" \/><\/a><\/p>\n","protected":false},"excerpt":{"rendered":"<p>S\u00e1bado, 11 de abril de 2020. &nbsp; Se\u00f1or, abre mis labios. Y mi boca proclamar\u00e1 tu alabanza. Dios m\u00edo, ven en mi auxilio. Se\u00f1or, date prisa en socorrerme. Gloria al Padre, y al Hijo,&#46;&#46;&#46;<\/p>\n","protected":false},"author":101012,"featured_media":11514,"comment_status":"closed","ping_status":"closed","sticky":false,"template":"","format":"standard","meta":{"_exactmetrics_skip_tracking":false,"_exactmetrics_sitenote_active":false,"_exactmetrics_sitenote_note":"","_exactmetrics_sitenote_category":0,"footnotes":""},"categories":[68],"tags":[],"class_list":["post-11696","post","type-post","status-publish","format-standard","has-post-thumbnail","hentry","category-liturgia-de-las-horas"],"_links":{"self":[{"href":"https:\/\/iglesiatijuana.org\/web\/wp-json\/wp\/v2\/posts\/11696","targetHints":{"allow":["GET"]}}],"collection":[{"href":"https:\/\/iglesiatijuana.org\/web\/wp-json\/wp\/v2\/posts"}],"about":[{"href":"https:\/\/iglesiatijuana.org\/web\/wp-json\/wp\/v2\/types\/post"}],"author":[{"embeddable":true,"href":"https:\/\/iglesiatijuana.org\/web\/wp-json\/wp\/v2\/users\/101012"}],"replies":[{"embeddable":true,"href":"https:\/\/iglesiatijuana.org\/web\/wp-json\/wp\/v2\/comments?post=11696"}],"version-history":[{"count":1,"href":"https:\/\/iglesiatijuana.org\/web\/wp-json\/wp\/v2\/posts\/11696\/revisions"}],"predecessor-version":[{"id":11697,"href":"https:\/\/iglesiatijuana.org\/web\/wp-json\/wp\/v2\/posts\/11696\/revisions\/11697"}],"wp:featuredmedia":[{"embeddable":true,"href":"https:\/\/iglesiatijuana.org\/web\/wp-json\/wp\/v2\/media\/11514"}],"wp:attachment":[{"href":"https:\/\/iglesiatijuana.org\/web\/wp-json\/wp\/v2\/media?parent=11696"}],"wp:term":[{"taxonomy":"category","embeddable":true,"href":"https:\/\/iglesiatijuana.org\/web\/wp-json\/wp\/v2\/categories?post=11696"},{"taxonomy":"post_tag","embeddable":true,"href":"https:\/\/iglesiatijuana.org\/web\/wp-json\/wp\/v2\/tags?post=11696"}],"curies":[{"name":"wp","href":"https:\/\/api.w.org\/{rel}","templated":true}]}}