{"id":11737,"date":"2020-04-15T16:00:37","date_gmt":"2020-04-15T23:00:37","guid":{"rendered":"https:\/\/iglesiatijuana.org\/web\/?p=11737"},"modified":"2020-04-14T11:54:11","modified_gmt":"2020-04-14T18:54:11","slug":"visperas-miercoles-de-la-octava-de-pascua-2020","status":"publish","type":"post","link":"https:\/\/iglesiatijuana.org\/web\/visperas-miercoles-de-la-octava-de-pascua-2020\/","title":{"rendered":"V\u00edsperas &#8211; MI\u00c9RCOLES DE LA OCTAVA DE PASCUA 2020"},"content":{"rendered":"<p>Ma\u00f1ana, mi\u00e9rcoles, 15 de abril de 2020.<\/p>\n<p>&nbsp;<\/p>\n<ol>\n<li>Dios m\u00edo, ven en mi auxilio.<\/li>\n<li>Se\u00f1or, date prisa en socorrerme.<\/li>\n<\/ol>\n<p>Gloria al Padre, y al Hijo, y al Esp\u00edritu Santo. Como era en el principio, ahora y siempre, por los siglos de los siglos. Am\u00e9n. Aleluya.<\/p>\n<p>&nbsp;<\/p>\n<p><strong>Himno 1<\/strong><\/p>\n<p>Nuestra Pascua inmolada, aleluya,<\/p>\n<p>es Cristo el Se\u00f1or, aleluya, aleluya.<\/p>\n<p>Pascua sagrada, \u00a1oh fiesta universal!,<\/p>\n<p>el mundo renovado<\/p>\n<p>canta un himno a su Se\u00f1or.<\/p>\n<p>Pascua sagrada, \u00a1victoria de la cruz!<\/p>\n<p>La muerte, derrotada,<\/p>\n<p>ha perdido su aguij\u00f3n.<\/p>\n<p>Pascua sagrada,<\/p>\n<p>&nbsp;<\/p>\n<p>\u00a1oh noche bautismal!<\/p>\n<p>Del seno de las aguas<\/p>\n<p>renacemos al Se\u00f1or.<\/p>\n<p>Pascua sagrada, \u00a1eterna novedad!<\/p>\n<p>Dejad al hombre viejo,<\/p>\n<p>revest\u00edos del Se\u00f1or.<\/p>\n<p>Pascua sagrada. La sala del fest\u00edn<\/p>\n<p>se llena de invitados<\/p>\n<p>que celebran al Se\u00f1or.<\/p>\n<p>Pascua sagrada, \u00a1Cantemos al Se\u00f1or!<\/p>\n<p>Vivamos la alegr\u00eda<\/p>\n<p>dada a luz en el dolor.<\/p>\n<p>&nbsp;<\/p>\n<p><strong>Salmodia<\/strong><\/p>\n<p><strong>Ant\u00edfona 1: La diestra de Dios lo exalt\u00f3, haci\u00e9ndolo jefe y salvador. Aleluya.<\/strong><\/p>\n<p><strong>\u00a0<\/strong><\/p>\n<p><strong>Salmo 26,1-6<\/strong><\/p>\n<p><strong>\u00a0<\/strong><\/p>\n<p><strong>Confianza ante el peligro<\/strong><\/p>\n<p>&nbsp;<\/p>\n<p>\u00c9sta es la morada de Dios con los hombres. (Ap 21,3)<\/p>\n<p>&nbsp;<\/p>\n<p>El Se\u00f1or es mi luz y mi salvaci\u00f3n,<\/p>\n<p>\u00bfa qui\u00e9n temer\u00e9?<\/p>\n<p>+ El Se\u00f1or es la defensa de mi vida,<\/p>\n<p>\u00bfqui\u00e9n me har\u00e1 temblar?<\/p>\n<p>&nbsp;<\/p>\n<p>Cuando me asaltan los malvados<\/p>\n<p>para devorar mi carne,<\/p>\n<p>ellos, enemigos y adversarios,<\/p>\n<p>tropiezan y caen.<\/p>\n<p>&nbsp;<\/p>\n<p>Si un ej\u00e9rcito acampa contra m\u00ed,<\/p>\n<p>mi coraz\u00f3n no tiembla;<\/p>\n<p>si me declaran la guerra,<\/p>\n<p>me siento tranquilo.<\/p>\n<p>&nbsp;<\/p>\n<p>Una cosa pido al Se\u00f1or,<\/p>\n<p>eso buscar\u00e9:<\/p>\n<p>habitar en la casa del Se\u00f1or<\/p>\n<p>por los d\u00edas de mi vida;<\/p>\n<p>gozar de la dulzura del Se\u00f1or,<\/p>\n<p>contemplando su templo.<\/p>\n<p>&nbsp;<\/p>\n<p>\u00c9l me proteger\u00e1 en su tienda<\/p>\n<p>el d\u00eda del peligro;<\/p>\n<p>me esconder\u00e1 en lo escondido de su morada,<\/p>\n<p>me alzar\u00e1 sobre la roca;<\/p>\n<p>&nbsp;<\/p>\n<p>y as\u00ed levantar\u00e9 la cabeza<\/p>\n<p>sobre el enemigo que me cerca;<\/p>\n<p>en su tienda ofrecer\u00e9<\/p>\n<p>sacrificios de aclamaci\u00f3n:<\/p>\n<p>cantar\u00e9 y tocar\u00e9 para el Se\u00f1or.<\/p>\n<p>&nbsp;<\/p>\n<p><strong>Ant\u00edfona 2: Espero gozar de la dicha del Se\u00f1or en el pa\u00eds de la vida. Aleluya.<\/strong><\/p>\n<p><strong>\u00a0<\/strong><\/p>\n<p><strong>Salmo 26,7-14<\/strong><\/p>\n<p><strong>\u00a0<\/strong><\/p>\n<p><strong>Algunos, poni\u00e9ndose en pie, daban testimonio contra Jes\u00fas. (Mc 14,57)<\/strong><\/p>\n<p><strong>\u00a0<\/strong><\/p>\n<p>Esc\u00fachame, Se\u00f1or, que te llamo;<\/p>\n<p>ten piedad, resp\u00f3ndeme.<\/p>\n<p>&nbsp;<\/p>\n<p>Oigo en mi coraz\u00f3n: \u00abBuscad mi rostro.\u00bb<\/p>\n<p>Tu rostro buscar\u00e9, Se\u00f1or,<\/p>\n<p>no me escondas tu rostro.<\/p>\n<p>&nbsp;<\/p>\n<p>No rechaces con ira a tu siervo,<\/p>\n<p>que t\u00fa eres mi auxilio;<\/p>\n<p>no me deseches, no me abandones,<\/p>\n<p>Dios de mi salvaci\u00f3n.<\/p>\n<p>&nbsp;<\/p>\n<p>Si mi padre y mi madre me abandonan,<\/p>\n<p>el Se\u00f1or me recoger\u00e1.<\/p>\n<p>Se\u00f1or, ens\u00e9\u00f1ame tu camino,<\/p>\n<p>gu\u00edame por la senda llana,<\/p>\n<p>porque tengo enemigos.<\/p>\n<p>&nbsp;<\/p>\n<p>No me entregues a la sa\u00f1a de mi adversario,<\/p>\n<p>porque se levantan contra m\u00ed testigos falsos,<\/p>\n<p>que respiran violencia.<\/p>\n<p>&nbsp;<\/p>\n<p>Espero gozar de la dicha del Se\u00f1or<\/p>\n<p>en el pa\u00eds de la vida.<\/p>\n<p>&nbsp;<\/p>\n<p>Espera en el Se\u00f1or, s\u00e9 valiente,<\/p>\n<p>ten \u00e1nimo, espera en el Se\u00f1or.<\/p>\n<p>&nbsp;<\/p>\n<p><strong>Ant\u00edfona 3: \u00c9l es el origen, gu\u00eda y meta del universo. A \u00e9l la gloria por los siglos. Aleluya.<\/strong><\/p>\n<p><strong>\u00a0<\/strong><\/p>\n<p><strong>Col 1,12-20<\/strong><\/p>\n<p><strong>\u00a0<\/strong><\/p>\n<p><strong>Himno a Cristo, primog\u00e9nito de toda criatura y primer resucitado de entre los muertos.<\/strong><\/p>\n<p>&nbsp;<\/p>\n<p>Damos gracias a Dios Padre,<\/p>\n<p>que nos ha hecho capaces de compartir<\/p>\n<p>la herencia del pueblo santo en la luz.<\/p>\n<p>&nbsp;<\/p>\n<p>\u00c9l nos ha sacado del dominio de las tinieblas,<\/p>\n<p>y nos ha trasladado al reino de su Hijo querido,<\/p>\n<p>por cuya sangre hemos recibido la redenci\u00f3n,<\/p>\n<p>el perd\u00f3n de los pecados.<\/p>\n<p>&nbsp;<\/p>\n<p>\u00c9l es imagen de Dios invisible,<\/p>\n<p>primog\u00e9nito de toda criatura;<\/p>\n<p>porque por medio de \u00e9l<\/p>\n<p>fueron creadas todas las cosas:<\/p>\n<p>celestes y terrestres, visibles e invisibles,<\/p>\n<p>Tronos, Dominaciones, Principados, Potestades;<\/p>\n<p>todo fue creado por \u00e9l y para \u00e9l.<\/p>\n<p>&nbsp;<\/p>\n<p>\u00c9l es anterior a todo, y todo se mantiene en \u00e9l.<\/p>\n<p>\u00c9l es tambi\u00e9n la cabeza del cuerpo: de la Iglesia.<\/p>\n<p>\u00c9l es el principio, el primog\u00e9nito de entre los muertos,<\/p>\n<p>y as\u00ed es el primero en todo.<\/p>\n<p>&nbsp;<\/p>\n<p>Porque en \u00e9l quiso Dios que residiera toda la plenitud.<\/p>\n<p>Y por \u00e9l quiso reconciliar consigo todos los seres:<\/p>\n<p>los del cielo y los de la tierra,<\/p>\n<p>haciendo la paz por la sangre de su cruz.<\/p>\n<p>&nbsp;<\/p>\n<p><strong>Lectura Breve<\/strong><\/p>\n<p><strong>Hb 7, 24-27<\/strong><\/p>\n<p>&nbsp;<\/p>\n<p>Jes\u00fas, como permanece para siempre, tiene un sacerdocio eterno. De aqu\u00ed que tiene poder para llevar a la salvaci\u00f3n definitiva a cuantos por \u00e9l se vayan acercando a Dios, porque vive para siempre para interceder por ellos. Y tal era precisamente el sumo sacerdote que nos conven\u00eda: santo, sin maldad, sin mancha, excluido del n\u00famero de los pecadores y exaltado m\u00e1s alto que los cielos. No tiene necesidad, como los sumos sacerdotes, de ofrecer v\u00edctimas cada d\u00eda, primero por sus propios pecados y luego por los del pueblo. Esto lo hizo una vez por todas, ofreci\u00e9ndose a s\u00ed mismo.<\/p>\n<p>&nbsp;<\/p>\n<p><strong>Responsorio Breve<\/strong><\/p>\n<p><strong>En lugar del responsorio breve se dice la siguiente ant\u00edfona: Este es el d\u00eda en que actu\u00f3 el Se\u00f1or: sea \u00e9l nuestra alegr\u00eda y nuestro gozo. Aleluya.<\/strong><\/p>\n<p>&nbsp;<\/p>\n<p><strong>Canto Evang\u00e9lico<\/strong><\/p>\n<p><strong>Ant\u00edfona: Entr\u00f3 Jes\u00fas y se qued\u00f3 con ellos; y, estando juntos a la mesa, tom\u00f3 el pan y, rezada la bendici\u00f3n, lo parti\u00f3 y se lo dio. Aleluya.<\/strong><\/p>\n<p>&nbsp;<\/p>\n<p>Magnificat Lc 1, 46-55<\/p>\n<p>&nbsp;<\/p>\n<p>Alegr\u00eda del alma en el Se\u00f1or<\/p>\n<p>&nbsp;<\/p>\n<p>Proclama mi alma la grandeza del Se\u00f1or,<\/p>\n<p>se alegra mi esp\u00edritu en Dios, mi salvador;<\/p>\n<p>porque ha mirado la humillaci\u00f3n de su esclava.<\/p>\n<p>&nbsp;<\/p>\n<p>Desde ahora me felicitar\u00e1n todas las generaciones,<\/p>\n<p>porque el Poderoso ha hecho obras grandes por m\u00ed:<\/p>\n<p>su nombre es santo,<\/p>\n<p>y su misericordia llega a sus fieles<\/p>\n<p>de generaci\u00f3n en generaci\u00f3n.<\/p>\n<p>&nbsp;<\/p>\n<p>\u00c9l hace proezas con su brazo:<\/p>\n<p>dispersa a los soberbios de coraz\u00f3n,<\/p>\n<p>derriba del trono a los poderosos<\/p>\n<p>y enaltece a los humildes,<\/p>\n<p>a los hambrientos los colma de bienes<\/p>\n<p>y a los ricos los despide vac\u00edos.<\/p>\n<p>&nbsp;<\/p>\n<p>Auxilia a Israel, su siervo,<\/p>\n<p>acord\u00e1ndose de la misericordia<\/p>\n<p>\u2014como lo hab\u00eda prometido a nuestros padres\u2014<\/p>\n<p>en favor de Abrah\u00e1n y su descendencia por siempre.<\/p>\n<p>&nbsp;<\/p>\n<p>Gloria al Padre, y al Hijo, y al Esp\u00edritu Santo.<\/p>\n<p>Como era en el principio, ahora y siempre,<\/p>\n<p>por los siglos de los siglos. Am\u00e9n.<\/p>\n<p>&nbsp;<\/p>\n<p><strong>Preces<\/strong><\/p>\n<p>Oremos a Cristo, que resucit\u00f3 de entre los muertos y est\u00e1 sentado a la derecha del Padre, y dig\u00e1mosle:<\/p>\n<p>Cristo, que vives por siempre para interceder por los hombres, escucha nuestra oraci\u00f3n. Acu\u00e9rdate, Se\u00f1or, de los que se han consagrado a tu servicio,<\/p>\n<p>\u2014 que sean para tu pueblo ejemplo de santidad.<\/p>\n<p>Concede, Se\u00f1or, el esp\u00edritu de justicia a los que gobiernan las naciones,<\/p>\n<p>\u2014 y haz que trabajen en bien de la paz, para que todos podamos vivir seg\u00fan tu ley.<\/p>\n<p>Concede la paz a nuestros d\u00edas y multiplica los bienes de la tierra,<\/p>\n<p>\u2014 para que los pobres puedan gozar de las riquezas de tu bondad.<\/p>\n<p>Aqu\u00ed se pueden a\u00f1adir algunas intenciones libres.<\/p>\n<p>Cristo salvador, que con tu triunfo has iluminado el mundo entero y con tu resurrecci\u00f3n has dado a los hombres una prenda de su inmortalidad,<\/p>\n<p>\u2014 concede la luz eterna a nuestros hermanos difuntos.<\/p>\n<p>Terminemos nuestra oraci\u00f3n con las palabras del Se\u00f1or:<\/p>\n<p><strong>\u00a0<\/strong><\/p>\n<p><strong>Padre Nuestro<\/strong><\/p>\n<p>Padre nuestro, que est\u00e1s en el cielo,<\/p>\n<p>santificado sea tu nombre,<\/p>\n<p>venga tu reino,<\/p>\n<p>h\u00e1gase tu voluntad en la tierra como en el cielo.<\/p>\n<p>Danos hoy nuestro pan de cada d\u00eda,<\/p>\n<p>perdona nuestras ofensas,<\/p>\n<p>como tambi\u00e9n nosotros perdonamos a los que nos ofenden;<\/p>\n<p>no nos dejes caer en tentaci\u00f3n,<\/p>\n<p>y l\u00edbranos del mal.<\/p>\n<p>&nbsp;<\/p>\n<p><strong>Oraci\u00f3n<\/strong><\/p>\n<p>Dios nuestro, que todos los a\u00f1os nos alegras con la solemnidad de la resurrecci\u00f3n del Se\u00f1or; conc\u00e9denos, a trav\u00e9s de la celebraci\u00f3n de estas fiestas, llegar un d\u00eda a la alegr\u00eda eterna. Por nuestro Se\u00f1or Jesucristo, tu Hijo, que vive y reina contigo en la unidad del Esp\u00edritu Santo y es Dios, por los siglos de los siglos.<\/p>\n<p>&nbsp;<\/p>\n<p>Am\u00e9n.<\/p>\n<p><strong>\u00a0<\/strong><\/p>\n<p><strong>Conclusi\u00f3n<\/strong><\/p>\n<ol>\n<li>El Se\u00f1or nos bendiga, nos guarde de todo mal y nos lleve a la vida eterna.<\/li>\n<li>Am\u00e9n.<\/li>\n<\/ol>\n<p><a href=\"https:\/\/iglesiatijuana.org\/web\/wp-content\/uploads\/2020\/03\/2f9ff682-cf9d-4684-bc3f-4ee13386ed4d-2.jpg\" data-rel=\"lightbox-image-0\" data-rl_title=\"\" data-rl_caption=\"\" title=\"\"><img loading=\"lazy\" decoding=\"async\" class=\"alignnone size-full wp-image-11514\" src=\"https:\/\/iglesiatijuana.org\/web\/wp-content\/uploads\/2020\/03\/2f9ff682-cf9d-4684-bc3f-4ee13386ed4d-2.jpg\" alt=\"\" width=\"1280\" height=\"604\" srcset=\"https:\/\/iglesiatijuana.org\/web\/wp-content\/uploads\/2020\/03\/2f9ff682-cf9d-4684-bc3f-4ee13386ed4d-2.jpg 1280w, https:\/\/iglesiatijuana.org\/web\/wp-content\/uploads\/2020\/03\/2f9ff682-cf9d-4684-bc3f-4ee13386ed4d-2-300x142.jpg 300w, https:\/\/iglesiatijuana.org\/web\/wp-content\/uploads\/2020\/03\/2f9ff682-cf9d-4684-bc3f-4ee13386ed4d-2-768x362.jpg 768w, https:\/\/iglesiatijuana.org\/web\/wp-content\/uploads\/2020\/03\/2f9ff682-cf9d-4684-bc3f-4ee13386ed4d-2-1024x483.jpg 1024w, https:\/\/iglesiatijuana.org\/web\/wp-content\/uploads\/2020\/03\/2f9ff682-cf9d-4684-bc3f-4ee13386ed4d-2-520x245.jpg 520w, https:\/\/iglesiatijuana.org\/web\/wp-content\/uploads\/2020\/03\/2f9ff682-cf9d-4684-bc3f-4ee13386ed4d-2-720x340.jpg 720w\" sizes=\"auto, (max-width: 1280px) 100vw, 1280px\" \/><\/a><\/p>\n","protected":false},"excerpt":{"rendered":"<p>Ma\u00f1ana, mi\u00e9rcoles, 15 de abril de 2020. &nbsp; Dios m\u00edo, ven en mi auxilio. Se\u00f1or, date prisa en socorrerme. Gloria al Padre, y al Hijo, y al Esp\u00edritu Santo. Como era en el principio,&#46;&#46;&#46;<\/p>\n","protected":false},"author":101012,"featured_media":11514,"comment_status":"closed","ping_status":"closed","sticky":false,"template":"","format":"standard","meta":{"_exactmetrics_skip_tracking":false,"_exactmetrics_sitenote_active":false,"_exactmetrics_sitenote_note":"","_exactmetrics_sitenote_category":0,"footnotes":""},"categories":[68],"tags":[],"class_list":["post-11737","post","type-post","status-publish","format-standard","has-post-thumbnail","hentry","category-liturgia-de-las-horas"],"_links":{"self":[{"href":"https:\/\/iglesiatijuana.org\/web\/wp-json\/wp\/v2\/posts\/11737","targetHints":{"allow":["GET"]}}],"collection":[{"href":"https:\/\/iglesiatijuana.org\/web\/wp-json\/wp\/v2\/posts"}],"about":[{"href":"https:\/\/iglesiatijuana.org\/web\/wp-json\/wp\/v2\/types\/post"}],"author":[{"embeddable":true,"href":"https:\/\/iglesiatijuana.org\/web\/wp-json\/wp\/v2\/users\/101012"}],"replies":[{"embeddable":true,"href":"https:\/\/iglesiatijuana.org\/web\/wp-json\/wp\/v2\/comments?post=11737"}],"version-history":[{"count":1,"href":"https:\/\/iglesiatijuana.org\/web\/wp-json\/wp\/v2\/posts\/11737\/revisions"}],"predecessor-version":[{"id":11738,"href":"https:\/\/iglesiatijuana.org\/web\/wp-json\/wp\/v2\/posts\/11737\/revisions\/11738"}],"wp:featuredmedia":[{"embeddable":true,"href":"https:\/\/iglesiatijuana.org\/web\/wp-json\/wp\/v2\/media\/11514"}],"wp:attachment":[{"href":"https:\/\/iglesiatijuana.org\/web\/wp-json\/wp\/v2\/media?parent=11737"}],"wp:term":[{"taxonomy":"category","embeddable":true,"href":"https:\/\/iglesiatijuana.org\/web\/wp-json\/wp\/v2\/categories?post=11737"},{"taxonomy":"post_tag","embeddable":true,"href":"https:\/\/iglesiatijuana.org\/web\/wp-json\/wp\/v2\/tags?post=11737"}],"curies":[{"name":"wp","href":"https:\/\/api.w.org\/{rel}","templated":true}]}}