{"id":11748,"date":"2020-04-16T06:00:04","date_gmt":"2020-04-16T13:00:04","guid":{"rendered":"https:\/\/iglesiatijuana.org\/web\/?p=11748"},"modified":"2020-04-15T10:42:23","modified_gmt":"2020-04-15T17:42:23","slug":"laudes-jueves-de-la-octava-de-pascua-2020","status":"publish","type":"post","link":"https:\/\/iglesiatijuana.org\/web\/laudes-jueves-de-la-octava-de-pascua-2020\/","title":{"rendered":"Laudes &#8211; JUEVES DE LA OCTAVA DE PASCUA 2020"},"content":{"rendered":"<p>Jueves, 16 de abril de 2020.<\/p>\n<p>&nbsp;<\/p>\n<ol>\n<li>Se\u00f1or, abre mis labios.<\/li>\n<li>Y mi boca proclamar\u00e1 tu alabanza.<\/li>\n<li>Dios m\u00edo, ven en mi auxilio.<\/li>\n<li>Se\u00f1or, date prisa en socorrerme.<\/li>\n<\/ol>\n<p>Gloria al Padre, y al Hijo, y al Esp\u00edritu Santo. Como era en el principio, ahora y siempre, por los siglos de los siglos. Am\u00e9n. Aleluya.<\/p>\n<p>&nbsp;<\/p>\n<p><strong>Himno 1<\/strong><\/p>\n<p>Ofrezcan los cristianos<\/p>\n<p>ofrendas de alabanza<\/p>\n<p>a gloria de la V\u00edctima<\/p>\n<p>propicia de la Pascua.<\/p>\n<p>Cordero sin pecado<\/p>\n<p>que a las ovejas salva,<\/p>\n<p>a Dios y a los culpables<\/p>\n<p>uni\u00f3 con nueva alianza.<\/p>\n<p>Lucharon vida y muerte<\/p>\n<p>en singular batalla<\/p>\n<p>y, muerto el que es la Vida,<\/p>\n<p>triunfante se levanta.<\/p>\n<p>\u00bfQu\u00e9 has visto de camino,<\/p>\n<p>\u00bfMar\u00eda, en la ma\u00f1ana?<\/p>\n<p>A mi Se\u00f1or glorioso,<\/p>\n<p>&nbsp;<\/p>\n<p>la tumba abandonada,<\/p>\n<p>los \u00e1ngeles testigos,<\/p>\n<p>sudarios y mortaja.<\/p>\n<p>\u00a1Resucit\u00f3 de veras<\/p>\n<p>mi amor y mi esperanza!<\/p>\n<p>Venid a Galilea,<\/p>\n<p>all\u00ed el Se\u00f1or aguarda;<\/p>\n<p>all\u00ed ver\u00e9is los suyos<\/p>\n<p>la gloria de la Pascua.<\/p>\n<p>Primicia de los muertos,<\/p>\n<p>sabemos por tu gracia<\/p>\n<p>que est\u00e1s resucitado;<\/p>\n<p>la muerte en ti no manda.<\/p>\n<p>Rey vencedor, api\u00e1date<\/p>\n<p>de la miseria humana<\/p>\n<p>y da a tus fieles parte<\/p>\n<p>en tu victoria santa. Am\u00e9n. Aleluya<\/p>\n<p>&nbsp;<\/p>\n<p><strong>Salmodia<\/strong><\/p>\n<p><strong>Ant\u00edfona 1: El\u00e9vate sobre el cielo, Dios m\u00edo. Aleluya.<\/strong><\/p>\n<p><strong>\u00a0<\/strong><\/p>\n<p><strong>Salmo 56<\/strong><\/p>\n<p><strong>\u00a0<\/strong><\/p>\n<p><strong>Oraci\u00f3n matutina de un afligido<\/strong><\/p>\n<p>&nbsp;<\/p>\n<p>Este salmo canta la pasi\u00f3n del Se\u00f1or. (S. Agust\u00edn)<\/p>\n<p>&nbsp;<\/p>\n<p>Misericordia, Dios m\u00edo, misericordia,<\/p>\n<p>que mi alma se refugia en ti;<\/p>\n<p>me refugio a la sombra de tus alas<\/p>\n<p>mientras pasa la calamidad.<\/p>\n<p>&nbsp;<\/p>\n<p>Invoco al Dios alt\u00edsimo,<\/p>\n<p>al Dios que hace tanto por m\u00ed:<\/p>\n<p>desde el cielo me enviar\u00e1 la salvaci\u00f3n,<\/p>\n<p>confundir\u00e1 a los que ans\u00edan matarme,<\/p>\n<p>enviar\u00e1 su gracia y su lealtad.<\/p>\n<p>&nbsp;<\/p>\n<p>Estoy echado entre leones<\/p>\n<p>devoradores de hombres;<\/p>\n<p>sus dientes son lanzas y flechas,<\/p>\n<p>su lengua es una espada afilada.<\/p>\n<p>&nbsp;<\/p>\n<p>El\u00e9vate sobre el cielo, Dios m\u00edo,<\/p>\n<p>y llene la tierra tu gloria.<\/p>\n<p>&nbsp;<\/p>\n<p>Han tendido una red a mis pasos<\/p>\n<p>para que sucumbiera;<\/p>\n<p>me han cavado delante una fosa,<\/p>\n<p>pero han ca\u00eddo en ella.<\/p>\n<p>&nbsp;<\/p>\n<p>Mi coraz\u00f3n est\u00e1 firme, Dios m\u00edo,<\/p>\n<p>mi coraz\u00f3n est\u00e1 firme.<\/p>\n<p>Voy a cantar y a tocar:<\/p>\n<p>despierta, gloria m\u00eda;<\/p>\n<p>despertad, c\u00edtara y arpa;<\/p>\n<p>despertar\u00e9 a la aurora.<\/p>\n<p>&nbsp;<\/p>\n<p>Te dar\u00e9 gracias ante los pueblos, Se\u00f1or;<\/p>\n<p>tocar\u00e9 para ti ante las naciones:<\/p>\n<p>por tu bondad, que es m\u00e1s grande que los cielos;<\/p>\n<p>por tu fidelidad, que alcanza a las nubes.<\/p>\n<p>&nbsp;<\/p>\n<p>El\u00e9vate sobre el cielo, Dios m\u00edo,<\/p>\n<p>y llene la tierra tu gloria.<\/p>\n<p>&nbsp;<\/p>\n<p><strong>Ant\u00edfona 2: El Se\u00f1or redimi\u00f3 a su pueblo. Aleluya.<\/strong><\/p>\n<p><strong>\u00a0<\/strong><\/p>\n<p><strong>Ant\u00edfona 3: \u00c9ste es nuestro Dios por siempre jam\u00e1s. Aleluya.<\/strong><\/p>\n<p><strong>\u00a0<\/strong><\/p>\n<p><strong>Lectura Breve<\/strong><\/p>\n<p><strong>Rm 8, 10-11<\/strong><\/p>\n<p>&nbsp;<\/p>\n<p>Si Cristo est\u00e1 en vosotros, aunque vuestro cuerpo haya muerto por causa del pecado, el esp\u00edritu tiene vida por la justificaci\u00f3n. Y si el Esp\u00edritu de aquel que resucit\u00f3 a Jes\u00fas de entre los muertos habita en vosotros, el mismo que resucit\u00f3 a Cristo Jes\u00fas de entre los muertos vivificar\u00e1 tambi\u00e9n vuestros cuerpos mortales por obra de su Esp\u00edritu que habita en vosotros.<\/p>\n<p>&nbsp;<\/p>\n<p><strong>Responsorio Breve<\/strong><\/p>\n<p>En lugar del responsorio breve se dice la siguiente ant\u00edfona: Ant. Este es el d\u00eda en que actu\u00f3 el Se\u00f1or: sea \u00e9l nuestra alegr\u00eda y nuestro gozo. Aleluya.<\/p>\n<p>&nbsp;<\/p>\n<p><strong>Canto Evang\u00e9lico<\/strong><\/p>\n<p><strong>Ant\u00edfona: Se present\u00f3 Jes\u00fas en medio de sus disc\u00edpulos y les dijo: \u00abLa paz sea con vosotros.\u00bb Aleluya.<\/strong><\/p>\n<p><strong>\u00a0<\/strong><\/p>\n<p><strong>Benedictus Lc 1, 68-79<\/strong><\/p>\n<p><strong>\u00a0<\/strong><\/p>\n<p><strong>El Mes\u00edas y su precursor<\/strong><\/p>\n<p>&nbsp;<\/p>\n<p>+ Bendito sea el Se\u00f1or, Dios de Israel,<\/p>\n<p>porque ha visitado y redimido a su pueblo,<\/p>\n<p>suscit\u00e1ndonos una fuerza de salvaci\u00f3n<\/p>\n<p>en la casa de David, su siervo,<\/p>\n<p>seg\u00fan lo hab\u00eda predicho desde antiguo,<\/p>\n<p>por boca de sus santos profetas.<\/p>\n<p>&nbsp;<\/p>\n<p>Es la salvaci\u00f3n que nos libra de nuestros enemigos<\/p>\n<p>y de la mano de todos los que nos odian;<\/p>\n<p>realizando la misericordia<\/p>\n<p>que tuvo con nuestros padres,<\/p>\n<p>recordando su santa alianza<\/p>\n<p>y el juramento que jur\u00f3 a nuestro padre Abrah\u00e1n.<\/p>\n<p>&nbsp;<\/p>\n<p>Para concedernos que, libres de temor,<\/p>\n<p>arrancados de la mano de los enemigos,<\/p>\n<p>le sirvamos con santidad y justicia,<\/p>\n<p>en su presencia, todos nuestros d\u00edas.<\/p>\n<p>&nbsp;<\/p>\n<p>Y a ti, ni\u00f1o, te llamar\u00e1n profeta del Alt\u00edsimo,<\/p>\n<p>porque ir\u00e1s delante del Se\u00f1or<\/p>\n<p>a preparar sus caminos,<\/p>\n<p>anunciando a su pueblo la salvaci\u00f3n,<\/p>\n<p>el perd\u00f3n de sus pecados.<\/p>\n<p>&nbsp;<\/p>\n<p>Por la entra\u00f1able misericordia de nuestro Dios,<\/p>\n<p>nos visitar\u00e1 el sol que nace de lo alto,<\/p>\n<p>para iluminar a los que viven en tinieblas<\/p>\n<p>y en sombra de muerte,<\/p>\n<p>para guiar nuestros pasos<\/p>\n<p>por el camino de la paz.<\/p>\n<p>&nbsp;<\/p>\n<p>Gloria al Padre, y al Hijo, y al Esp\u00edritu Santo.<\/p>\n<p>Como era en el principio, ahora y siempre,<\/p>\n<p>por los siglos de los siglos. Am\u00e9n.<\/p>\n<p>&nbsp;<\/p>\n<p><strong>Preces<\/strong><\/p>\n<p>Glorifiquemos a Cristo resucitado y siempre presente en su Iglesia, y supliqu\u00e9mosle,<\/p>\n<p>diciendo:<\/p>\n<p>Qu\u00e9date con nosotros, Se\u00f1or.<\/p>\n<p>Se\u00f1or Jes\u00fas, vencedor del pecado y de la muerte,<\/p>\n<p>\u2014 permanece en medio de nosotros, t\u00fa que vives por los siglos de los siglos.<\/p>\n<p>Se\u00f1or, ven a nosotros con tu poder invencible,<\/p>\n<p>\u2014 y mu\u00e9stranos la bondad de Dios Padre.<\/p>\n<p>Se\u00f1or, ayuda al mundo abrumado por las discordias,<\/p>\n<p>\u2014 ya que t\u00fa solo tienes el poder de salvar y reconciliar.<\/p>\n<p>Conf\u00edrmanos en la fe de la victoria final,<\/p>\n<p>\u2014 y arraiga en nosotros la esperanza de tu manifestaci\u00f3n gloriosa.<\/p>\n<p>Aqu\u00ed se pueden a\u00f1adir algunas intenciones libres.<\/p>\n<p>Porque Jesucristo nos ha hecho participar de su propia vida, somos hijos de Dios, y por ello nos atrevemos a decir:<\/p>\n<p>&nbsp;<\/p>\n<p><strong>Padre Nuestro<\/strong><\/p>\n<p>Padre nuestro, que est\u00e1s en el cielo,<\/p>\n<p>santificado sea tu nombre,<\/p>\n<p>venga tu reino,<\/p>\n<p>h\u00e1gase tu voluntad en la tierra como en el cielo.<\/p>\n<p>Danos hoy nuestro pan de cada d\u00eda,<\/p>\n<p>perdona nuestras ofensas,<\/p>\n<p>como tambi\u00e9n nosotros perdonamos a los que nos ofenden;<\/p>\n<p>no nos dejes caer en tentaci\u00f3n,<\/p>\n<p>y l\u00edbranos del mal.<\/p>\n<p>&nbsp;<\/p>\n<p><strong>Oraci\u00f3n<\/strong><\/p>\n<p>Oremos:<\/p>\n<p>Oh Dios, que has reunido pueblos diversos en la confesi\u00f3n de tu nombre, concede a los que han renacido en la fuente bautismal una misma fe en su esp\u00edritu y una misma caridad en su vida. Por nuestro Se\u00f1or Jesucristo, tu Hijo, que vive y reina contigo en la unidad del Esp\u00edritu Santo y es Dios, por los siglos de los siglos.<\/p>\n<p>&nbsp;<\/p>\n<p>Am\u00e9n.<\/p>\n<p>&nbsp;<\/p>\n<p><strong>Conclusi\u00f3n<\/strong><\/p>\n<ol>\n<li>El Se\u00f1or nos bendiga, nos guarde de todo mal y nos lleve a la vida eterna.<\/li>\n<li>Am\u00e9n.<\/li>\n<\/ol>\n<p><a href=\"https:\/\/iglesiatijuana.org\/web\/wp-content\/uploads\/2020\/03\/2f9ff682-cf9d-4684-bc3f-4ee13386ed4d-2.jpg\" data-rel=\"lightbox-image-0\" data-rl_title=\"\" data-rl_caption=\"\" title=\"\"><img loading=\"lazy\" decoding=\"async\" class=\"alignnone size-full wp-image-11514\" src=\"https:\/\/iglesiatijuana.org\/web\/wp-content\/uploads\/2020\/03\/2f9ff682-cf9d-4684-bc3f-4ee13386ed4d-2.jpg\" alt=\"\" width=\"1280\" height=\"604\" srcset=\"https:\/\/iglesiatijuana.org\/web\/wp-content\/uploads\/2020\/03\/2f9ff682-cf9d-4684-bc3f-4ee13386ed4d-2.jpg 1280w, https:\/\/iglesiatijuana.org\/web\/wp-content\/uploads\/2020\/03\/2f9ff682-cf9d-4684-bc3f-4ee13386ed4d-2-300x142.jpg 300w, https:\/\/iglesiatijuana.org\/web\/wp-content\/uploads\/2020\/03\/2f9ff682-cf9d-4684-bc3f-4ee13386ed4d-2-768x362.jpg 768w, https:\/\/iglesiatijuana.org\/web\/wp-content\/uploads\/2020\/03\/2f9ff682-cf9d-4684-bc3f-4ee13386ed4d-2-1024x483.jpg 1024w, https:\/\/iglesiatijuana.org\/web\/wp-content\/uploads\/2020\/03\/2f9ff682-cf9d-4684-bc3f-4ee13386ed4d-2-520x245.jpg 520w, https:\/\/iglesiatijuana.org\/web\/wp-content\/uploads\/2020\/03\/2f9ff682-cf9d-4684-bc3f-4ee13386ed4d-2-720x340.jpg 720w\" sizes=\"auto, (max-width: 1280px) 100vw, 1280px\" \/><\/a><\/p>\n","protected":false},"excerpt":{"rendered":"<p>Jueves, 16 de abril de 2020. &nbsp; Se\u00f1or, abre mis labios. Y mi boca proclamar\u00e1 tu alabanza. Dios m\u00edo, ven en mi auxilio. Se\u00f1or, date prisa en socorrerme. Gloria al Padre, y al Hijo,&#46;&#46;&#46;<\/p>\n","protected":false},"author":101012,"featured_media":11514,"comment_status":"closed","ping_status":"closed","sticky":false,"template":"","format":"standard","meta":{"_exactmetrics_skip_tracking":false,"_exactmetrics_sitenote_active":false,"_exactmetrics_sitenote_note":"","_exactmetrics_sitenote_category":0,"footnotes":""},"categories":[68],"tags":[],"class_list":["post-11748","post","type-post","status-publish","format-standard","has-post-thumbnail","hentry","category-liturgia-de-las-horas"],"_links":{"self":[{"href":"https:\/\/iglesiatijuana.org\/web\/wp-json\/wp\/v2\/posts\/11748","targetHints":{"allow":["GET"]}}],"collection":[{"href":"https:\/\/iglesiatijuana.org\/web\/wp-json\/wp\/v2\/posts"}],"about":[{"href":"https:\/\/iglesiatijuana.org\/web\/wp-json\/wp\/v2\/types\/post"}],"author":[{"embeddable":true,"href":"https:\/\/iglesiatijuana.org\/web\/wp-json\/wp\/v2\/users\/101012"}],"replies":[{"embeddable":true,"href":"https:\/\/iglesiatijuana.org\/web\/wp-json\/wp\/v2\/comments?post=11748"}],"version-history":[{"count":1,"href":"https:\/\/iglesiatijuana.org\/web\/wp-json\/wp\/v2\/posts\/11748\/revisions"}],"predecessor-version":[{"id":11749,"href":"https:\/\/iglesiatijuana.org\/web\/wp-json\/wp\/v2\/posts\/11748\/revisions\/11749"}],"wp:featuredmedia":[{"embeddable":true,"href":"https:\/\/iglesiatijuana.org\/web\/wp-json\/wp\/v2\/media\/11514"}],"wp:attachment":[{"href":"https:\/\/iglesiatijuana.org\/web\/wp-json\/wp\/v2\/media?parent=11748"}],"wp:term":[{"taxonomy":"category","embeddable":true,"href":"https:\/\/iglesiatijuana.org\/web\/wp-json\/wp\/v2\/categories?post=11748"},{"taxonomy":"post_tag","embeddable":true,"href":"https:\/\/iglesiatijuana.org\/web\/wp-json\/wp\/v2\/tags?post=11748"}],"curies":[{"name":"wp","href":"https:\/\/api.w.org\/{rel}","templated":true}]}}