{"id":11793,"date":"2020-04-21T06:00:18","date_gmt":"2020-04-21T13:00:18","guid":{"rendered":"https:\/\/iglesiatijuana.org\/web\/?p=11793"},"modified":"2020-04-20T14:47:06","modified_gmt":"2020-04-20T21:47:06","slug":"laudes-martes-ii-semana-de-pascua-2020","status":"publish","type":"post","link":"https:\/\/iglesiatijuana.org\/web\/laudes-martes-ii-semana-de-pascua-2020\/","title":{"rendered":"Laudes &#8211; MARTES II SEMANA DE PASCUA 2020"},"content":{"rendered":"<p>Martes, 21 de abril de 2020<\/p>\n<p>&nbsp;<\/p>\n<ol>\n<li>Se\u00f1or, abre mis labios.<\/li>\n<li>Y mi boca proclamar\u00e1 tu alabanza.<\/li>\n<li>Dios m\u00edo, ven en mi auxilio.<\/li>\n<li>Se\u00f1or, date prisa en socorrerme.<\/li>\n<\/ol>\n<p>Gloria al Padre, y al Hijo, y al Esp\u00edritu Santo. Como era en el principio, ahora y siempre, por los siglos de los siglos. Am\u00e9n. Aleluya.<\/p>\n<p>&nbsp;<\/p>\n<p><strong>Himno 1<\/strong><\/p>\n<p>Ofrezcan los cristianos<\/p>\n<p>ofrendas de alabanza<\/p>\n<p>a gloria de la V\u00edctima<\/p>\n<p>propicia de la Pascua.<\/p>\n<p>Cordero sin pecado<\/p>\n<p>que a las ovejas salva,<\/p>\n<p>a Dios y a los culpables<\/p>\n<p>uni\u00f3 con nueva alianza.<\/p>\n<p>Lucharon vida y muerte<\/p>\n<p>en singular batalla<\/p>\n<p>y, muerto el que es la Vida,<\/p>\n<p>triunfante se levanta.<\/p>\n<p>\u00bfQu\u00e9 has visto de camino,<\/p>\n<p>\u00bfMar\u00eda, en la ma\u00f1ana?<\/p>\n<p>A mi Se\u00f1or glorioso,<\/p>\n<p>&nbsp;<\/p>\n<p>la tumba abandonada,<\/p>\n<p>los \u00e1ngeles testigos,<\/p>\n<p>sudarios y mortaja.<\/p>\n<p>\u00a1Resucit\u00f3 de veras<\/p>\n<p>mi amor y mi esperanza!<\/p>\n<p>Venid a Galilea,<\/p>\n<p>all\u00ed el Se\u00f1or aguarda;<\/p>\n<p>all\u00ed ver\u00e9is los suyos<\/p>\n<p>la gloria de la Pascua.<\/p>\n<p>Primicia de los muertos,<\/p>\n<p>sabemos por tu gracia<\/p>\n<p>que est\u00e1s resucitado;<\/p>\n<p>la muerte en ti no manda.<\/p>\n<p>Rey vencedor, api\u00e1date<\/p>\n<p>de la miseria humana<\/p>\n<p>y da a tus fieles parte<\/p>\n<p>en tu victoria santa. Am\u00e9n. Aleluya<\/p>\n<p>&nbsp;<\/p>\n<p>&nbsp;<\/p>\n<p><strong>Salmodia<\/strong><\/p>\n<p><strong>Ant\u00edfona 1: Os hab\u00e9is acercado al monte Si\u00f3n, ciudad del Dios vivo. Aleluya.<\/strong><\/p>\n<p><strong>\u00a0<\/strong><\/p>\n<p><strong>Salmo 42<\/strong><\/p>\n<p><strong>\u00a0<\/strong><\/p>\n<p><strong>Deseo del templo<\/strong><\/p>\n<p><strong>\u00a0<\/strong><\/p>\n<p><strong>Yo he venido al mundo como luz. (Jn 12,46)<\/strong><\/p>\n<p>&nbsp;<\/p>\n<p>Hazme justicia, oh Dios, defiende mi causa<\/p>\n<p>contra gente sin piedad,<\/p>\n<p>s\u00e1lvame del hombre traidor y malvado.<\/p>\n<p>&nbsp;<\/p>\n<p>T\u00fa eres mi Dios y protector,<\/p>\n<p>\u00bfpor qu\u00e9 me rechazas?,<\/p>\n<p>\u00bfpor qu\u00e9 voy andando sombr\u00edo,<\/p>\n<p>hostigado por mi enemigo?<\/p>\n<p>&nbsp;<\/p>\n<p>Env\u00eda tu luz y tu verdad:<\/p>\n<p>que ellas me gu\u00eden<\/p>\n<p>y me conduzcan hasta tu monte santo,<\/p>\n<p>hasta tu morada.<\/p>\n<p>&nbsp;<\/p>\n<p>Que yo me acerque al altar de Dios,<\/p>\n<p>al Dios de mi alegr\u00eda;<\/p>\n<p>que te d\u00e9 gracias al son de la c\u00edtara,<\/p>\n<p>Dios, Dios m\u00edo.<\/p>\n<p>&nbsp;<\/p>\n<p>\u00bfPor qu\u00e9 te acongojas, alma m\u00eda,<\/p>\n<p>por qu\u00e9 te me turbas?<\/p>\n<p>Espera en Dios, que volver\u00e1s a alabarlo:<\/p>\n<p>\u00abSalud de mi rostro, Dios m\u00edo.\u00bb<\/p>\n<p>&nbsp;<\/p>\n<p><strong>Ant\u00edfona 2: T\u00fa, Se\u00f1or, detuviste mi alma ante la tumba vac\u00eda. Aleluya.<\/strong><\/p>\n<p><strong>\u00a0<\/strong><\/p>\n<p><strong>Is 38,10-14.16b-20<\/strong><\/p>\n<p><strong>\u00a0<\/strong><\/p>\n<p><strong>Angustias de un moribundo y alegr\u00eda de la curaci\u00f3n<\/strong><\/p>\n<p><strong>\u00a0<\/strong><\/p>\n<p><strong>Yo soy el que vive; estaba muerto, y tengo las llaves de la muerte. (Ap 1,18)<\/strong><\/p>\n<p>&nbsp;<\/p>\n<p>Yo pens\u00e9: \u00abEn medio de mis d\u00edas<\/p>\n<p>tengo que marchar hacia las puertas del abismo;<\/p>\n<p>me privan del resto de mis a\u00f1os.\u00bb<\/p>\n<p>&nbsp;<\/p>\n<p>Yo pens\u00e9: \u00abYa no ver\u00e9 m\u00e1s al Se\u00f1or<\/p>\n<p>en la tierra de los vivos,<\/p>\n<p>ya no mirar\u00e9 a los hombres<\/p>\n<p>entre los habitantes del mundo.<\/p>\n<p>&nbsp;<\/p>\n<p>Levantan y enrollan mi vida<\/p>\n<p>como una tienda de pastores.<\/p>\n<p>Como un tejedor, devanaba yo mi vida,<\/p>\n<p>y me cortan la trama.\u00bb<\/p>\n<p>&nbsp;<\/p>\n<p>D\u00eda y noche me est\u00e1s acabando,<\/p>\n<p>sollozo hasta el amanecer.<\/p>\n<p>Me quiebras los huesos como un le\u00f3n,<\/p>\n<p>d\u00eda y noche me est\u00e1s acabando.<\/p>\n<p>&nbsp;<\/p>\n<p>Estoy piando como una golondrina,<\/p>\n<p>gimo como una paloma.<\/p>\n<p>Mis ojos mirando al cielo se consumen:<\/p>\n<p>\u00a1Se\u00f1or, que me oprimen, sal fiador por m\u00ed!<\/p>\n<p>&nbsp;<\/p>\n<p>Me has curado, me has hecho revivir,<\/p>\n<p>la amargura se me volvi\u00f3 paz<\/p>\n<p>cuando detuviste mi alma ante la tumba vac\u00eda<\/p>\n<p>y volviste la espalda a todos mis pecados.<\/p>\n<p>&nbsp;<\/p>\n<p>El abismo no te da gracias,<\/p>\n<p>ni la muerte te alaba,<\/p>\n<p>ni esperan en tu fidelidad<\/p>\n<p>los que bajan a la fosa.<\/p>\n<p>&nbsp;<\/p>\n<p>Los vivos, los vivos son quienes te alaban:<\/p>\n<p>como yo ahora.<\/p>\n<p>El padre ense\u00f1a a sus hijos tu fidelidad.<\/p>\n<p>&nbsp;<\/p>\n<p>S\u00e1lvame, Se\u00f1or, y tocaremos nuestras arpas<\/p>\n<p>todos nuestros d\u00edas en la casa del Se\u00f1or.<\/p>\n<p>&nbsp;<\/p>\n<p><strong>Ant\u00edfona 3: T\u00fa has cuidado de nuestra tierra y la has enriquecido sin medida. Aleluya.<\/strong><\/p>\n<p><strong>\u00a0<\/strong><\/p>\n<p><strong>Salmo 64<\/strong><\/p>\n<p><strong>\u00a0<\/strong><\/p>\n<p><strong>Solemne acci\u00f3n de gracias<\/strong><\/p>\n<p><strong>\u00a0<\/strong><\/p>\n<p><strong>Cuando se habla de Si\u00f3n debe entenderse de la ciudad eterna. (Or\u00edgenes)<\/strong><\/p>\n<p><strong>\u00a0<\/strong><\/p>\n<p>Oh Dios, t\u00fa mereces un himno en Si\u00f3n,<\/p>\n<p>+ y a ti se te cumplen los votos,<\/p>\n<p>porque t\u00fa escuchas las s\u00faplicas.<\/p>\n<p>&nbsp;<\/p>\n<p>A ti acude todo mortal<\/p>\n<p>a causa de sus culpas;<\/p>\n<p>nuestros delitos nos abruman,<\/p>\n<p>pero t\u00fa los perdonas.<\/p>\n<p>&nbsp;<\/p>\n<p>Dichoso el que t\u00fa eliges y acercas<\/p>\n<p>para que viva en tus atrios:<\/p>\n<p>que nos saciemos de los bienes de tu casa,<\/p>\n<p>de los dones sagrados de tu templo.<\/p>\n<p>&nbsp;<\/p>\n<p>Con portentos de justicia nos respondes,<\/p>\n<p>Dios, salvador nuestro;<\/p>\n<p>t\u00fa, esperanza del conf\u00edn de la tierra<\/p>\n<p>y del oc\u00e9ano remoto;<\/p>\n<p>&nbsp;<\/p>\n<p>t\u00fa que afianzas los montes con tu fuerza,<\/p>\n<p>ce\u00f1ido de poder;<\/p>\n<p>t\u00fa que reprimes el estruendo del mar,<\/p>\n<p>el estruendo de las olas<\/p>\n<p>y el tumulto de los pueblos.<\/p>\n<p>&nbsp;<\/p>\n<p>Los habitantes del extremo del orbe<\/p>\n<p>se sobrecogen ante tus signos,<\/p>\n<p>y a las puertas de la aurora y del ocaso<\/p>\n<p>las llenas de j\u00fabilo.<\/p>\n<p>&nbsp;<\/p>\n<p>T\u00fa cuidas de la tierra, la riegas<\/p>\n<p>y la enriqueces sin medida;<\/p>\n<p>la acequia de Dios va llena de agua,<\/p>\n<p>preparas los trigales;<\/p>\n<p>&nbsp;<\/p>\n<p>riegas los surcos, igualas los terrones,<\/p>\n<p>tu llovizna los deja mullidos,<\/p>\n<p>bendices sus brotes;<\/p>\n<p>coronas el a\u00f1o con tus bienes,<\/p>\n<p>tus carriles rezuman abundancia;<\/p>\n<p>&nbsp;<\/p>\n<p>rezuman los pastos del p\u00e1ramo,<\/p>\n<p>y las colinas se orlan de alegr\u00eda;<\/p>\n<p>las praderas se cubren de reba\u00f1os,<\/p>\n<p>y los valles se visten de mieses,<\/p>\n<p>que aclaman y cantan.<\/p>\n<p>&nbsp;<\/p>\n<p><strong>Lectura Breve<\/strong><\/p>\n<p><strong>Hch 13, 30-33<\/strong><\/p>\n<p>&nbsp;<\/p>\n<p>Dios resucit\u00f3 a Jes\u00fas de entre los muertos. Y durante muchos d\u00edas se apareci\u00f3 a los que con \u00e9l hab\u00edan subido de Galilea a Jerusal\u00e9n: \u00e9stos, efectivamente, dan ahora testimonio de \u00e9l ante el pueblo. Y nosotros os damos la buena nueva: la promesa que Dios hizo a nuestros padres la ha cumplido \u00e9l ahora con nosotros, sus hijos, resucitando a Jes\u00fas, seg\u00fan est\u00e1 escrito en el salmo segundo: \u00abT\u00fa eres mi Hijo; yo te he engendrado hoy.\u00bb<\/p>\n<p>&nbsp;<\/p>\n<p><strong>Responsorio Breve<\/strong><\/p>\n<ol>\n<li>El Se\u00f1or ha resucitado del sepulcro. Aleluya, aleluya,<\/li>\n<li>El Se\u00f1or ha resucitado del sepulcro. Aleluya, aleluya.<\/li>\n<li>El que por nosotros colg\u00f3 del madero.<\/li>\n<li>Aleluya, aleluya.<\/li>\n<li>Gloria al Padre, y al Hijo, y al Esp\u00edritu Santo.<\/li>\n<li>El Se\u00f1or ha resucitado del sepulcro. Aleluya, aleluya.<\/li>\n<\/ol>\n<p>&nbsp;<\/p>\n<p><strong>Canto Evang\u00e9lico<\/strong><\/p>\n<p><strong>Ant\u00edfona: Yo soy el alfa y la omega, el primero y el \u00faltimo; yo soy el v\u00e1stago y la descendencia de David, el lucero radiante de la ma\u00f1ana. Aleluya.<\/strong><\/p>\n<p><strong>\u00a0<\/strong><\/p>\n<p><strong>Benedictus Lc 1, 68-79<\/strong><\/p>\n<p><strong>\u00a0<\/strong><\/p>\n<p><strong>El Mes\u00edas y su precursor<\/strong><\/p>\n<p>&nbsp;<\/p>\n<p>+ Bendito sea el Se\u00f1or, Dios de Israel,<\/p>\n<p>porque ha visitado y redimido a su pueblo,<\/p>\n<p>suscit\u00e1ndonos una fuerza de salvaci\u00f3n<\/p>\n<p>en la casa de David, su siervo,<\/p>\n<p>seg\u00fan lo hab\u00eda predicho desde antiguo,<\/p>\n<p>por boca de sus santos profetas.<\/p>\n<p>&nbsp;<\/p>\n<p>Es la salvaci\u00f3n que nos libra de nuestros enemigos<\/p>\n<p>y de la mano de todos los que nos odian;<\/p>\n<p>realizando la misericordia<\/p>\n<p>que tuvo con nuestros padres,<\/p>\n<p>recordando su santa alianza<\/p>\n<p>y el juramento que jur\u00f3 a nuestro padre Abrah\u00e1n.<\/p>\n<p>&nbsp;<\/p>\n<p>Para concedernos que, libres de temor,<\/p>\n<p>arrancados de la mano de los enemigos,<\/p>\n<p>le sirvamos con santidad y justicia,<\/p>\n<p>en su presencia, todos nuestros d\u00edas.<\/p>\n<p>&nbsp;<\/p>\n<p>Y a ti, ni\u00f1o, te llamar\u00e1n profeta del Alt\u00edsimo,<\/p>\n<p>porque ir\u00e1s delante del Se\u00f1or<\/p>\n<p>a preparar sus caminos,<\/p>\n<p>anunciando a su pueblo la salvaci\u00f3n,<\/p>\n<p>el perd\u00f3n de sus pecados.<\/p>\n<p>&nbsp;<\/p>\n<p>Por la entra\u00f1able misericordia de nuestro Dios,<\/p>\n<p>nos visitar\u00e1 el sol que nace de lo alto,<\/p>\n<p>para iluminar a los que viven en tinieblas<\/p>\n<p>y en sombra de muerte,<\/p>\n<p>para guiar nuestros pasos<\/p>\n<p>por el camino de la paz.<\/p>\n<p>&nbsp;<\/p>\n<p>Gloria al Padre, y al Hijo, y al Esp\u00edritu Santo.<\/p>\n<p>Como era en el principio, ahora y siempre,<\/p>\n<p>por los siglos de los siglos. Am\u00e9n.<\/p>\n<p>&nbsp;<\/p>\n<p><strong>Preces<\/strong><\/p>\n<p>Oremos agradecidos a Dios, Padre de nuestro Se\u00f1or Jesucristo, el Cordero inmaculado que quit\u00f3 el pecado del mundo y nos comunica su vida nueva, y dig\u00e1mosle: Autor de la vida, vivif\u00edcanos. Dios, autor de la vida, acu\u00e9rdate de la muerte y resurrecci\u00f3n del Cordero inmolado en la cruz,<\/p>\n<p>\u2014 y atiende su continua intercesi\u00f3n por nosotros.<\/p>\n<p>Haz, Se\u00f1or, que, tirada fuera la vieja levadura de la malicia y de la perversidad,<\/p>\n<p>\u2014 vivamos la Pascua de Cristo con panes \u00e1zimos de pureza y de verdad.<\/p>\n<p>Que sepamos rechazar hoy el pecado de discordia y de envidia,<\/p>\n<p>\u2014 y seamos m\u00e1s sensibles a las necesidades de nuestros hermanos.<\/p>\n<p>Conc\u00e9denos vivir aut\u00e9nticamente el esp\u00edritu evang\u00e9lico,<\/p>\n<p>\u2014 para que hoy y siempre sigamos el camino de tus mandatos.<\/p>\n<p>Aqu\u00ed se pueden a\u00f1adir algunas intenciones libres.<\/p>\n<p>&nbsp;<\/p>\n<p>Porque deseamos que la luz de Cristo alumbre a todos los hombres, pidamos al Padre que su reino llegue a nosotros:<\/p>\n<p><strong>\u00a0<\/strong><\/p>\n<p><strong>Padre Nuestro<\/strong><\/p>\n<p>Padre nuestro, que est\u00e1s en el cielo,<\/p>\n<p>santificado sea tu nombre,<\/p>\n<p>venga tu reino,<\/p>\n<p>h\u00e1gase tu voluntad en la tierra como en el cielo.<\/p>\n<p>Danos hoy nuestro pan de cada d\u00eda,<\/p>\n<p>perdona nuestras ofensas,<\/p>\n<p>como tambi\u00e9n nosotros perdonamos a los que nos ofenden;<\/p>\n<p>no nos dejes caer en tentaci\u00f3n,<\/p>\n<p>y l\u00edbranos del mal.<\/p>\n<p>&nbsp;<\/p>\n<p><strong>Oraci\u00f3n<\/strong><\/p>\n<p>Oremos:<\/p>\n<p>Te pedimos, Se\u00f1or, que nos hagas capaces de anunciar la victoria de Cristo resucitado, y pues en ella nos has dado la prenda de los dones futuros, haz que un d\u00eda los poseamos en plenitud. Por nuestro Se\u00f1or Jesucristo, tu Hijo, que vive y reina contigo en la unidad del Esp\u00edritu Santo y es Dios, por los siglos de los siglos.<\/p>\n<p>&nbsp;<\/p>\n<p>Am\u00e9n.<\/p>\n<p>&nbsp;<\/p>\n<p><strong>Conclusi\u00f3n<\/strong><\/p>\n<ol>\n<li>El Se\u00f1or nos bendiga, nos guarde de todo mal y nos lleve a la vida eterna.<\/li>\n<li>Am\u00e9n.<\/li>\n<\/ol>\n<p><a href=\"https:\/\/iglesiatijuana.org\/web\/wp-content\/uploads\/2020\/04\/2f9ff682-cf9d-4684-bc3f-4ee13386ed4d.jpg\" data-rel=\"lightbox-image-0\" data-rl_title=\"\" data-rl_caption=\"\" title=\"\"><img loading=\"lazy\" decoding=\"async\" class=\"alignnone size-full wp-image-11776\" src=\"https:\/\/iglesiatijuana.org\/web\/wp-content\/uploads\/2020\/04\/2f9ff682-cf9d-4684-bc3f-4ee13386ed4d.jpg\" alt=\"\" width=\"1280\" height=\"604\" srcset=\"https:\/\/iglesiatijuana.org\/web\/wp-content\/uploads\/2020\/04\/2f9ff682-cf9d-4684-bc3f-4ee13386ed4d.jpg 1280w, https:\/\/iglesiatijuana.org\/web\/wp-content\/uploads\/2020\/04\/2f9ff682-cf9d-4684-bc3f-4ee13386ed4d-300x142.jpg 300w, https:\/\/iglesiatijuana.org\/web\/wp-content\/uploads\/2020\/04\/2f9ff682-cf9d-4684-bc3f-4ee13386ed4d-768x362.jpg 768w, https:\/\/iglesiatijuana.org\/web\/wp-content\/uploads\/2020\/04\/2f9ff682-cf9d-4684-bc3f-4ee13386ed4d-1024x483.jpg 1024w, https:\/\/iglesiatijuana.org\/web\/wp-content\/uploads\/2020\/04\/2f9ff682-cf9d-4684-bc3f-4ee13386ed4d-520x245.jpg 520w, https:\/\/iglesiatijuana.org\/web\/wp-content\/uploads\/2020\/04\/2f9ff682-cf9d-4684-bc3f-4ee13386ed4d-720x340.jpg 720w\" sizes=\"auto, (max-width: 1280px) 100vw, 1280px\" \/><\/a><\/p>\n","protected":false},"excerpt":{"rendered":"<p>Martes, 21 de abril de 2020 &nbsp; Se\u00f1or, abre mis labios. Y mi boca proclamar\u00e1 tu alabanza. Dios m\u00edo, ven en mi auxilio. Se\u00f1or, date prisa en socorrerme. Gloria al Padre, y al Hijo,&#46;&#46;&#46;<\/p>\n","protected":false},"author":101012,"featured_media":11776,"comment_status":"closed","ping_status":"closed","sticky":false,"template":"","format":"standard","meta":{"_exactmetrics_skip_tracking":false,"_exactmetrics_sitenote_active":false,"_exactmetrics_sitenote_note":"","_exactmetrics_sitenote_category":0,"footnotes":""},"categories":[68],"tags":[],"class_list":["post-11793","post","type-post","status-publish","format-standard","has-post-thumbnail","hentry","category-liturgia-de-las-horas"],"_links":{"self":[{"href":"https:\/\/iglesiatijuana.org\/web\/wp-json\/wp\/v2\/posts\/11793","targetHints":{"allow":["GET"]}}],"collection":[{"href":"https:\/\/iglesiatijuana.org\/web\/wp-json\/wp\/v2\/posts"}],"about":[{"href":"https:\/\/iglesiatijuana.org\/web\/wp-json\/wp\/v2\/types\/post"}],"author":[{"embeddable":true,"href":"https:\/\/iglesiatijuana.org\/web\/wp-json\/wp\/v2\/users\/101012"}],"replies":[{"embeddable":true,"href":"https:\/\/iglesiatijuana.org\/web\/wp-json\/wp\/v2\/comments?post=11793"}],"version-history":[{"count":1,"href":"https:\/\/iglesiatijuana.org\/web\/wp-json\/wp\/v2\/posts\/11793\/revisions"}],"predecessor-version":[{"id":11794,"href":"https:\/\/iglesiatijuana.org\/web\/wp-json\/wp\/v2\/posts\/11793\/revisions\/11794"}],"wp:featuredmedia":[{"embeddable":true,"href":"https:\/\/iglesiatijuana.org\/web\/wp-json\/wp\/v2\/media\/11776"}],"wp:attachment":[{"href":"https:\/\/iglesiatijuana.org\/web\/wp-json\/wp\/v2\/media?parent=11793"}],"wp:term":[{"taxonomy":"category","embeddable":true,"href":"https:\/\/iglesiatijuana.org\/web\/wp-json\/wp\/v2\/categories?post=11793"},{"taxonomy":"post_tag","embeddable":true,"href":"https:\/\/iglesiatijuana.org\/web\/wp-json\/wp\/v2\/tags?post=11793"}],"curies":[{"name":"wp","href":"https:\/\/api.w.org\/{rel}","templated":true}]}}