{"id":11795,"date":"2020-04-21T16:00:19","date_gmt":"2020-04-21T23:00:19","guid":{"rendered":"https:\/\/iglesiatijuana.org\/web\/?p=11795"},"modified":"2020-04-20T14:48:39","modified_gmt":"2020-04-20T21:48:39","slug":"visperas-martes-ii-semana-de-pascua-2020","status":"publish","type":"post","link":"https:\/\/iglesiatijuana.org\/web\/visperas-martes-ii-semana-de-pascua-2020\/","title":{"rendered":"V\u00edsperas &#8211; MARTES II SEMANA DE PASCUA 2020"},"content":{"rendered":"<p>Martes, 21 de abril de 2020<\/p>\n<p>&nbsp;<\/p>\n<ol>\n<li>Dios m\u00edo, ven en mi auxilio.<\/li>\n<li>Se\u00f1or, date prisa en socorrerme.<\/li>\n<\/ol>\n<p>Gloria al Padre, y al Hijo, y al Esp\u00edritu Santo. Como era en el principio, ahora y siempre, por los siglos de los siglos. Am\u00e9n. Aleluya.<\/p>\n<p>&nbsp;<\/p>\n<p><strong>Himno 1<\/strong><\/p>\n<p>Nuestra Pascua inmolada, aleluya,<\/p>\n<p>es Cristo el Se\u00f1or, aleluya, aleluya.<\/p>\n<p>Pascua sagrada, \u00a1oh fiesta universal!,<\/p>\n<p>el mundo renovado<\/p>\n<p>canta un himno a su Se\u00f1or.<\/p>\n<p>Pascua sagrada, \u00a1victoria de la cruz!<\/p>\n<p>La muerte, derrotada,<\/p>\n<p>ha perdido su aguij\u00f3n.<\/p>\n<p>Pascua sagrada,<\/p>\n<p>&nbsp;<\/p>\n<p>\u00a1oh noche bautismal!<\/p>\n<p>Del seno de las aguas<\/p>\n<p>renacemos al Se\u00f1or.<\/p>\n<p>Pascua sagrada, \u00a1eterna novedad!<\/p>\n<p>Dejad al hombre viejo,<\/p>\n<p>revest\u00edos del Se\u00f1or.<\/p>\n<p>Pascua sagrada. La sala del fest\u00edn<\/p>\n<p>se llena de invitados<\/p>\n<p>que celebran al Se\u00f1or.<\/p>\n<p>Pascua sagrada, \u00a1Cantemos al Se\u00f1or!<\/p>\n<p>Vivamos la alegr\u00eda<\/p>\n<p>dada a luz en el dolor.<\/p>\n<p>&nbsp;<\/p>\n<p><strong>Salmodia<\/strong><\/p>\n<p><strong>Ant\u00edfona 1: Buscad los bienes de all\u00e1 arriba, no los de la tierra. Aleluya.<\/strong><\/p>\n<p><strong>\u00a0<\/strong><\/p>\n<p><strong>Salmo 48,2-13<\/strong><\/p>\n<p><strong>\u00a0<\/strong><\/p>\n<p><strong>Vanidad de las riquezas<\/strong><\/p>\n<p><strong>\u00a0<\/strong><\/p>\n<p><strong>Dif\u00edcilmente entrar\u00e1 un rico en el reino de los cielos. (Mt 19,23)<\/strong><\/p>\n<p><strong>\u00a0<\/strong><\/p>\n<p>O\u00edd esto, todas las naciones;<\/p>\n<p>escuchadlo, habitantes del orbe:<\/p>\n<p>plebeyos y nobles, ricos y pobres;<\/p>\n<p>&nbsp;<\/p>\n<p>mi boca hablar\u00e1 sabiamente,<\/p>\n<p>y ser\u00e1n muy sensatas mis reflexiones;<\/p>\n<p>prestar\u00e9 o\u00eddo al proverbio<\/p>\n<p>y propondr\u00e9 mi problema al son de la c\u00edtara.<\/p>\n<p>&nbsp;<\/p>\n<p>\u00bfPor qu\u00e9 habr\u00e9 de temer los d\u00edas aciagos,<\/p>\n<p>cuando me cerquen y acechen los malvados,<\/p>\n<p>que conf\u00edan en su opulencia<\/p>\n<p>y se jactan de sus inmensas riquezas,<\/p>\n<p>si nadie puede salvarse<\/p>\n<p>ni dar a Dios un rescate?<\/p>\n<p>&nbsp;<\/p>\n<p>Es tan caro el rescate de la vida,<\/p>\n<p>que nunca les bastar\u00e1<\/p>\n<p>para vivir perpetuamente<\/p>\n<p>sin bajar a la fosa.<\/p>\n<p>&nbsp;<\/p>\n<p>Mirad: los sabios mueren,<\/p>\n<p>lo mismo que perecen los ignorantes y necios,<\/p>\n<p>y legan sus riquezas a extra\u00f1os.<\/p>\n<p>&nbsp;<\/p>\n<p>El sepulcro es su morada perpetua<\/p>\n<p>y su casa de edad en edad,<\/p>\n<p>aunque hayan dado nombre a pa\u00edses.<\/p>\n<p>&nbsp;<\/p>\n<p>El hombre no perdura en la opulencia,<\/p>\n<p>sino que perece como los animales.<\/p>\n<p>&nbsp;<\/p>\n<p><strong>Ant\u00edfona 2: El Se\u00f1or me salva de las garras del abismo. Aleluya.<\/strong><\/p>\n<p><strong>\u00a0<\/strong><\/p>\n<p><strong>Salmo 48,14-21<\/strong><\/p>\n<p>&nbsp;<\/p>\n<p>\u00c9ste es el camino de los confiados,<\/p>\n<p>el destino de los hombres satisfechos:<\/p>\n<p>son un reba\u00f1o para el abismo,<\/p>\n<p>la muerte es su pastor,<\/p>\n<p>y bajan derechos a la tumba;<\/p>\n<p>se desvanece su figura,<\/p>\n<p>y el abismo es su casa.<\/p>\n<p>&nbsp;<\/p>\n<p>Pero a m\u00ed, Dios me salva,<\/p>\n<p>me saca de las garras del abismo<\/p>\n<p>y me lleva consigo.<\/p>\n<p>&nbsp;<\/p>\n<p>No te preocupes si se enriquece un hombre<\/p>\n<p>y aumenta el fasto de su casa:<\/p>\n<p>cuando muera, no se llevar\u00e1 nada,<\/p>\n<p>su fasto no bajar\u00e1 con \u00e9l.<\/p>\n<p>&nbsp;<\/p>\n<p>Aunque en vida se felicitaba:<\/p>\n<p>\u00abPonderan lo bien que lo pasas\u00bb,<\/p>\n<p>ir\u00e1 a reunirse con sus antepasados,<\/p>\n<p>que no ver\u00e1n nunca la luz.<\/p>\n<p>&nbsp;<\/p>\n<p>El hombre rico e inconsciente<\/p>\n<p>es como un animal que perece.<\/p>\n<p>&nbsp;<\/p>\n<p><strong>Ant\u00edfona 3: Tuyos son, Se\u00f1or, la grandeza y el poder, la gloria y el esplendor. Aleluya.<\/strong><\/p>\n<p><strong>\u00a0<\/strong><\/p>\n<p><strong>Ap 4,11;5,9.10.12<\/strong><\/p>\n<p><strong>\u00a0<\/strong><\/p>\n<p><strong>Himno de los redimidos<\/strong><\/p>\n<p>&nbsp;<\/p>\n<p>Eres digno, Se\u00f1or, Dios nuestro,<\/p>\n<p>de recibir la gloria, el honor y el poder,<\/p>\n<p>porque t\u00fa has creado el universo;<\/p>\n<p>porque por tu voluntad lo que no exist\u00eda fue creado.<\/p>\n<p>&nbsp;<\/p>\n<p>Eres digno de tomar el libro y abrir sus sellos,<\/p>\n<p>porque fuiste degollado<\/p>\n<p>y con tu sangre compraste para Dios<\/p>\n<p>hombres de toda raza, lengua, pueblo y naci\u00f3n;<\/p>\n<p>y has hecho de ellos para nuestro Dios<\/p>\n<p>un reino de sacerdotes,<\/p>\n<p>y reinan sobre la tierra.<\/p>\n<p>&nbsp;<\/p>\n<p>Digno es el Cordero degollado<\/p>\n<p>de recibir el poder, la riqueza, la sabidur\u00eda,<\/p>\n<p>la fuerza, el honor, la gloria, y la alabanza.<\/p>\n<p>&nbsp;<\/p>\n<p><strong>Lectura Breve<\/strong><\/p>\n<p><strong>1 Pe 2, 4-5<\/strong><\/p>\n<p>&nbsp;<\/p>\n<p>Acerc\u00e1ndoos al Se\u00f1or, la piedra viva, rechazada por los hombres, pero escogida y<\/p>\n<p>apreciada por Dios, tambi\u00e9n vosotros, como piedras vivas, entr\u00e1is en la construcci\u00f3n del templo del Esp\u00edritu, formando un sacerdocio sagrado, para ofrecer sacrificios espirituales que Dios acepta por Jesucristo.<\/p>\n<p><strong>\u00a0<\/strong><\/p>\n<p><strong>Responsorio Breve<\/strong><\/p>\n<ol>\n<li>Los disc\u00edpulos se llenaron de alegr\u00eda. Aleluya, aleluya.<\/li>\n<li>Los disc\u00edpulos se llenaron de alegr\u00eda. Aleluya, aleluya.<\/li>\n<li>Al ver al Se\u00f1or.<\/li>\n<li>Aleluya, aleluya.<\/li>\n<li>Gloria al Padre, y al Hijo, y al Esp\u00edritu Santo.<\/li>\n<li>Los disc\u00edpulos se llenaron de alegr\u00eda. Aleluya, aleluya.<\/li>\n<\/ol>\n<p>&nbsp;<\/p>\n<p><strong>Canto Evang\u00e9lico<\/strong><\/p>\n<p><strong>Ant\u00edfona: \u00bfVerdad que nuestros corazones ard\u00edan dentro de nosotros, mientras nos hablaba Jes\u00fas en el camino? Aleluya.<\/strong><\/p>\n<p><strong>\u00a0<\/strong><\/p>\n<p><strong>Magn\u00edficat Lc 1, 46-55<\/strong><\/p>\n<p><strong>\u00a0<\/strong><\/p>\n<p><strong>Alegr\u00eda del alma en el Se\u00f1or<\/strong><\/p>\n<p>&nbsp;<\/p>\n<p>Proclama mi alma la grandeza del Se\u00f1or,<\/p>\n<p>se alegra mi esp\u00edritu en Dios, mi salvador;<\/p>\n<p>porque ha mirado la humillaci\u00f3n de su esclava.<\/p>\n<p>&nbsp;<\/p>\n<p>Desde ahora me felicitar\u00e1n todas las generaciones,<\/p>\n<p>porque el Poderoso ha hecho obras grandes por m\u00ed:<\/p>\n<p>su nombre es santo,<\/p>\n<p>y su misericordia llega a sus fieles<\/p>\n<p>de generaci\u00f3n en generaci\u00f3n.<\/p>\n<p>&nbsp;<\/p>\n<p>\u00c9l hace proezas con su brazo:<\/p>\n<p>dispersa a los soberbios de coraz\u00f3n,<\/p>\n<p>derriba del trono a los poderosos<\/p>\n<p>y enaltece a los humildes,<\/p>\n<p>a los hambrientos los colma de bienes<\/p>\n<p>y a los ricos los despide vac\u00edos.<\/p>\n<p>&nbsp;<\/p>\n<p>Auxilia a Israel, su siervo,<\/p>\n<p>acord\u00e1ndose de la misericordia<\/p>\n<p>\u2014como lo hab\u00eda prometido a nuestros padres\u2014<\/p>\n<p>en favor de Abrah\u00e1n y su descendencia por siempre.<\/p>\n<p>&nbsp;<\/p>\n<p>Gloria al Padre, y al Hijo, y al Esp\u00edritu Santo.<\/p>\n<p>Como era en el principio, ahora y siempre,<\/p>\n<p>por los siglos de los siglos. Am\u00e9n.<\/p>\n<p>&nbsp;<\/p>\n<p><strong>Preces<\/strong><\/p>\n<p>Invoquemos a Cristo, que con su resurrecci\u00f3n ha reanimado la esperanza de su pueblo, y dig\u00e1mosle:<\/p>\n<p>Se\u00f1or Jes\u00fas, t\u00fa que siempre vives para interceder por nosotros, esc\u00fachanos.<\/p>\n<p>Se\u00f1or Jes\u00fas, de cuyo costado abierto sali\u00f3 sangre y agua,<\/p>\n<p>\u2014 haz de la Iglesia tu esposa inmaculada.<\/p>\n<p>Pastor supremo de la Iglesia, que despu\u00e9s de tu resurrecci\u00f3n encomendaste a Pedro, al confesarte su amor, el cuidado de tus ovejas,<\/p>\n<p>\u2014 concede al papa N. un amor ardiente y un celo apost\u00f3lico.<\/p>\n<p>T\u00fa que concediste una pesca abundante a los disc\u00edpulos que pescaban en el mar,<\/p>\n<p>\u2014 env\u00eda operarios que contin\u00faen su trabajo apost\u00f3lico.<\/p>\n<p>T\u00fa que preparaste a la orilla del mar el pan y los peces para los disc\u00edpulos,<\/p>\n<p>\u2014 no permitas que nuestros hermanos mueran de hambre por culpa nuestra.<\/p>\n<p>Aqu\u00ed se pueden a\u00f1adir algunas intenciones libres.<\/p>\n<p>Se\u00f1or Jes\u00fas, nuevo Ad\u00e1n, que nos das la vida, transforma a nuestros difuntos a imagen tuya.<\/p>\n<p>\u2014 para que compartan contigo la alegr\u00eda de tu reino,<\/p>\n<p>Sinti\u00e9ndonos verdaderos hijos de Dios, digamos a nuestro Padre:<\/p>\n<p>&nbsp;<\/p>\n<p><strong>Padre Nuestro<\/strong><\/p>\n<p>Padre nuestro, que est\u00e1s en el cielo,<\/p>\n<p>santificado sea tu nombre,<\/p>\n<p>venga tu reino,<\/p>\n<p>h\u00e1gase tu voluntad en la tierra como en el cielo.<\/p>\n<p>Danos hoy nuestro pan de cada d\u00eda,<\/p>\n<p>perdona nuestras ofensas,<\/p>\n<p>como tambi\u00e9n nosotros perdonamos a los que nos ofenden;<\/p>\n<p>no nos dejes caer en tentaci\u00f3n,<\/p>\n<p>y l\u00edbranos del mal.<\/p>\n<p>&nbsp;<\/p>\n<p><strong>Oraci\u00f3n<\/strong><\/p>\n<p>Te pedimos, Se\u00f1or, que nos hagas capaces de anunciar la victoria de Cristo resucitado, y pues en ella nos has dado la prenda de los dones futuros, haz que un d\u00eda los poseamos en plenitud. Por nuestro Se\u00f1or Jesucristo, tu Hijo, que vive y reina contigo en la unidad del Esp\u00edritu Santo y es Dios, por los siglos de los siglos.<\/p>\n<p>&nbsp;<\/p>\n<p>Am\u00e9n.<\/p>\n<p>&nbsp;<\/p>\n<p><strong>Conclusi\u00f3n<\/strong><\/p>\n<ol>\n<li>El Se\u00f1or nos bendiga, nos guarde de todo mal y nos lleve a la vida eterna.<\/li>\n<li>Am\u00e9n.<\/li>\n<\/ol>\n<p><a href=\"https:\/\/iglesiatijuana.org\/web\/wp-content\/uploads\/2020\/04\/2f9ff682-cf9d-4684-bc3f-4ee13386ed4d.jpg\" data-rel=\"lightbox-image-0\" data-rl_title=\"\" data-rl_caption=\"\" title=\"\"><img loading=\"lazy\" decoding=\"async\" class=\"alignnone size-full wp-image-11776\" src=\"https:\/\/iglesiatijuana.org\/web\/wp-content\/uploads\/2020\/04\/2f9ff682-cf9d-4684-bc3f-4ee13386ed4d.jpg\" alt=\"\" width=\"1280\" height=\"604\" srcset=\"https:\/\/iglesiatijuana.org\/web\/wp-content\/uploads\/2020\/04\/2f9ff682-cf9d-4684-bc3f-4ee13386ed4d.jpg 1280w, https:\/\/iglesiatijuana.org\/web\/wp-content\/uploads\/2020\/04\/2f9ff682-cf9d-4684-bc3f-4ee13386ed4d-300x142.jpg 300w, https:\/\/iglesiatijuana.org\/web\/wp-content\/uploads\/2020\/04\/2f9ff682-cf9d-4684-bc3f-4ee13386ed4d-768x362.jpg 768w, https:\/\/iglesiatijuana.org\/web\/wp-content\/uploads\/2020\/04\/2f9ff682-cf9d-4684-bc3f-4ee13386ed4d-1024x483.jpg 1024w, https:\/\/iglesiatijuana.org\/web\/wp-content\/uploads\/2020\/04\/2f9ff682-cf9d-4684-bc3f-4ee13386ed4d-520x245.jpg 520w, https:\/\/iglesiatijuana.org\/web\/wp-content\/uploads\/2020\/04\/2f9ff682-cf9d-4684-bc3f-4ee13386ed4d-720x340.jpg 720w\" sizes=\"auto, (max-width: 1280px) 100vw, 1280px\" \/><\/a><\/p>\n","protected":false},"excerpt":{"rendered":"<p>Martes, 21 de abril de 2020 &nbsp; Dios m\u00edo, ven en mi auxilio. Se\u00f1or, date prisa en socorrerme. Gloria al Padre, y al Hijo, y al Esp\u00edritu Santo. Como era en el principio, ahora&#46;&#46;&#46;<\/p>\n","protected":false},"author":101012,"featured_media":11776,"comment_status":"closed","ping_status":"closed","sticky":false,"template":"","format":"standard","meta":{"_exactmetrics_skip_tracking":false,"_exactmetrics_sitenote_active":false,"_exactmetrics_sitenote_note":"","_exactmetrics_sitenote_category":0,"footnotes":""},"categories":[68],"tags":[],"class_list":["post-11795","post","type-post","status-publish","format-standard","has-post-thumbnail","hentry","category-liturgia-de-las-horas"],"_links":{"self":[{"href":"https:\/\/iglesiatijuana.org\/web\/wp-json\/wp\/v2\/posts\/11795","targetHints":{"allow":["GET"]}}],"collection":[{"href":"https:\/\/iglesiatijuana.org\/web\/wp-json\/wp\/v2\/posts"}],"about":[{"href":"https:\/\/iglesiatijuana.org\/web\/wp-json\/wp\/v2\/types\/post"}],"author":[{"embeddable":true,"href":"https:\/\/iglesiatijuana.org\/web\/wp-json\/wp\/v2\/users\/101012"}],"replies":[{"embeddable":true,"href":"https:\/\/iglesiatijuana.org\/web\/wp-json\/wp\/v2\/comments?post=11795"}],"version-history":[{"count":1,"href":"https:\/\/iglesiatijuana.org\/web\/wp-json\/wp\/v2\/posts\/11795\/revisions"}],"predecessor-version":[{"id":11796,"href":"https:\/\/iglesiatijuana.org\/web\/wp-json\/wp\/v2\/posts\/11795\/revisions\/11796"}],"wp:featuredmedia":[{"embeddable":true,"href":"https:\/\/iglesiatijuana.org\/web\/wp-json\/wp\/v2\/media\/11776"}],"wp:attachment":[{"href":"https:\/\/iglesiatijuana.org\/web\/wp-json\/wp\/v2\/media?parent=11795"}],"wp:term":[{"taxonomy":"category","embeddable":true,"href":"https:\/\/iglesiatijuana.org\/web\/wp-json\/wp\/v2\/categories?post=11795"},{"taxonomy":"post_tag","embeddable":true,"href":"https:\/\/iglesiatijuana.org\/web\/wp-json\/wp\/v2\/tags?post=11795"}],"curies":[{"name":"wp","href":"https:\/\/api.w.org\/{rel}","templated":true}]}}