{"id":11801,"date":"2020-04-22T16:00:38","date_gmt":"2020-04-22T23:00:38","guid":{"rendered":"https:\/\/iglesiatijuana.org\/web\/?p=11801"},"modified":"2020-04-21T09:15:50","modified_gmt":"2020-04-21T16:15:50","slug":"visperas-miercoles-ii-semana-de-pascua-2020","status":"publish","type":"post","link":"https:\/\/iglesiatijuana.org\/web\/visperas-miercoles-ii-semana-de-pascua-2020\/","title":{"rendered":"V\u00edsperas &#8211; MI\u00c9RCOLES II SEMANA DE PASCUA 2020"},"content":{"rendered":"<p>Mi\u00e9rcoles, 22 de abril de 2020.<\/p>\n<p>&nbsp;<\/p>\n<ol>\n<li>Dios m\u00edo, ven en mi auxilio.<\/li>\n<li>Se\u00f1or, date prisa en socorrerme.<\/li>\n<\/ol>\n<p>Gloria al Padre, y al Hijo, y al Esp\u00edritu Santo. Como era en el principio, ahora y siempre, por los siglos de los siglos. Am\u00e9n. Aleluya.<\/p>\n<p>&nbsp;<\/p>\n<p><strong>Himno 1<\/strong><\/p>\n<p>Nuestra Pascua inmolada, aleluya,<\/p>\n<p>es Cristo el Se\u00f1or, aleluya, aleluya.<\/p>\n<p>Pascua sagrada, \u00a1oh fiesta universal!,<\/p>\n<p>el mundo renovado<\/p>\n<p>canta un himno a su Se\u00f1or.<\/p>\n<p>Pascua sagrada, \u00a1victoria de la cruz!<\/p>\n<p>La muerte, derrotada,<\/p>\n<p>ha perdido su aguij\u00f3n.<\/p>\n<p>Pascua sagrada,<\/p>\n<p>&nbsp;<\/p>\n<p>\u00a1oh noche bautismal!<\/p>\n<p>Del seno de las aguas<\/p>\n<p>renacemos al Se\u00f1or.<\/p>\n<p>Pascua sagrada, \u00a1eterna novedad!<\/p>\n<p>Dejad al hombre viejo,<\/p>\n<p>revest\u00edos del Se\u00f1or.<\/p>\n<p>Pascua sagrada. La sala del fest\u00edn<\/p>\n<p>se llena de invitados<\/p>\n<p>que celebran al Se\u00f1or.<\/p>\n<p>Pascua sagrada, \u00a1Cantemos al Se\u00f1or!<\/p>\n<p>Vivamos la alegr\u00eda<\/p>\n<p>dada a luz en el dolor.<\/p>\n<p>&nbsp;<\/p>\n<p><strong>Salmodia<\/strong><\/p>\n<p><strong>Ant\u00edfona 1: Que no tiemble vuestro coraz\u00f3n, tan s\u00f3lo creed en m\u00ed. Aleluya.<\/strong><\/p>\n<p><strong>\u00a0<\/strong><\/p>\n<p><strong>Salmo 61<\/strong><\/p>\n<p><strong>\u00a0<\/strong><\/p>\n<p><strong>La paz en Dios<\/strong><\/p>\n<p><strong>\u00a0<\/strong><\/p>\n<p><strong>Que el Dios de la esperanza colme vuestra fe de paz. (Rm 15,13)<\/strong><\/p>\n<p>&nbsp;<\/p>\n<p>S\u00f3lo en Dios descansa mi alma,<\/p>\n<p>porque de \u00e9l viene mi salvaci\u00f3n;<\/p>\n<p>s\u00f3lo \u00e9l es mi roca y mi salvaci\u00f3n,<\/p>\n<p>mi alc\u00e1zar: no vacilar\u00e9.<\/p>\n<p>&nbsp;<\/p>\n<p>\u00bfHasta cu\u00e1ndo arremeter\u00e9is contra un hombre<\/p>\n<p>todos juntos, para derribarlo<\/p>\n<p>como a una pared que cede<\/p>\n<p>o a una tapia ruinosa?<\/p>\n<p>&nbsp;<\/p>\n<p>S\u00f3lo piensan en derribarme de mi altura,<\/p>\n<p>y se complacen en la mentira:<\/p>\n<p>con la boca bendicen,<\/p>\n<p>con el coraz\u00f3n maldicen.<\/p>\n<p>&nbsp;<\/p>\n<p>Descansa s\u00f3lo en Dios, alma m\u00eda,<\/p>\n<p>porque \u00e9l es mi esperanza;<\/p>\n<p>s\u00f3lo \u00e9l es mi roca y mi salvaci\u00f3n,<\/p>\n<p>mi alc\u00e1zar: no vacilar\u00e9.<\/p>\n<p>&nbsp;<\/p>\n<p>De Dios viene mi salvaci\u00f3n y mi gloria,<\/p>\n<p>\u00e9l es mi roca firme,<\/p>\n<p>Dios es mi refugio.<\/p>\n<p>&nbsp;<\/p>\n<p>Pueblo suyo, confiad en \u00e9l,<\/p>\n<p>desahogad ante \u00e9l vuestro coraz\u00f3n,<\/p>\n<p>que Dios es nuestro refugio.<\/p>\n<p>&nbsp;<\/p>\n<p>Los hombres no son m\u00e1s que un soplo,<\/p>\n<p>los nobles son apariencia;<\/p>\n<p>todos juntos en la balanza subir\u00edan<\/p>\n<p>m\u00e1s leves que un soplo.<\/p>\n<p>&nbsp;<\/p>\n<p>No confi\u00e9is en la opresi\u00f3n,<\/p>\n<p>no pong\u00e1is ilusiones en el robo;<\/p>\n<p>y aunque crezcan vuestras riquezas,<\/p>\n<p>no les deis el coraz\u00f3n.<\/p>\n<p>&nbsp;<\/p>\n<p>Dios ha dicho una cosa,<\/p>\n<p>y dos cosas que he escuchado:<\/p>\n<p>&nbsp;<\/p>\n<p>\u00abQue Dios tiene el poder<\/p>\n<p>y el Se\u00f1or tiene la gracia;<\/p>\n<p>que t\u00fa pagas a cada uno<\/p>\n<p>seg\u00fan sus obras.\u00bb<\/p>\n<p>&nbsp;<\/p>\n<p><strong>Ant\u00edfona 2: Oh Dios, que te alaben los pueblos, que se alegren por tu salvaci\u00f3n. Aleluya.<\/strong><\/p>\n<p><strong>\u00a0<\/strong><\/p>\n<p><strong>Salmo 66<\/strong><\/p>\n<p><strong>\u00a0<\/strong><\/p>\n<p><strong>Que todos los pueblos alaben al Se\u00f1or<\/strong><\/p>\n<p><strong>\u00a0<\/strong><\/p>\n<p><strong>Sabed que la salvaci\u00f3n de Dios se env\u00eda a los gentiles. (Hch 28,28)<\/strong><\/p>\n<p>&nbsp;<\/p>\n<p>El Se\u00f1or tenga piedad y nos bendiga,<\/p>\n<p>ilumine su rostro sobre nosotros;<\/p>\n<p>conozca la tierra tus caminos,<\/p>\n<p>todos los pueblos tu salvaci\u00f3n.<\/p>\n<p>&nbsp;<\/p>\n<p>Oh Dios, que te alaben los pueblos,<\/p>\n<p>que todos los pueblos te alaben.<\/p>\n<p>&nbsp;<\/p>\n<p>Que canten de alegr\u00eda las naciones,<\/p>\n<p>porque riges el mundo con justicia,<\/p>\n<p>riges los pueblos con rectitud<\/p>\n<p>y gobiernas las naciones de la tierra.<\/p>\n<p>&nbsp;<\/p>\n<p>Oh Dios, que te alaben los pueblos,<\/p>\n<p>que todos los pueblos te alaben.<\/p>\n<p>&nbsp;<\/p>\n<p>La tierra ha dado su fruto,<\/p>\n<p>nos bendice el Se\u00f1or, nuestro Dios.<\/p>\n<p>Que Dios nos bendiga; que le teman<\/p>\n<p>hasta los confines del orbe.<\/p>\n<p>&nbsp;<\/p>\n<p><strong>Ant\u00edfona 3: Su resplandor eclipsa el cielo, la tierra se llena de su alabanza. Aleluya.<\/strong><\/p>\n<p><strong>\u00a0<\/strong><\/p>\n<p><strong>Col 1,12-20<\/strong><\/p>\n<p><strong>\u00a0<\/strong><\/p>\n<p><strong>Himno a Cristo, primog\u00e9nito de toda criatura y primer resucitado de entre los muertos<\/strong><\/p>\n<p>&nbsp;<\/p>\n<p>Damos gracias a Dios Padre,<\/p>\n<p>que nos ha hecho capaces de compartir<\/p>\n<p>la herencia del pueblo santo en la luz.<\/p>\n<p>&nbsp;<\/p>\n<p>\u00c9l nos ha sacado del dominio de las tinieblas,<\/p>\n<p>y nos ha trasladado al reino de su Hijo querido,<\/p>\n<p>por cuya sangre hemos recibido la redenci\u00f3n,<\/p>\n<p>el perd\u00f3n de los pecados.<\/p>\n<p>&nbsp;<\/p>\n<p>\u00c9l es imagen de Dios invisible,<\/p>\n<p>primog\u00e9nito de toda criatura;<\/p>\n<p>porque por medio de \u00e9l<\/p>\n<p>fueron creadas todas las cosas:<\/p>\n<p>celestes y terrestres, visibles e invisibles,<\/p>\n<p>Tronos, Dominaciones, Principados, Potestades;<\/p>\n<p>todo fue creado por \u00e9l y para \u00e9l.<\/p>\n<p>&nbsp;<\/p>\n<p>\u00c9l es anterior a todo, y todo se mantiene en \u00e9l.<\/p>\n<p>\u00c9l es tambi\u00e9n la cabeza del cuerpo: de la Iglesia.<\/p>\n<p>\u00c9l es el principio, el primog\u00e9nito de entre los muertos,<\/p>\n<p>y as\u00ed es el primero en todo.<\/p>\n<p>&nbsp;<\/p>\n<p>Porque en \u00e9l quiso Dios que residiera toda la plenitud.<\/p>\n<p>Y por \u00e9l quiso reconciliar consigo todos los seres:<\/p>\n<p>los del cielo y los de la tierra,<\/p>\n<p>haciendo la paz por la sangre de su cruz.<\/p>\n<p>&nbsp;<\/p>\n<p><strong>Lectura Breve<\/strong><\/p>\n<p><strong>Hb 7, 24-27<\/strong><\/p>\n<p>&nbsp;<\/p>\n<p>Jes\u00fas, como permanece para siempre, tiene un sacerdocio eterno. De aqu\u00ed que tiene poder para llevar a la salvaci\u00f3n definitiva a cuantos por \u00e9l se vayan acercando a Dios, porque vive para siempre para interceder por ellos. Y tal era precisamente el sumo sacerdote que nos conven\u00eda: santo, sin maldad, sin mancha, excluido del n\u00famero de los pecadores y exaltado m\u00e1s alto que los cielos. No tiene necesidad, como los sumos sacerdotes, de ofrecer v\u00edctimas cada d\u00eda, primero por sus propios pecados y luego por los del pueblo. Esto lo hizo una vez por todas, ofreci\u00e9ndose a s\u00ed mismo.<\/p>\n<p>&nbsp;<\/p>\n<p><strong>Responsorio Breve<\/strong><\/p>\n<ol>\n<li>Los disc\u00edpulos se llenaron de alegr\u00eda. Aleluya, aleluya,<\/li>\n<li>Los disc\u00edpulos se llenaron de alegr\u00eda. Aleluya, aleluya.<\/li>\n<li>Al ver al Se\u00f1or.<\/li>\n<li>Aleluya, aleluya.<\/li>\n<li>Gloria al Padre, y al Hijo, y al Esp\u00edritu Santo.<\/li>\n<li>Los disc\u00edpulos se llenaron de alegr\u00eda. Aleluya, aleluya,<\/li>\n<\/ol>\n<p>&nbsp;<\/p>\n<p><strong>Canto Evang\u00e9lico<\/strong><\/p>\n<p><strong>Ant\u00edfona: El que obra la verdad viene a la luz y manifiesta que sus obras han sido hechas seg\u00fan Dios. Aleluya.<\/strong><\/p>\n<p><strong>\u00a0<\/strong><\/p>\n<p><strong>Magn\u00edficat Lc 1, 46-55<\/strong><\/p>\n<p><strong>\u00a0<\/strong><\/p>\n<p><strong>Alegr\u00eda del alma en el Se\u00f1or<\/strong><\/p>\n<p>&nbsp;<\/p>\n<p>Proclama mi alma la grandeza del Se\u00f1or,<\/p>\n<p>se alegra mi esp\u00edritu en Dios, mi salvador;<\/p>\n<p>porque ha mirado la humillaci\u00f3n de su esclava.<\/p>\n<p>&nbsp;<\/p>\n<p>Desde ahora me felicitar\u00e1n todas las generaciones,<\/p>\n<p>porque el Poderoso ha hecho obras grandes por m\u00ed:<\/p>\n<p>su nombre es santo,<\/p>\n<p>y su misericordia llega a sus fieles<\/p>\n<p>de generaci\u00f3n en generaci\u00f3n.<\/p>\n<p>&nbsp;<\/p>\n<p>\u00c9l hace proezas con su brazo:<\/p>\n<p>dispersa a los soberbios de coraz\u00f3n,<\/p>\n<p>derriba del trono a los poderosos<\/p>\n<p>y enaltece a los humildes,<\/p>\n<p>a los hambrientos los colma de bienes<\/p>\n<p>y a los ricos los despide vac\u00edos.<\/p>\n<p>&nbsp;<\/p>\n<p>Auxilia a Israel, su siervo,<\/p>\n<p>acord\u00e1ndose de la misericordia<\/p>\n<p>\u2014como lo hab\u00eda prometido a nuestros padres\u2014<\/p>\n<p>en favor de Abrah\u00e1n y su descendencia por siempre.<\/p>\n<p>&nbsp;<\/p>\n<p>Gloria al Padre, y al Hijo, y al Esp\u00edritu Santo.<\/p>\n<p>Como era en el principio, ahora y siempre,<\/p>\n<p>por los siglos de los siglos. Am\u00e9n.<\/p>\n<p>&nbsp;<\/p>\n<p><strong>Preces<\/strong><\/p>\n<p>Imploremos a Dios Padre, que por la resurrecci\u00f3n de su Hijo de entre los muertos nos ha abierto el camino de la vida eterna, y dig\u00e1mosle:<\/p>\n<p>Por la victoria de Cristo, salva, Se\u00f1or, a tus redimidos.<\/p>\n<p>Dios de nuestros padres, que has glorificado a tu Hijo Jes\u00fas, resucit\u00e1ndolo de entre los muertos,<\/p>\n<p>\u2014 convierte nuestros corazones, para que vivamos la nueva vida de tu Hijo resucitado. T\u00fa que nos has devuelto al Pastor y guardi\u00e1n de nuestras vidas, cuando \u00e9ramos ovejas descarriadas,<\/p>\n<p>\u2014 cons\u00e9rvanos en fidelidad a tu Evangelio, bajo la gu\u00eda de los obispos de tu Iglesia.<\/p>\n<p>T\u00fa que elegiste a los primeros disc\u00edpulos de tu Hijo de entre el pueblo de Israel,<\/p>\n<p>\u2014 revela a los hijos de este pueblo el cumplimiento de las promesas que hiciste a sus padres.<\/p>\n<p>Acu\u00e9rdate, Se\u00f1or, de los hu\u00e9rfanos, de las viudas, de los esposos que viven separados y de todos nuestros hermanos abandonados,<\/p>\n<p>\u2014 y no permitas que vivan en la soledad los que fueron reconciliados por la muerte de tu Hijo.<\/p>\n<p>Aqu\u00ed se pueden a\u00f1adir algunas intenciones libres.<\/p>\n<p>T\u00fa que llamaste a ti a Esteban, el cual confes\u00f3 que Jes\u00fas estaba a tu derecha,<\/p>\n<p>\u2014 recibe a nuestros hermanos difuntos que esperaron tu venida en la fe y en el amor. Digamos ahora todos juntos la oraci\u00f3n que nos ense\u00f1\u00f3 el mismo Jes\u00fas:<\/p>\n<p>&nbsp;<\/p>\n<p><strong>Padre Nuestro<\/strong><\/p>\n<p>Padre nuestro, que est\u00e1s en el cielo,<\/p>\n<p>santificado sea tu nombre,<\/p>\n<p>venga tu reino,<\/p>\n<p>h\u00e1gase tu voluntad en la tierra como en el cielo.<\/p>\n<p>Danos hoy nuestro pan de cada d\u00eda,<\/p>\n<p>perdona nuestras ofensas,<\/p>\n<p>como tambi\u00e9n nosotros perdonamos a los que nos ofenden;<\/p>\n<p>no nos dejes caer en tentaci\u00f3n, y l\u00edbranos del mal.<\/p>\n<p>&nbsp;<\/p>\n<p><strong>Oraci\u00f3n<\/strong><\/p>\n<p>Al revivir nuevamente este a\u00f1o el misterio pascual, en el que la humanidad recobra la dignidad perdida y adquiere la esperanza de la resurrecci\u00f3n futura, te pedimos, Se\u00f1or de clemencia, que el misterio celebrado en la fe se actualice siempre en el amor. Por nuestro Se\u00f1or Jesucristo.<\/p>\n<p>&nbsp;<\/p>\n<p>Am\u00e9n.<\/p>\n<p>&nbsp;<\/p>\n<p><strong>Conclusi\u00f3n<\/strong><\/p>\n<ol>\n<li>El Se\u00f1or nos bendiga, nos guarde de todo mal y nos lleve a la vida eterna.<\/li>\n<li>Am\u00e9n.<\/li>\n<\/ol>\n<p><a href=\"https:\/\/iglesiatijuana.org\/web\/wp-content\/uploads\/2020\/04\/2f9ff682-cf9d-4684-bc3f-4ee13386ed4d.jpg\" data-rel=\"lightbox-image-0\" data-rl_title=\"\" data-rl_caption=\"\" title=\"\"><img loading=\"lazy\" decoding=\"async\" class=\"alignnone size-full wp-image-11776\" src=\"https:\/\/iglesiatijuana.org\/web\/wp-content\/uploads\/2020\/04\/2f9ff682-cf9d-4684-bc3f-4ee13386ed4d.jpg\" alt=\"\" width=\"1280\" height=\"604\" srcset=\"https:\/\/iglesiatijuana.org\/web\/wp-content\/uploads\/2020\/04\/2f9ff682-cf9d-4684-bc3f-4ee13386ed4d.jpg 1280w, https:\/\/iglesiatijuana.org\/web\/wp-content\/uploads\/2020\/04\/2f9ff682-cf9d-4684-bc3f-4ee13386ed4d-300x142.jpg 300w, https:\/\/iglesiatijuana.org\/web\/wp-content\/uploads\/2020\/04\/2f9ff682-cf9d-4684-bc3f-4ee13386ed4d-768x362.jpg 768w, https:\/\/iglesiatijuana.org\/web\/wp-content\/uploads\/2020\/04\/2f9ff682-cf9d-4684-bc3f-4ee13386ed4d-1024x483.jpg 1024w, https:\/\/iglesiatijuana.org\/web\/wp-content\/uploads\/2020\/04\/2f9ff682-cf9d-4684-bc3f-4ee13386ed4d-520x245.jpg 520w, https:\/\/iglesiatijuana.org\/web\/wp-content\/uploads\/2020\/04\/2f9ff682-cf9d-4684-bc3f-4ee13386ed4d-720x340.jpg 720w\" sizes=\"auto, (max-width: 1280px) 100vw, 1280px\" \/><\/a><\/p>\n","protected":false},"excerpt":{"rendered":"<p>Mi\u00e9rcoles, 22 de abril de 2020. &nbsp; Dios m\u00edo, ven en mi auxilio. Se\u00f1or, date prisa en socorrerme. Gloria al Padre, y al Hijo, y al Esp\u00edritu Santo. Como era en el principio, ahora&#46;&#46;&#46;<\/p>\n","protected":false},"author":101012,"featured_media":11776,"comment_status":"closed","ping_status":"closed","sticky":false,"template":"","format":"standard","meta":{"_exactmetrics_skip_tracking":false,"_exactmetrics_sitenote_active":false,"_exactmetrics_sitenote_note":"","_exactmetrics_sitenote_category":0,"footnotes":""},"categories":[68],"tags":[],"class_list":["post-11801","post","type-post","status-publish","format-standard","has-post-thumbnail","hentry","category-liturgia-de-las-horas"],"_links":{"self":[{"href":"https:\/\/iglesiatijuana.org\/web\/wp-json\/wp\/v2\/posts\/11801","targetHints":{"allow":["GET"]}}],"collection":[{"href":"https:\/\/iglesiatijuana.org\/web\/wp-json\/wp\/v2\/posts"}],"about":[{"href":"https:\/\/iglesiatijuana.org\/web\/wp-json\/wp\/v2\/types\/post"}],"author":[{"embeddable":true,"href":"https:\/\/iglesiatijuana.org\/web\/wp-json\/wp\/v2\/users\/101012"}],"replies":[{"embeddable":true,"href":"https:\/\/iglesiatijuana.org\/web\/wp-json\/wp\/v2\/comments?post=11801"}],"version-history":[{"count":1,"href":"https:\/\/iglesiatijuana.org\/web\/wp-json\/wp\/v2\/posts\/11801\/revisions"}],"predecessor-version":[{"id":11802,"href":"https:\/\/iglesiatijuana.org\/web\/wp-json\/wp\/v2\/posts\/11801\/revisions\/11802"}],"wp:featuredmedia":[{"embeddable":true,"href":"https:\/\/iglesiatijuana.org\/web\/wp-json\/wp\/v2\/media\/11776"}],"wp:attachment":[{"href":"https:\/\/iglesiatijuana.org\/web\/wp-json\/wp\/v2\/media?parent=11801"}],"wp:term":[{"taxonomy":"category","embeddable":true,"href":"https:\/\/iglesiatijuana.org\/web\/wp-json\/wp\/v2\/categories?post=11801"},{"taxonomy":"post_tag","embeddable":true,"href":"https:\/\/iglesiatijuana.org\/web\/wp-json\/wp\/v2\/tags?post=11801"}],"curies":[{"name":"wp","href":"https:\/\/api.w.org\/{rel}","templated":true}]}}