{"id":11831,"date":"2020-04-25T16:00:22","date_gmt":"2020-04-25T23:00:22","guid":{"rendered":"https:\/\/iglesiatijuana.org\/web\/?p=11831"},"modified":"2020-04-25T12:53:27","modified_gmt":"2020-04-25T19:53:27","slug":"visperas-sabado-ii-de-pascua-2020","status":"publish","type":"post","link":"https:\/\/iglesiatijuana.org\/web\/visperas-sabado-ii-de-pascua-2020\/","title":{"rendered":"V\u00edsperas &#8211; S\u00e1bado II DE PASCUA 2020"},"content":{"rendered":"<p>S\u00e1bado 25 de abril de 2020<\/p>\n<p>V. Dios m\u00edo, ven en mi auxilio.<br \/>\nR. Se\u00f1or, date prisa en socorrerme.<br \/>\nGloria al Padre, y al Hijo, y al Esp\u00edritu Santo. Como era en el principio, ahora y siempre, por los siglos de los siglos. Am\u00e9n. Aleluya.<\/p>\n<p>Himno 1<br \/>\nNuestra Pascua inmolada, aleluya,<br \/>\nes Cristo el Se\u00f1or, aleluya, aleluya.<br \/>\nPascua sagrada, \u00a1oh fiesta universal!,<br \/>\nel mundo renovado<br \/>\ncanta un himno a su Se\u00f1or.<br \/>\nPascua sagrada, \u00a1victoria de la cruz!<br \/>\nLa muerte, derrotada,<br \/>\nha perdido su aguij\u00f3n.<br \/>\nPascua sagrada,<\/p>\n<p>\u00a1oh noche bautismal!<br \/>\nDel seno de las aguas<br \/>\nrenacemos al Se\u00f1or.<br \/>\nPascua sagrada, \u00a1eterna novedad!<br \/>\nDejad al hombre viejo,<br \/>\nrevest\u00edos del Se\u00f1or.<br \/>\nPascua sagrada. La sala del fest\u00edn<br \/>\nse llena de invitados<br \/>\nque celebran al Se\u00f1or.<br \/>\nPascua sagrada, \u00a1Cantemos al Se\u00f1or!<br \/>\nVivamos la alegr\u00eda<br \/>\ndada a luz en el dolor.<\/p>\n<p>Salmodia<br \/>\nAnt\u00edfona 1: El Se\u00f1or se eleva sobre los cielos y levanta del polvo al desvalido. Aleluya.<\/p>\n<p>Salmo 112<\/p>\n<p>Alabado sea el nombre del Se\u00f1or<\/p>\n<p>Derriba del trono a los poderosos y enaltece a los humildes. (Lc 1,52)<\/p>\n<p>Alabad, siervos del Se\u00f1or,<br \/>\nalabad el nombre del Se\u00f1or.<br \/>\nBendito sea el nombre del Se\u00f1or,<br \/>\nahora y por siempre:<br \/>\nde la salida del sol hasta su ocaso,<br \/>\nalabado sea el nombre del Se\u00f1or.<\/p>\n<p>El Se\u00f1or se eleva sobre todos los pueblos,<br \/>\nsu gloria sobre los cielos.<br \/>\n\u00bfQui\u00e9n como el Se\u00f1or, Dios nuestro,<br \/>\nque se eleva en su trono<br \/>\ny se abaja para mirar<br \/>\nal cielo y a la tierra?<\/p>\n<p>Levanta del polvo al desvalido,<br \/>\nalza de la basura al pobre,<br \/>\npara sentarlo con los pr\u00edncipes,<br \/>\nlos pr\u00edncipes de su pueblo;<br \/>\na la est\u00e9ril le da un puesto en la casa,<br \/>\ncomo madre feliz de hijos.<\/p>\n<p>Ant\u00edfona 2: Rompiste mis cadenas, Se\u00f1or, te ofrecer\u00e9 un sacrificio de alabanza. Aleluya.<\/p>\n<p>Salmo 115,10-19<\/p>\n<p>Acci\u00f3n de gracias en el templo<\/p>\n<p>Por medio de Jes\u00fas ofrezcamos continuamente a Dios un sacrificio de alabanza. (Hb 13,15)<\/p>\n<p>Ten\u00eda fe, aun cuando dije:<br \/>\n\u00ab\u00a1Qu\u00e9 desgraciado soy!\u00bb<br \/>\nYo dec\u00eda en mi apuro:<br \/>\n\u00abLos hombres son unos mentirosos.\u00bb<\/p>\n<p>\u00bfC\u00f3mo pagar\u00e9 al Se\u00f1or<br \/>\ntodo el bien que me ha hecho?<br \/>\nAlzar\u00e9 la copa de la salvaci\u00f3n,<br \/>\ninvocando su nombre.<br \/>\nCumplir\u00e9 al Se\u00f1or mis votos<br \/>\nen presencia de todo el pueblo.<\/p>\n<p>Mucho le cuesta al Se\u00f1or<br \/>\nla muerte de sus fieles.<br \/>\nSe\u00f1or, yo soy tu siervo,<br \/>\nsiervo tuyo, hijo de tu esclava:<br \/>\nrompiste mis cadenas.<\/p>\n<p>Te ofrecer\u00e9 un sacrificio de alabanza,<br \/>\ninvocando tu nombre, Se\u00f1or.<br \/>\nCumplir\u00e9 al Se\u00f1or mis votos<br \/>\nen presencia de todo el pueblo,<br \/>\nen el atrio de la casa del Se\u00f1or,<br \/>\nen medio de ti, Jerusal\u00e9n.<\/p>\n<p>Ant\u00edfona 3: El Hijo de Dios aprendi\u00f3, sufriendo, a obedecer, y se ha convertido para todos los que le obedecen en autor de salvaci\u00f3n eterna. Aleluya.<\/p>\n<p>Flp 2,6-11<\/p>\n<p>Cristo, siervo de Dios, en su misterio pascual<\/p>\n<p>Cristo, a pesar de su condici\u00f3n divina,<br \/>\nno hizo alarde de su categor\u00eda de Dios;<br \/>\nal contrario, se despoj\u00f3 de su rango<br \/>\ny tom\u00f3 la condici\u00f3n de esclavo,<br \/>\npasando por uno de tantos.<\/p>\n<p>Y as\u00ed, actuando como un hombre cualquiera,<br \/>\nse rebaj\u00f3 hasta someterse incluso a la muerte,<br \/>\ny una muerte de cruz.<\/p>\n<p>Por eso Dios lo levant\u00f3, sobre todo<br \/>\ny le concedi\u00f3 el \u00abNombre-sobre-todo-nombre\u00bb;<br \/>\nde modo que al nombre de Jes\u00fas toda rodilla se doble<br \/>\nen el cielo, en la tierra, en el abismo,<br \/>\ny toda lengua proclame:<br \/>\nJesucristo es Se\u00f1or, para gloria de Dios Padre.<\/p>\n<p>Lectura Breve<br \/>\n1 Pe 2, 9-10<\/p>\n<p>Vosotros sois linaje escogido, sacerdocio regio, naci\u00f3n santa, pueblo adquirido por Dios para proclamar las haza\u00f1as del que os llam\u00f3 a salir de la tiniebla y a entrar en su luz maravillosa. Vosotros, que en otro tiempo no erais pueblo, sois ahora pueblo de Dios; vosotros, que estabais excluidos de la misericordia, sois ahora objeto de la misericordia de Dios.<\/p>\n<p>Responsorio Breve<br \/>\nV. Los disc\u00edpulos se llenaron de alegr\u00eda. Aleluya, aleluya.<br \/>\nR. Los disc\u00edpulos se llenaron de alegr\u00eda. Aleluya, aleluya.<br \/>\nV. Al ver al Se\u00f1or.<br \/>\nR. Aleluya, aleluya.<br \/>\nV. Gloria al Padre, y al Hijo, y al Esp\u00edritu Santo.<br \/>\nR. Los disc\u00edpulos se llenaron de alegr\u00eda. Aleluya, aleluya.<\/p>\n<p>Canto Evang\u00e9lico<br \/>\nAnt\u00edfona: Qu\u00e9date con nosotros, Se\u00f1or, porque ya es tarde y el d\u00eda se va. Aleluya.<\/p>\n<p>Ver ant\u00edfona alternativa<br \/>\nMagn\u00edficat Lc 1, 46-55<\/p>\n<p>Alegr\u00eda del alma en el Se\u00f1or<\/p>\n<p>Proclama mi alma la grandeza del Se\u00f1or,<br \/>\nse alegra mi esp\u00edritu en Dios, mi salvador;<br \/>\nporque ha mirado la humillaci\u00f3n de su esclava.<\/p>\n<p>Desde ahora me felicitar\u00e1n todas las generaciones,<br \/>\nporque el Poderoso ha hecho obras grandes por m\u00ed:<br \/>\nsu nombre es santo,<br \/>\ny su misericordia llega a sus fieles<br \/>\nde generaci\u00f3n en generaci\u00f3n.<\/p>\n<p>\u00c9l hace proezas con su brazo:<br \/>\ndispersa a los soberbios de coraz\u00f3n,<br \/>\nderriba del trono a los poderosos<br \/>\ny enaltece a los humildes,<br \/>\na los hambrientos los colma de bienes<br \/>\ny a los ricos los despide vac\u00edos.<\/p>\n<p>Auxilia a Israel, su siervo,<br \/>\nacord\u00e1ndose de la misericordia<br \/>\n\u2014como lo hab\u00eda prometido a nuestros padres\u2014<br \/>\nen favor de Abrah\u00e1n y su descendencia por siempre.<\/p>\n<p>Gloria al Padre, y al Hijo, y al Esp\u00edritu Santo.<br \/>\nComo era en el principio, ahora y siempre,<br \/>\npor los siglos de los siglos. Am\u00e9n.<\/p>\n<p>Preces<br \/>\nOremos a Cristo, vida y resurrecci\u00f3n de todos los hombres, y dig\u00e1mosle con fe:<br \/>\nHijo de Dios vivo, protege a tu pueblo.<br \/>\nTe rogamos, Se\u00f1or, por tu Iglesia extendida por todo el mundo,<br \/>\n\u2014 santif\u00edcala y haz que cumpla su misi\u00f3n de llevar tu reino a todos los hombres.<br \/>\nTe pedimos por los que sufren hambre y por los que est\u00e1n tristes, por los enfermos, los oprimidos y los desterrados,<br \/>\n\u2014 dales, Se\u00f1or, ayuda y consuelo.<br \/>\nTe pedimos por los que se han apartado de ti por el error o por el pecado,<br \/>\n\u2014 que obtengan la gracia de tu perd\u00f3n y el don de una vida nueva.<br \/>\nSalvador del mundo, t\u00fa que fuiste crucificado, resucitaste y has de venir a juzgar al<br \/>\nmundo,<br \/>\n\u2014 ten piedad de nosotros, pecadores.<br \/>\nAqu\u00ed se pueden a\u00f1adir algunas intenciones libres.<br \/>\nTe rogamos, Se\u00f1or, por los que viven en el mundo,<br \/>\n\u2014 y por los que han salido ya de \u00e9l, con la esperanza de la resurrecci\u00f3n.<br \/>\nTerminemos nuestra oraci\u00f3n con las palabras del Se\u00f1or:<\/p>\n<p>Padre Nuestro<br \/>\nPadre nuestro, que est\u00e1s en el cielo,<br \/>\nsantificado sea tu nombre,<br \/>\nvenga tu reino,<br \/>\nh\u00e1gase tu voluntad en la tierra como en el cielo.<br \/>\nDanos hoy nuestro pan de cada d\u00eda,<br \/>\nperdona nuestras ofensas,<br \/>\ncomo tambi\u00e9n nosotros perdonamos a los que nos ofenden;<br \/>\nno nos dejes caer en tentaci\u00f3n,<br \/>\ny l\u00edbranos del mal.<\/p>\n<p>Oraci\u00f3n<br \/>\nOremos:<\/p>\n<p>Que tu pueblo, Se\u00f1or, exulte siempre al verse renovado y rejuvenecido en el esp\u00edritu, y que la alegr\u00eda de haber recobrado la adopci\u00f3n filial afiance su esperanza de resucitar gloriosamente. Por nuestro Se\u00f1or Jesucristo, tu Hijo, que vive y reina contigo en la unidad del Esp\u00edritu Santo y es Dios, por los siglos de los siglos.<br \/>\nAm\u00e9n.<\/p>\n<p>Conclusi\u00f3n<br \/>\nV. El Se\u00f1or nos bendiga, nos guarde de todo mal y nos lleve a la vida eterna.<br \/>\nR. Am\u00e9n.<\/p>\n<p><a href=\"https:\/\/iglesiatijuana.org\/web\/wp-content\/uploads\/2020\/04\/2f9ff682-cf9d-4684-bc3f-4ee13386ed4d.jpg\" data-rel=\"lightbox-image-0\" data-rl_title=\"\" data-rl_caption=\"\" title=\"\"><img loading=\"lazy\" decoding=\"async\" class=\"alignnone size-full wp-image-11776\" src=\"https:\/\/iglesiatijuana.org\/web\/wp-content\/uploads\/2020\/04\/2f9ff682-cf9d-4684-bc3f-4ee13386ed4d.jpg\" alt=\"\" width=\"1280\" height=\"604\" srcset=\"https:\/\/iglesiatijuana.org\/web\/wp-content\/uploads\/2020\/04\/2f9ff682-cf9d-4684-bc3f-4ee13386ed4d.jpg 1280w, https:\/\/iglesiatijuana.org\/web\/wp-content\/uploads\/2020\/04\/2f9ff682-cf9d-4684-bc3f-4ee13386ed4d-300x142.jpg 300w, https:\/\/iglesiatijuana.org\/web\/wp-content\/uploads\/2020\/04\/2f9ff682-cf9d-4684-bc3f-4ee13386ed4d-768x362.jpg 768w, https:\/\/iglesiatijuana.org\/web\/wp-content\/uploads\/2020\/04\/2f9ff682-cf9d-4684-bc3f-4ee13386ed4d-1024x483.jpg 1024w, https:\/\/iglesiatijuana.org\/web\/wp-content\/uploads\/2020\/04\/2f9ff682-cf9d-4684-bc3f-4ee13386ed4d-520x245.jpg 520w, https:\/\/iglesiatijuana.org\/web\/wp-content\/uploads\/2020\/04\/2f9ff682-cf9d-4684-bc3f-4ee13386ed4d-720x340.jpg 720w\" sizes=\"auto, (max-width: 1280px) 100vw, 1280px\" \/><\/a><\/p>\n","protected":false},"excerpt":{"rendered":"<p>S\u00e1bado 25 de abril de 2020 V. Dios m\u00edo, ven en mi auxilio. R. Se\u00f1or, date prisa en socorrerme. Gloria al Padre, y al Hijo, y al Esp\u00edritu Santo. Como era en el principio,&#46;&#46;&#46;<\/p>\n","protected":false},"author":101012,"featured_media":11776,"comment_status":"closed","ping_status":"closed","sticky":false,"template":"","format":"standard","meta":{"_exactmetrics_skip_tracking":false,"_exactmetrics_sitenote_active":false,"_exactmetrics_sitenote_note":"","_exactmetrics_sitenote_category":0,"footnotes":""},"categories":[68],"tags":[],"class_list":["post-11831","post","type-post","status-publish","format-standard","has-post-thumbnail","hentry","category-liturgia-de-las-horas"],"_links":{"self":[{"href":"https:\/\/iglesiatijuana.org\/web\/wp-json\/wp\/v2\/posts\/11831","targetHints":{"allow":["GET"]}}],"collection":[{"href":"https:\/\/iglesiatijuana.org\/web\/wp-json\/wp\/v2\/posts"}],"about":[{"href":"https:\/\/iglesiatijuana.org\/web\/wp-json\/wp\/v2\/types\/post"}],"author":[{"embeddable":true,"href":"https:\/\/iglesiatijuana.org\/web\/wp-json\/wp\/v2\/users\/101012"}],"replies":[{"embeddable":true,"href":"https:\/\/iglesiatijuana.org\/web\/wp-json\/wp\/v2\/comments?post=11831"}],"version-history":[{"count":1,"href":"https:\/\/iglesiatijuana.org\/web\/wp-json\/wp\/v2\/posts\/11831\/revisions"}],"predecessor-version":[{"id":11832,"href":"https:\/\/iglesiatijuana.org\/web\/wp-json\/wp\/v2\/posts\/11831\/revisions\/11832"}],"wp:featuredmedia":[{"embeddable":true,"href":"https:\/\/iglesiatijuana.org\/web\/wp-json\/wp\/v2\/media\/11776"}],"wp:attachment":[{"href":"https:\/\/iglesiatijuana.org\/web\/wp-json\/wp\/v2\/media?parent=11831"}],"wp:term":[{"taxonomy":"category","embeddable":true,"href":"https:\/\/iglesiatijuana.org\/web\/wp-json\/wp\/v2\/categories?post=11831"},{"taxonomy":"post_tag","embeddable":true,"href":"https:\/\/iglesiatijuana.org\/web\/wp-json\/wp\/v2\/tags?post=11831"}],"curies":[{"name":"wp","href":"https:\/\/api.w.org\/{rel}","templated":true}]}}