{"id":11833,"date":"2020-04-26T06:00:04","date_gmt":"2020-04-26T13:00:04","guid":{"rendered":"https:\/\/iglesiatijuana.org\/web\/?p=11833"},"modified":"2020-04-25T13:02:33","modified_gmt":"2020-04-25T20:02:33","slug":"laudes-domingo-iii-de-pascua-2020","status":"publish","type":"post","link":"https:\/\/iglesiatijuana.org\/web\/laudes-domingo-iii-de-pascua-2020\/","title":{"rendered":"Laudes &#8211; DOMINGO III DE PASCUA 2020"},"content":{"rendered":"<p>Domingo, 26 de abril de 2020<\/p>\n<p>&nbsp;<\/p>\n<ol>\n<li>Se\u00f1or, abre mis labios.<\/li>\n<li>Y mi boca proclamar\u00e1 tu alabanza.<\/li>\n<li>Dios m\u00edo, ven en mi auxilio.<\/li>\n<li>Se\u00f1or, date prisa en socorrerme.<\/li>\n<\/ol>\n<p>Gloria al Padre, y al Hijo, y al Esp\u00edritu Santo. Como era en el principio, ahora y siempre, por los siglos de los siglos. Am\u00e9n. Aleluya.<\/p>\n<p>&nbsp;<\/p>\n<p><strong>Himno 1<\/strong><\/p>\n<p>Ofrezcan los cristianos<\/p>\n<p>ofrendas de alabanza<\/p>\n<p>a gloria de la V\u00edctima<\/p>\n<p>propicia de la Pascua.<\/p>\n<p>Cordero sin pecado<\/p>\n<p>que a las ovejas salva,<\/p>\n<p>a Dios y a los culpables<\/p>\n<p>uni\u00f3 con nueva alianza.<\/p>\n<p>Lucharon vida y muerte<\/p>\n<p>en singular batalla<\/p>\n<p>y, muerto el que es la Vida,<\/p>\n<p>triunfante se levanta.<\/p>\n<p>\u00bfQu\u00e9 has visto de camino,<\/p>\n<p>\u00bfMar\u00eda, en la ma\u00f1ana?<\/p>\n<p>A mi Se\u00f1or glorioso,<\/p>\n<p>&nbsp;<\/p>\n<p>la tumba abandonada,<\/p>\n<p>los \u00e1ngeles testigos,<\/p>\n<p>sudarios y mortaja.<\/p>\n<p>\u00a1Resucit\u00f3 de veras<\/p>\n<p>mi amor y mi esperanza!<\/p>\n<p>Venid a Galilea,<\/p>\n<p>all\u00ed el Se\u00f1or aguarda;<\/p>\n<p>all\u00ed ver\u00e9is los suyos<\/p>\n<p>la gloria de la Pascua.<\/p>\n<p>Primicia de los muertos,<\/p>\n<p>sabemos por tu gracia<\/p>\n<p>que est\u00e1s resucitado;<\/p>\n<p>la muerte en ti no manda.<\/p>\n<p>Rey vencedor, api\u00e1date<\/p>\n<p>de la miseria humana<\/p>\n<p>y da a tus fieles parte<\/p>\n<p>en tu victoria santa. Am\u00e9n. Aleluya<\/p>\n<p>&nbsp;<\/p>\n<p><strong>Salmodia<\/strong><\/p>\n<p><strong>Ant\u00edfona 1: El Se\u00f1or reina, vestido de majestad. Aleluya.<\/strong><\/p>\n<p><strong>\u00a0<\/strong><\/p>\n<p><strong>Salmo 92<\/strong><\/p>\n<p><strong>\u00a0<\/strong><\/p>\n<p><strong>Gloria del Dios creador<\/strong><\/p>\n<p><strong>\u00a0<\/strong><\/p>\n<p><strong>Reina el Se\u00f1or, nuestro Dios, due\u00f1o de todo, alegr\u00e9monos y gocemos y d\u00e9mosle gracias (Ap 19,6.7)<\/strong><\/p>\n<p>&nbsp;<\/p>\n<p>El Se\u00f1or reina, vestido de majestad,<\/p>\n<p>el Se\u00f1or, vestido y ce\u00f1ido de poder:<\/p>\n<p>as\u00ed est\u00e1 firme el orbe y no vacila.<\/p>\n<p>&nbsp;<\/p>\n<p>Tu trono est\u00e1 firme desde siempre,<\/p>\n<p>y t\u00fa eres eterno.<\/p>\n<p>&nbsp;<\/p>\n<p>Levantan los r\u00edos, Se\u00f1or,<\/p>\n<p>levantan los r\u00edos su voz,<\/p>\n<p>levantan los r\u00edos su fragor;<\/p>\n<p>&nbsp;<\/p>\n<p>pero m\u00e1s que la voz de aguas caudalosas,<\/p>\n<p>m\u00e1s potente que el oleaje del mar,<\/p>\n<p>m\u00e1s potente en el cielo es el Se\u00f1or.<\/p>\n<p>&nbsp;<\/p>\n<p>Tus mandatos son fieles y seguros;<\/p>\n<p>la santidad es el adorno de tu casa,<\/p>\n<p>Se\u00f1or, por d\u00edas sin t\u00e9rmino.<\/p>\n<p>&nbsp;<\/p>\n<p><strong>Ant\u00edfona 2: La creaci\u00f3n se ver\u00e1 liberada, para entrar en la libertad gloriosa de los hijos de Dios. Aleluya.<\/strong><\/p>\n<p><strong>\u00a0<\/strong><\/p>\n<p><strong>Dn 3,57-88.56<\/strong><\/p>\n<p><strong>\u00a0<\/strong><\/p>\n<p><strong>Toda la creaci\u00f3n alabe al Se\u00f1or<\/strong><\/p>\n<p><strong>\u00a0<\/strong><\/p>\n<p><strong>Alabad al Se\u00f1or, sus siervos todos. (Ap 19,5)<\/strong><\/p>\n<p>&nbsp;<\/p>\n<p>Criaturas todas del Se\u00f1or, bendecid al Se\u00f1or,<\/p>\n<p>ensalzadlo con himnos por los siglos.<\/p>\n<p>&nbsp;<\/p>\n<p>\u00c1ngeles del Se\u00f1or, bendecid al Se\u00f1or;<\/p>\n<p>cielos, bendecid al Se\u00f1or.<\/p>\n<p>&nbsp;<\/p>\n<p>Aguas del espacio, bendecid al Se\u00f1or;<\/p>\n<p>ej\u00e9rcitos del Se\u00f1or, bendecid al Se\u00f1or.<\/p>\n<p>&nbsp;<\/p>\n<p>Sol y luna, bendecid al Se\u00f1or;<\/p>\n<p>astros del cielo, bendecid al Se\u00f1or.<\/p>\n<p>&nbsp;<\/p>\n<p>Lluvia y roc\u00edo, bendecid al Se\u00f1or;<\/p>\n<p>vientos todos, bendecid al Se\u00f1or.<\/p>\n<p>&nbsp;<\/p>\n<p>Fuego y calor, bendecid al Se\u00f1or;<\/p>\n<p>fr\u00edos y heladas, bendecid al Se\u00f1or.<\/p>\n<p>&nbsp;<\/p>\n<p>Roc\u00edos y nevadas, bendecid al Se\u00f1or;<\/p>\n<p>t\u00e9mpanos y hielos, bendecid al Se\u00f1or.<\/p>\n<p>&nbsp;<\/p>\n<p>Escarchas y nieves, bendecid al Se\u00f1or;<\/p>\n<p>noche y d\u00eda, bendecid al Se\u00f1or.<\/p>\n<p>&nbsp;<\/p>\n<p>Luz y tinieblas, bendecid al Se\u00f1or;<\/p>\n<p>rayos y nubes, bendecid al Se\u00f1or.<\/p>\n<p>&nbsp;<\/p>\n<p>Bendiga la tierra al Se\u00f1or,<\/p>\n<p>ens\u00e1lcelo con himnos por los siglos.<\/p>\n<p>&nbsp;<\/p>\n<p>Montes y cumbres, bendecid al Se\u00f1or;<\/p>\n<p>cuanto germina en la tierra, bendiga al Se\u00f1or.<\/p>\n<p>&nbsp;<\/p>\n<p>Manantiales, bendecid al Se\u00f1or;<\/p>\n<p>mares y r\u00edos, bendecid al Se\u00f1or;<\/p>\n<p>&nbsp;<\/p>\n<p>Cet\u00e1ceos y peces, bendecid al Se\u00f1or;<\/p>\n<p>aves del cielo, bendecid al Se\u00f1or.<\/p>\n<p>&nbsp;<\/p>\n<p>Fieras y ganados, bendecid al Se\u00f1or,<\/p>\n<p>ensalzadlo con himnos por los siglos.<\/p>\n<p>&nbsp;<\/p>\n<p>Hijos de los hombres, bendecid al Se\u00f1or;<\/p>\n<p>bendiga Israel al Se\u00f1or.<\/p>\n<p>&nbsp;<\/p>\n<p>Sacerdotes del Se\u00f1or, bendecid al Se\u00f1or;<\/p>\n<p>siervos del Se\u00f1or, bendecid al Se\u00f1or.<\/p>\n<p>&nbsp;<\/p>\n<p>Almas y esp\u00edritus justos, bendecid al Se\u00f1or;<\/p>\n<p>santos y humildes de coraz\u00f3n, bendecid al Se\u00f1or.<\/p>\n<p>&nbsp;<\/p>\n<p>Anan\u00edas, Azar\u00edas y Misael, bendecid al Se\u00f1or,<\/p>\n<p>ensalzadlo con himnos por los siglos.<\/p>\n<p>&nbsp;<\/p>\n<p>Bendigamos al Padre y al Hijo con el Esp\u00edritu Santo,<\/p>\n<p>ensalc\u00e9moslo con himnos por los siglos.<\/p>\n<p>&nbsp;<\/p>\n<p>Bendito el Se\u00f1or en la b\u00f3veda del cielo,<\/p>\n<p>alabado y glorioso y ensalzado por los siglos.<\/p>\n<p>&nbsp;<\/p>\n<p><strong>Ant\u00edfona 3: El nombre del Se\u00f1or es sublime sobre el cielo y la tierra. Aleluya.<\/strong><\/p>\n<p><strong>\u00a0<\/strong><\/p>\n<p><strong>Salmo 148<\/strong><\/p>\n<p><strong>\u00a0<\/strong><\/p>\n<p><strong>Alabanza del Dios creador<\/strong><\/p>\n<p><strong>\u00a0<\/strong><\/p>\n<p><strong>Al que se sienta en el trono y al Cordero la alabanza, el honor, la gloria y el poder por los siglos de los siglos. (Ap 5,13)<\/strong><\/p>\n<p><strong>\u00a0<\/strong><\/p>\n<p>Alabad al Se\u00f1or en el cielo,<\/p>\n<p>alabad al Se\u00f1or en lo alto.<\/p>\n<p>&nbsp;<\/p>\n<p>Alabadlo todos sus \u00e1ngeles;<\/p>\n<p>alabadlo, todos sus ej\u00e9rcitos.<\/p>\n<p>&nbsp;<\/p>\n<p>Alabadlo, sol y luna;<\/p>\n<p>alabadlo, estrellas lucientes;<\/p>\n<p>&nbsp;<\/p>\n<p>Alabadlo, espacios celestes<\/p>\n<p>y aguas que cuelgan en el cielo.<\/p>\n<p>&nbsp;<\/p>\n<p>Alaben el nombre del Se\u00f1or,<\/p>\n<p>porque \u00e9l lo mand\u00f3, y existieron.<\/p>\n<p>&nbsp;<\/p>\n<p>Les dio consistencia perpetua<\/p>\n<p>y una ley que no pasar\u00e1.<\/p>\n<p>&nbsp;<\/p>\n<p>Alabad al Se\u00f1or en la tierra,<\/p>\n<p>cet\u00e1ceos y abismos del mar,<\/p>\n<p>&nbsp;<\/p>\n<p>rayos, granizo, nieve y bruma,<\/p>\n<p>viento huracanado que cumple sus \u00f3rdenes,<\/p>\n<p>&nbsp;<\/p>\n<p>montes y todas las sierras,<\/p>\n<p>\u00e1rboles frutales y cedros,<\/p>\n<p>&nbsp;<\/p>\n<p>fieras y animales dom\u00e9sticos,<\/p>\n<p>reptiles y p\u00e1jaros que vuelan.<\/p>\n<p>&nbsp;<\/p>\n<p>Reyes y pueblos del orbe,<\/p>\n<p>pr\u00edncipes y jefes del mundo,<\/p>\n<p>&nbsp;<\/p>\n<p>los j\u00f3venes y tambi\u00e9n las doncellas,<\/p>\n<p>los viejos junto con los ni\u00f1os,<\/p>\n<p>&nbsp;<\/p>\n<p>alaben el nombre del Se\u00f1or,<\/p>\n<p>el \u00fanico nombre sublime.<\/p>\n<p>&nbsp;<\/p>\n<p>Su majestad sobre el cielo y la tierra;<\/p>\n<p>\u00e9l acrece el vigor de su pueblo.<\/p>\n<p>&nbsp;<\/p>\n<p>Alabanza de todos sus fieles,<\/p>\n<p>de Israel, su pueblo escogido.<\/p>\n<p>&nbsp;<\/p>\n<p><strong>Lectura Breve<\/strong><\/p>\n<p><strong>Hch 10, 40-43<\/strong><\/p>\n<p>&nbsp;<\/p>\n<p>Dios resucit\u00f3 a Jes\u00fas al tercer d\u00eda e hizo que se apareciese no a todo el pueblo, sino a nosotros, que somos los testigos elegidos de antemano por Dios. Nosotros hemos comido y bebido con \u00e9l, despu\u00e9s que Dios lo resucit\u00f3 de entre los muertos. Y \u00e9l nos mand\u00f3 predicar al pueblo y atestiguar que ha sido constituido por Dios juez de vivos y muertos.<\/p>\n<p>De \u00e9l hablan todos los profetas y aseguran que cuantos tengan fe en \u00e9l recibir\u00e1n por su nombre el perd\u00f3n de sus pecados.<\/p>\n<p>&nbsp;<\/p>\n<p><strong>Responsorio Breve<\/strong><\/p>\n<ol>\n<li>Cristo, Hijo de Dios vivo, ten piedad de nosotros. Aleluya, aleluya.<\/li>\n<li>Cristo, Hijo de Dios vivo, ten piedad de nosotros. Aleluya, aleluya.<\/li>\n<li>T\u00fa que has resucitado de entre los muertos.<\/li>\n<li>Aleluya, aleluya.<\/li>\n<li>Gloria al Padre, y al Hijo, y al Esp\u00edritu Santo.<\/li>\n<\/ol>\n<p>&nbsp;<\/p>\n<ol>\n<li><strong> Cristo, Hijo de Dios vivo, ten piedad de nosotros. Aleluya, aleluya.<\/strong><\/li>\n<\/ol>\n<p>&nbsp;<\/p>\n<p><strong>Canto Evang\u00e9lico<\/strong><\/p>\n<p><strong>Ant\u00edfona: El Mes\u00edas ten\u00eda que morir, y resucitar de entre los muertos al tercer d\u00eda, Aleluya.<\/strong><\/p>\n<p><strong>\u00a0<\/strong><\/p>\n<p><strong>Ver ant\u00edfona alternativa<\/strong><\/p>\n<p><strong>Benedictus Lc 1, 68-79<\/strong><\/p>\n<p><strong>\u00a0<\/strong><\/p>\n<p><strong>El Mes\u00edas y su precursor<\/strong><\/p>\n<p>&nbsp;<\/p>\n<p>+ Bendito sea el Se\u00f1or, Dios de Israel,<\/p>\n<p>porque ha visitado y redimido a su pueblo,<\/p>\n<p>suscit\u00e1ndonos una fuerza de salvaci\u00f3n<\/p>\n<p>en la casa de David, su siervo,<\/p>\n<p>seg\u00fan lo hab\u00eda predicho desde antiguo,<\/p>\n<p>por boca de sus santos profetas.<\/p>\n<p>&nbsp;<\/p>\n<p>Es la salvaci\u00f3n que nos libra de nuestros enemigos<\/p>\n<p>y de la mano de todos los que nos odian;<\/p>\n<p>realizando la misericordia<\/p>\n<p>que tuvo con nuestros padres,<\/p>\n<p>recordando su santa alianza<\/p>\n<p>y el juramento que jur\u00f3 a nuestro padre Abrah\u00e1n.<\/p>\n<p>&nbsp;<\/p>\n<p>Para concedernos que, libres de temor,<\/p>\n<p>arrancados de la mano de los enemigos,<\/p>\n<p>le sirvamos con santidad y justicia,<\/p>\n<p>en su presencia, todos nuestros d\u00edas.<\/p>\n<p>&nbsp;<\/p>\n<p>Y a ti, ni\u00f1o, te llamar\u00e1n profeta del Alt\u00edsimo,<\/p>\n<p>porque ir\u00e1s delante del Se\u00f1or<\/p>\n<p>a preparar sus caminos,<\/p>\n<p>anunciando a su pueblo la salvaci\u00f3n,<\/p>\n<p>el perd\u00f3n de sus pecados.<\/p>\n<p>&nbsp;<\/p>\n<p>Por la entra\u00f1able misericordia de nuestro Dios,<\/p>\n<p>nos visitar\u00e1 el sol que nace de lo alto,<\/p>\n<p>para iluminar a los que viven en tinieblas<\/p>\n<p>y en sombra de muerte,<\/p>\n<p>para guiar nuestros pasos<\/p>\n<p>por el camino de la paz.<\/p>\n<p>&nbsp;<\/p>\n<p>Gloria al Padre, y al Hijo, y al Esp\u00edritu Santo.<\/p>\n<p>Como era en el principio, ahora y siempre,<\/p>\n<p>por los siglos de los siglos. Am\u00e9n.<\/p>\n<p>&nbsp;<\/p>\n<p><strong>Preces<\/strong><\/p>\n<p>Oremos a Cristo, autor de la vida, a quien Dios resucit\u00f3 de entre los muertos, quien por su poder nos resucitar\u00e1 tambi\u00e9n a nosotros, y dig\u00e1mosle:<\/p>\n<p>Cristo, vida nuestra, s\u00e1lvanos. Cristo, luz esplendorosa que brillas en las tinieblas, rey de la vida y salvador de los que han muerto,<\/p>\n<p>\u2014 conc\u00e9denos vivir hoy en tu alabanza.<\/p>\n<p>Se\u00f1or Jes\u00fas, que anduviste los caminos de la pasi\u00f3n y de la cruz,<\/p>\n<p>\u2014 conc\u00e9denos que, unidos a ti en el dolor y en la muerte, resucitemos tambi\u00e9n contigo. Hijo del Padre, maestro y hermano nuestro, t\u00fa que has hecho de nosotros un pueblo de reyes y sacerdotes,<\/p>\n<p>\u2014 ens\u00e9\u00f1anos a ofrecer con alegr\u00eda nuestro sacrificio de alabanza.<\/p>\n<p>Rey de la gloria, esperamos anhelantes el d\u00eda de tu manifestaci\u00f3n gloriosa,<\/p>\n<p>\u2014 para poder contemplar tu rostro y ser semejantes a ti.<\/p>\n<p>Aqu\u00ed se pueden a\u00f1adir algunas intenciones libres.<\/p>\n<p>Dirij\u00e1monos ahora al Padre con las palabras que el Esp\u00edritu del Se\u00f1or resucitado pone en nuestra boca:<\/p>\n<p>&nbsp;<\/p>\n<p><strong>Padre Nuestro<\/strong><\/p>\n<p>Padre nuestro, que est\u00e1s en el cielo,<\/p>\n<p>santificado sea tu nombre,<\/p>\n<p>venga tu reino,<\/p>\n<p>h\u00e1gase tu voluntad en la tierra como en el cielo.<\/p>\n<p>Danos hoy nuestro pan de cada d\u00eda,<\/p>\n<p>perdona nuestras ofensas,<\/p>\n<p>como tambi\u00e9n nosotros perdonamos a los que nos ofenden;<\/p>\n<p>no nos dejes caer en tentaci\u00f3n,<\/p>\n<p>y l\u00edbranos del mal.<\/p>\n<p>&nbsp;<\/p>\n<p><strong>Oraci\u00f3n<\/strong><\/p>\n<p><strong>Oremos:<\/strong><\/p>\n<p>&nbsp;<\/p>\n<p>Que tu pueblo, Se\u00f1or, exulte siempre al verse renovado y rejuvenecido en el esp\u00edritu, y que la alegr\u00eda de haber recobrado la adopci\u00f3n filial afiance su esperanza de resucitar gloriosamente. Por nuestro Se\u00f1or Jesucristo, tu Hijo, que vive y reina contigo en la unidad del Esp\u00edritu Santo y es Dios, por los siglos de los siglos.<\/p>\n<p>Am\u00e9n.<\/p>\n<p>&nbsp;<\/p>\n<p><strong>Conclusi\u00f3n<\/strong><\/p>\n<ol>\n<li>El Se\u00f1or nos bendiga, nos guarde de todo mal y nos lleve a la vida eterna.<\/li>\n<li>Am\u00e9n.<\/li>\n<\/ol>\n<p><a href=\"https:\/\/iglesiatijuana.org\/web\/wp-content\/uploads\/2020\/04\/2f9ff682-cf9d-4684-bc3f-4ee13386ed4d.jpg\" data-rel=\"lightbox-image-0\" data-rl_title=\"\" data-rl_caption=\"\" title=\"\"><img loading=\"lazy\" decoding=\"async\" class=\"alignnone size-full wp-image-11776\" src=\"https:\/\/iglesiatijuana.org\/web\/wp-content\/uploads\/2020\/04\/2f9ff682-cf9d-4684-bc3f-4ee13386ed4d.jpg\" alt=\"\" width=\"1280\" height=\"604\" srcset=\"https:\/\/iglesiatijuana.org\/web\/wp-content\/uploads\/2020\/04\/2f9ff682-cf9d-4684-bc3f-4ee13386ed4d.jpg 1280w, https:\/\/iglesiatijuana.org\/web\/wp-content\/uploads\/2020\/04\/2f9ff682-cf9d-4684-bc3f-4ee13386ed4d-300x142.jpg 300w, https:\/\/iglesiatijuana.org\/web\/wp-content\/uploads\/2020\/04\/2f9ff682-cf9d-4684-bc3f-4ee13386ed4d-768x362.jpg 768w, https:\/\/iglesiatijuana.org\/web\/wp-content\/uploads\/2020\/04\/2f9ff682-cf9d-4684-bc3f-4ee13386ed4d-1024x483.jpg 1024w, https:\/\/iglesiatijuana.org\/web\/wp-content\/uploads\/2020\/04\/2f9ff682-cf9d-4684-bc3f-4ee13386ed4d-520x245.jpg 520w, https:\/\/iglesiatijuana.org\/web\/wp-content\/uploads\/2020\/04\/2f9ff682-cf9d-4684-bc3f-4ee13386ed4d-720x340.jpg 720w\" sizes=\"auto, (max-width: 1280px) 100vw, 1280px\" \/><\/a><\/p>\n","protected":false},"excerpt":{"rendered":"<p>Domingo, 26 de abril de 2020 &nbsp; Se\u00f1or, abre mis labios. Y mi boca proclamar\u00e1 tu alabanza. Dios m\u00edo, ven en mi auxilio. Se\u00f1or, date prisa en socorrerme. Gloria al Padre, y al Hijo,&#46;&#46;&#46;<\/p>\n","protected":false},"author":101012,"featured_media":11776,"comment_status":"closed","ping_status":"closed","sticky":false,"template":"","format":"standard","meta":{"_exactmetrics_skip_tracking":false,"_exactmetrics_sitenote_active":false,"_exactmetrics_sitenote_note":"","_exactmetrics_sitenote_category":0,"footnotes":""},"categories":[68],"tags":[],"class_list":["post-11833","post","type-post","status-publish","format-standard","has-post-thumbnail","hentry","category-liturgia-de-las-horas"],"_links":{"self":[{"href":"https:\/\/iglesiatijuana.org\/web\/wp-json\/wp\/v2\/posts\/11833","targetHints":{"allow":["GET"]}}],"collection":[{"href":"https:\/\/iglesiatijuana.org\/web\/wp-json\/wp\/v2\/posts"}],"about":[{"href":"https:\/\/iglesiatijuana.org\/web\/wp-json\/wp\/v2\/types\/post"}],"author":[{"embeddable":true,"href":"https:\/\/iglesiatijuana.org\/web\/wp-json\/wp\/v2\/users\/101012"}],"replies":[{"embeddable":true,"href":"https:\/\/iglesiatijuana.org\/web\/wp-json\/wp\/v2\/comments?post=11833"}],"version-history":[{"count":1,"href":"https:\/\/iglesiatijuana.org\/web\/wp-json\/wp\/v2\/posts\/11833\/revisions"}],"predecessor-version":[{"id":11834,"href":"https:\/\/iglesiatijuana.org\/web\/wp-json\/wp\/v2\/posts\/11833\/revisions\/11834"}],"wp:featuredmedia":[{"embeddable":true,"href":"https:\/\/iglesiatijuana.org\/web\/wp-json\/wp\/v2\/media\/11776"}],"wp:attachment":[{"href":"https:\/\/iglesiatijuana.org\/web\/wp-json\/wp\/v2\/media?parent=11833"}],"wp:term":[{"taxonomy":"category","embeddable":true,"href":"https:\/\/iglesiatijuana.org\/web\/wp-json\/wp\/v2\/categories?post=11833"},{"taxonomy":"post_tag","embeddable":true,"href":"https:\/\/iglesiatijuana.org\/web\/wp-json\/wp\/v2\/tags?post=11833"}],"curies":[{"name":"wp","href":"https:\/\/api.w.org\/{rel}","templated":true}]}}