{"id":11835,"date":"2020-04-26T16:00:47","date_gmt":"2020-04-26T23:00:47","guid":{"rendered":"https:\/\/iglesiatijuana.org\/web\/?p=11835"},"modified":"2020-04-25T13:03:59","modified_gmt":"2020-04-25T20:03:59","slug":"visperas-domingo-iii-de-pascua-2020","status":"publish","type":"post","link":"https:\/\/iglesiatijuana.org\/web\/visperas-domingo-iii-de-pascua-2020\/","title":{"rendered":"V\u00edsperas &#8211; DOMINGO III DE PASCUA 2020"},"content":{"rendered":"<p>Domingo 26 de abril de 2020<\/p>\n<p>&nbsp;<\/p>\n<ol>\n<li>Dios m\u00edo, ven en mi auxilio.<\/li>\n<li>Se\u00f1or, date prisa en socorrerme.<\/li>\n<\/ol>\n<p>Gloria al Padre, y al Hijo, y al Esp\u00edritu Santo. Como era en el principio, ahora y siempre, por los siglos de los siglos. Am\u00e9n. Aleluya.<\/p>\n<p>&nbsp;<\/p>\n<p><strong>Himno 1<\/strong><\/p>\n<p>Nuestra Pascua inmolada, aleluya,<\/p>\n<p>es Cristo el Se\u00f1or, aleluya, aleluya.<\/p>\n<p>Pascua sagrada, \u00a1oh fiesta universal!,<\/p>\n<p>el mundo renovado<\/p>\n<p>canta un himno a su Se\u00f1or.<\/p>\n<p>Pascua sagrada, \u00a1victoria de la cruz!<\/p>\n<p>La muerte, derrotada,<\/p>\n<p>ha perdido su aguij\u00f3n.<\/p>\n<p>Pascua sagrada,<\/p>\n<p>&nbsp;<\/p>\n<p>\u00a1oh noche bautismal!<\/p>\n<p>Del seno de las aguas<\/p>\n<p>renacemos al Se\u00f1or.<\/p>\n<p>Pascua sagrada, \u00a1eterna novedad!<\/p>\n<p>Dejad al hombre viejo,<\/p>\n<p>revest\u00edos del Se\u00f1or.<\/p>\n<p>Pascua sagrada. La sala del fest\u00edn<\/p>\n<p>se llena de invitados<\/p>\n<p>que celebran al Se\u00f1or.<\/p>\n<p>Pascua sagrada, \u00a1Cantemos al Se\u00f1or!<\/p>\n<p>Vivamos la alegr\u00eda<\/p>\n<p>dada a luz en el dolor.<\/p>\n<p>&nbsp;<\/p>\n<p><strong>Salmodia<\/strong><\/p>\n<p><strong>Ant\u00edfona 1: El Se\u00f1or se eleva sobre los cielos y levanta del polvo al desvalido. Aleluya.<\/strong><\/p>\n<p><strong>\u00a0<\/strong><\/p>\n<p><strong>Salmo 112<\/strong><\/p>\n<p><strong>\u00a0<\/strong><\/p>\n<p><strong>Alabado sea el nombre del Se\u00f1or<\/strong><\/p>\n<p><strong>\u00a0<\/strong><\/p>\n<p><strong>Derriba del trono a los poderosos y enaltece a los humildes. (Lc 1,52)<\/strong><\/p>\n<p>&nbsp;<\/p>\n<p>Alabad, siervos del Se\u00f1or,<\/p>\n<p>alabad el nombre del Se\u00f1or.<\/p>\n<p>Bendito sea el nombre del Se\u00f1or,<\/p>\n<p>ahora y por siempre:<\/p>\n<p>de la salida del sol hasta su ocaso,<\/p>\n<p>alabado sea el nombre del Se\u00f1or.<\/p>\n<p>&nbsp;<\/p>\n<p>El Se\u00f1or se eleva sobre todos los pueblos,<\/p>\n<p>su gloria sobre los cielos.<\/p>\n<p>\u00bfQui\u00e9n como el Se\u00f1or, Dios nuestro,<\/p>\n<p>que se eleva en su trono<\/p>\n<p>y se abaja para mirar<\/p>\n<p>al cielo y a la tierra?<\/p>\n<p>&nbsp;<\/p>\n<p>Levanta del polvo al desvalido,<\/p>\n<p>alza de la basura al pobre,<\/p>\n<p>para sentarlo con los pr\u00edncipes,<\/p>\n<p>los pr\u00edncipes de su pueblo;<\/p>\n<p>a la est\u00e9ril le da un puesto en la casa,<\/p>\n<p>como madre feliz de hijos.<\/p>\n<p>&nbsp;<\/p>\n<p><strong>Ant\u00edfona 2: Rompiste mis cadenas, Se\u00f1or, te ofrecer\u00e9 un sacrificio de alabanza. Aleluya.<\/strong><\/p>\n<p><strong>\u00a0<\/strong><\/p>\n<p><strong>Salmo 115,10-19<\/strong><\/p>\n<p><strong>\u00a0<\/strong><\/p>\n<p><strong>Acci\u00f3n de gracias en el templo<\/strong><\/p>\n<p><strong>\u00a0<\/strong><\/p>\n<p><strong>Por medio de Jes\u00fas ofrezcamos continuamente a Dios un sacrificio de alabanza. (Hb 13,15)<\/strong><\/p>\n<p>&nbsp;<\/p>\n<p>Ten\u00eda fe, aun cuando dije:<\/p>\n<p>\u00ab\u00a1Qu\u00e9 desgraciado soy!\u00bb<\/p>\n<p>Yo dec\u00eda en mi apuro:<\/p>\n<p>\u00abLos hombres son unos mentirosos.\u00bb<\/p>\n<p>&nbsp;<\/p>\n<p>\u00bfC\u00f3mo pagar\u00e9 al Se\u00f1or<\/p>\n<p>todo el bien que me ha hecho?<\/p>\n<p>Alzar\u00e9 la copa de la salvaci\u00f3n,<\/p>\n<p>invocando su nombre.<\/p>\n<p>Cumplir\u00e9 al Se\u00f1or mis votos<\/p>\n<p>en presencia de todo el pueblo.<\/p>\n<p>&nbsp;<\/p>\n<p>Mucho le cuesta al Se\u00f1or<\/p>\n<p>la muerte de sus fieles.<\/p>\n<p>Se\u00f1or, yo soy tu siervo,<\/p>\n<p>siervo tuyo, hijo de tu esclava:<\/p>\n<p>rompiste mis cadenas.<\/p>\n<p>&nbsp;<\/p>\n<p>Te ofrecer\u00e9 un sacrificio de alabanza,<\/p>\n<p>invocando tu nombre, Se\u00f1or.<\/p>\n<p>Cumplir\u00e9 al Se\u00f1or mis votos<\/p>\n<p>en presencia de todo el pueblo,<\/p>\n<p>en el atrio de la casa del Se\u00f1or,<\/p>\n<p>en medio de ti, Jerusal\u00e9n.<\/p>\n<p>&nbsp;<\/p>\n<p><strong>Ant\u00edfona 3: El Hijo de Dios aprendi\u00f3, sufriendo, a obedecer, y se ha convertido para todos los que le obedecen en autor de salvaci\u00f3n eterna. Aleluya.<\/strong><\/p>\n<p><strong>\u00a0<\/strong><\/p>\n<p><strong>Flp 2,6-11<\/strong><\/p>\n<p><strong>\u00a0<\/strong><\/p>\n<p><strong>Cristo, siervo de Dios, en su misterio pascual<\/strong><\/p>\n<p>&nbsp;<\/p>\n<p>Cristo, a pesar de su condici\u00f3n divina,<\/p>\n<p>no hizo alarde de su categor\u00eda de Dios;<\/p>\n<p>al contrario, se despoj\u00f3 de su rango<\/p>\n<p>y tom\u00f3 la condici\u00f3n de esclavo,<\/p>\n<p>pasando por uno de tantos.<\/p>\n<p>&nbsp;<\/p>\n<p>Y as\u00ed, actuando como un hombre cualquiera,<\/p>\n<p>se rebaj\u00f3 hasta someterse incluso a la muerte,<\/p>\n<p>y una muerte de cruz.<\/p>\n<p>&nbsp;<\/p>\n<p>Por eso Dios lo levant\u00f3, sobre todo<\/p>\n<p>y le concedi\u00f3 el \u00abNombre-sobre-todo-nombre\u00bb;<\/p>\n<p>de modo que al nombre de Jes\u00fas toda rodilla se doble<\/p>\n<p>en el cielo, en la tierra, en el abismo,<\/p>\n<p>y toda lengua proclame:<\/p>\n<p>Jesucristo es Se\u00f1or, para gloria de Dios Padre.<\/p>\n<p>&nbsp;<\/p>\n<p><strong>Lectura Breve<\/strong><\/p>\n<p><strong>1 Pe 2, 9-10<\/strong><\/p>\n<p>&nbsp;<\/p>\n<p>Vosotros sois linaje escogido, sacerdocio regio, naci\u00f3n santa, pueblo adquirido por Dios para proclamar las haza\u00f1as del que os llam\u00f3 a salir de la tiniebla y a entrar en su luz maravillosa. Vosotros, que en otro tiempo no erais pueblo, sois ahora pueblo de Dios; vosotros, que estabais excluidos de la misericordia, sois ahora objeto de la misericordia de Dios.<\/p>\n<p>&nbsp;<\/p>\n<p><strong>Responsorio Breve<\/strong><\/p>\n<ol>\n<li>Los disc\u00edpulos se llenaron de alegr\u00eda. Aleluya, aleluya.<\/li>\n<li>Los disc\u00edpulos se llenaron de alegr\u00eda. Aleluya, aleluya.<\/li>\n<li>Al ver al Se\u00f1or.<\/li>\n<li>Aleluya, aleluya.<\/li>\n<li>Gloria al Padre, y al Hijo, y al Esp\u00edritu Santo.<\/li>\n<li>Los disc\u00edpulos se llenaron de alegr\u00eda. Aleluya, aleluya.<\/li>\n<\/ol>\n<p>&nbsp;<\/p>\n<p><strong>Canto Evang\u00e9lico<\/strong><\/p>\n<p><strong>Ant\u00edfona: Qu\u00e9date con nosotros, Se\u00f1or, porque ya es tarde y el d\u00eda se va. Aleluya.<\/strong><\/p>\n<p><strong>\u00a0<\/strong><\/p>\n<p><strong>Ver ant\u00edfona alternativa<\/strong><\/p>\n<p><strong>Magn\u00edficat Lc 1, 46-55<\/strong><\/p>\n<p><strong>\u00a0<\/strong><\/p>\n<p><strong>Alegr\u00eda del alma en el Se\u00f1or<\/strong><\/p>\n<p>&nbsp;<\/p>\n<p>Proclama mi alma la grandeza del Se\u00f1or,<\/p>\n<p>se alegra mi esp\u00edritu en Dios, mi salvador;<\/p>\n<p>porque ha mirado la humillaci\u00f3n de su esclava.<\/p>\n<p>&nbsp;<\/p>\n<p>Desde ahora me felicitar\u00e1n todas las generaciones,<\/p>\n<p>porque el Poderoso ha hecho obras grandes por m\u00ed:<\/p>\n<p>su nombre es santo,<\/p>\n<p>y su misericordia llega a sus fieles<\/p>\n<p>de generaci\u00f3n en generaci\u00f3n.<\/p>\n<p>&nbsp;<\/p>\n<p>\u00c9l hace proezas con su brazo:<\/p>\n<p>dispersa a los soberbios de coraz\u00f3n,<\/p>\n<p>derriba del trono a los poderosos<\/p>\n<p>y enaltece a los humildes,<\/p>\n<p>a los hambrientos los colma de bienes<\/p>\n<p>y a los ricos los despide vac\u00edos.<\/p>\n<p>&nbsp;<\/p>\n<p>Auxilia a Israel, su siervo,<\/p>\n<p>acord\u00e1ndose de la misericordia<\/p>\n<p>\u2014como lo hab\u00eda prometido a nuestros padres\u2014<\/p>\n<p>en favor de Abrah\u00e1n y su descendencia por siempre.<\/p>\n<p>&nbsp;<\/p>\n<p>Gloria al Padre, y al Hijo, y al Esp\u00edritu Santo.<\/p>\n<p>Como era en el principio, ahora y siempre,<\/p>\n<p>por los siglos de los siglos. Am\u00e9n.<\/p>\n<p>&nbsp;<\/p>\n<p>Preces<\/p>\n<p>Oremos a Cristo, vida y resurrecci\u00f3n de todos los hombres, y dig\u00e1mosle con fe:<\/p>\n<p>Hijo de Dios vivo, protege a tu pueblo.<\/p>\n<p>Te rogamos, Se\u00f1or, por tu Iglesia extendida por todo el mundo,<\/p>\n<p>\u2014 santif\u00edcala y haz que cumpla su misi\u00f3n de llevar tu reino a todos los hombres.<\/p>\n<p>Te pedimos por los que sufren hambre y por los que est\u00e1n tristes, por los enfermos, los oprimidos y los desterrados,<\/p>\n<p>\u2014 dales, Se\u00f1or, ayuda y consuelo.<\/p>\n<p>Te pedimos por los que se han apartado de ti por el error o por el pecado,<\/p>\n<p>\u2014 que obtengan la gracia de tu perd\u00f3n y el don de una vida nueva.<\/p>\n<p>Salvador del mundo, t\u00fa que fuiste crucificado, resucitaste y has de venir a juzgar al<\/p>\n<p>mundo,<\/p>\n<p>\u2014 ten piedad de nosotros, pecadores.<\/p>\n<p>Aqu\u00ed se pueden a\u00f1adir algunas intenciones libres.<\/p>\n<p>Te rogamos, Se\u00f1or, por los que viven en el mundo,<\/p>\n<p>\u2014 y por los que han salido ya de \u00e9l, con la esperanza de la resurrecci\u00f3n.<\/p>\n<p>Terminemos nuestra oraci\u00f3n con las palabras del Se\u00f1or:<\/p>\n<p>&nbsp;<\/p>\n<p><strong>Padre Nuestro<\/strong><\/p>\n<p>Padre nuestro, que est\u00e1s en el cielo,<\/p>\n<p>santificado sea tu nombre,<\/p>\n<p>venga tu reino,<\/p>\n<p>h\u00e1gase tu voluntad en la tierra como en el cielo.<\/p>\n<p>Danos hoy nuestro pan de cada d\u00eda,<\/p>\n<p>perdona nuestras ofensas,<\/p>\n<p>como tambi\u00e9n nosotros perdonamos a los que nos ofenden;<\/p>\n<p>no nos dejes caer en tentaci\u00f3n,<\/p>\n<p>y l\u00edbranos del mal.<\/p>\n<p>&nbsp;<\/p>\n<p><strong>Oraci\u00f3n<\/strong><\/p>\n<p>Oremos:<\/p>\n<p>&nbsp;<\/p>\n<p>Que tu pueblo, Se\u00f1or, exulte siempre al verse renovado y rejuvenecido en el esp\u00edritu, y que la alegr\u00eda de haber recobrado la adopci\u00f3n filial afiance su esperanza de resucitar gloriosamente. Por nuestro Se\u00f1or Jesucristo, tu Hijo, que vive y reina contigo en la unidad del Esp\u00edritu Santo y es Dios, por los siglos de los siglos.<\/p>\n<p>Am\u00e9n.<\/p>\n<p>&nbsp;<\/p>\n<p><strong>Conclusi\u00f3n<\/strong><\/p>\n<ol>\n<li>El Se\u00f1or nos bendiga, nos guarde de todo mal y nos lleve a la vida eterna.<\/li>\n<li>Am\u00e9n.<\/li>\n<\/ol>\n<p><a href=\"https:\/\/iglesiatijuana.org\/web\/wp-content\/uploads\/2020\/04\/2f9ff682-cf9d-4684-bc3f-4ee13386ed4d.jpg\" data-rel=\"lightbox-image-0\" data-rl_title=\"\" data-rl_caption=\"\" title=\"\"><img loading=\"lazy\" decoding=\"async\" class=\"alignnone size-full wp-image-11776\" src=\"https:\/\/iglesiatijuana.org\/web\/wp-content\/uploads\/2020\/04\/2f9ff682-cf9d-4684-bc3f-4ee13386ed4d.jpg\" alt=\"\" width=\"1280\" height=\"604\" srcset=\"https:\/\/iglesiatijuana.org\/web\/wp-content\/uploads\/2020\/04\/2f9ff682-cf9d-4684-bc3f-4ee13386ed4d.jpg 1280w, https:\/\/iglesiatijuana.org\/web\/wp-content\/uploads\/2020\/04\/2f9ff682-cf9d-4684-bc3f-4ee13386ed4d-300x142.jpg 300w, https:\/\/iglesiatijuana.org\/web\/wp-content\/uploads\/2020\/04\/2f9ff682-cf9d-4684-bc3f-4ee13386ed4d-768x362.jpg 768w, https:\/\/iglesiatijuana.org\/web\/wp-content\/uploads\/2020\/04\/2f9ff682-cf9d-4684-bc3f-4ee13386ed4d-1024x483.jpg 1024w, https:\/\/iglesiatijuana.org\/web\/wp-content\/uploads\/2020\/04\/2f9ff682-cf9d-4684-bc3f-4ee13386ed4d-520x245.jpg 520w, https:\/\/iglesiatijuana.org\/web\/wp-content\/uploads\/2020\/04\/2f9ff682-cf9d-4684-bc3f-4ee13386ed4d-720x340.jpg 720w\" sizes=\"auto, (max-width: 1280px) 100vw, 1280px\" \/><\/a><\/p>\n","protected":false},"excerpt":{"rendered":"<p>Domingo 26 de abril de 2020 &nbsp; Dios m\u00edo, ven en mi auxilio. Se\u00f1or, date prisa en socorrerme. Gloria al Padre, y al Hijo, y al Esp\u00edritu Santo. Como era en el principio, ahora&#46;&#46;&#46;<\/p>\n","protected":false},"author":101012,"featured_media":11776,"comment_status":"closed","ping_status":"closed","sticky":false,"template":"","format":"standard","meta":{"_exactmetrics_skip_tracking":false,"_exactmetrics_sitenote_active":false,"_exactmetrics_sitenote_note":"","_exactmetrics_sitenote_category":0,"footnotes":""},"categories":[68],"tags":[],"class_list":["post-11835","post","type-post","status-publish","format-standard","has-post-thumbnail","hentry","category-liturgia-de-las-horas"],"_links":{"self":[{"href":"https:\/\/iglesiatijuana.org\/web\/wp-json\/wp\/v2\/posts\/11835","targetHints":{"allow":["GET"]}}],"collection":[{"href":"https:\/\/iglesiatijuana.org\/web\/wp-json\/wp\/v2\/posts"}],"about":[{"href":"https:\/\/iglesiatijuana.org\/web\/wp-json\/wp\/v2\/types\/post"}],"author":[{"embeddable":true,"href":"https:\/\/iglesiatijuana.org\/web\/wp-json\/wp\/v2\/users\/101012"}],"replies":[{"embeddable":true,"href":"https:\/\/iglesiatijuana.org\/web\/wp-json\/wp\/v2\/comments?post=11835"}],"version-history":[{"count":1,"href":"https:\/\/iglesiatijuana.org\/web\/wp-json\/wp\/v2\/posts\/11835\/revisions"}],"predecessor-version":[{"id":11836,"href":"https:\/\/iglesiatijuana.org\/web\/wp-json\/wp\/v2\/posts\/11835\/revisions\/11836"}],"wp:featuredmedia":[{"embeddable":true,"href":"https:\/\/iglesiatijuana.org\/web\/wp-json\/wp\/v2\/media\/11776"}],"wp:attachment":[{"href":"https:\/\/iglesiatijuana.org\/web\/wp-json\/wp\/v2\/media?parent=11835"}],"wp:term":[{"taxonomy":"category","embeddable":true,"href":"https:\/\/iglesiatijuana.org\/web\/wp-json\/wp\/v2\/categories?post=11835"},{"taxonomy":"post_tag","embeddable":true,"href":"https:\/\/iglesiatijuana.org\/web\/wp-json\/wp\/v2\/tags?post=11835"}],"curies":[{"name":"wp","href":"https:\/\/api.w.org\/{rel}","templated":true}]}}