{"id":11843,"date":"2020-04-27T16:00:51","date_gmt":"2020-04-27T23:00:51","guid":{"rendered":"https:\/\/iglesiatijuana.org\/web\/?p=11843"},"modified":"2020-04-26T12:00:52","modified_gmt":"2020-04-26T19:00:52","slug":"visperas-lunes-iii-semana-de-pascua-2020","status":"publish","type":"post","link":"https:\/\/iglesiatijuana.org\/web\/visperas-lunes-iii-semana-de-pascua-2020\/","title":{"rendered":"V\u00edsperas &#8211; LUNES III SEMANA DE PASCUA 2020"},"content":{"rendered":"<p>Lunes, 27 de abril de 2020.<\/p>\n<p>&nbsp;<\/p>\n<ol>\n<li>Dios m\u00edo, ven en mi auxilio.<\/li>\n<li>Se\u00f1or, date prisa en socorrerme.<\/li>\n<\/ol>\n<p>Gloria al Padre, y al Hijo, y al Esp\u00edritu Santo. Como era en el principio, ahora y siempre, por los siglos de los siglos. Am\u00e9n. Aleluya.<\/p>\n<p>&nbsp;<\/p>\n<p><strong>Himno 1<\/strong><\/p>\n<p>Nuestra Pascua inmolada, aleluya,<\/p>\n<p>es Cristo el Se\u00f1or, aleluya, aleluya.<\/p>\n<p>Pascua sagrada, \u00a1oh fiesta universal!,<\/p>\n<p>el mundo renovado<\/p>\n<p>canta un himno a su Se\u00f1or.<\/p>\n<p>Pascua sagrada, \u00a1victoria de la cruz!<\/p>\n<p>La muerte, derrotada,<\/p>\n<p>ha perdido su aguij\u00f3n.<\/p>\n<p>Pascua sagrada,<\/p>\n<p>&nbsp;<\/p>\n<p>\u00a1oh noche bautismal!<\/p>\n<p>Del seno de las aguas<\/p>\n<p>renacemos al Se\u00f1or.<\/p>\n<p>Pascua sagrada, \u00a1eterna novedad!<\/p>\n<p>Dejad al hombre viejo,<\/p>\n<p>revest\u00edos del Se\u00f1or.<\/p>\n<p>Pascua sagrada. La sala del fest\u00edn<\/p>\n<p>se llena de invitados<\/p>\n<p>que celebran al Se\u00f1or.<\/p>\n<p>Pascua sagrada, \u00a1Cantemos al Se\u00f1or!<\/p>\n<p>Vivamos la alegr\u00eda<\/p>\n<p>dada a luz en el dolor.<\/p>\n<p>&nbsp;<\/p>\n<p><strong>Salmodia<\/strong><\/p>\n<p><strong>Ant\u00edfona 1: Ser\u00e1 el Se\u00f1or tu luz perpetua, y tu Dios ser\u00e1 tu esplendor. Aleluya.<\/strong><\/p>\n<p><strong>\u00a0<\/strong><\/p>\n<p><strong>Salmo 122<\/strong><\/p>\n<p><strong>\u00a0<\/strong><\/p>\n<p><strong>El Se\u00f1or, esperanza del pueblo<\/strong><\/p>\n<p>&nbsp;<\/p>\n<p>Dos ciegos\u2026 se pusieron a gritar: \u00ab\u00a1Ten compasi\u00f3n de nosotros, \u00a1Se\u00f1or, Hijo de David!\u00bb. (Mt 20,30)<\/p>\n<p>&nbsp;<\/p>\n<p>A ti levanto mis ojos,<\/p>\n<p>a ti que habitas en el cielo.<\/p>\n<p>&nbsp;<\/p>\n<p>Como est\u00e1n los ojos de los esclavos<\/p>\n<p>fijos en las manos de sus se\u00f1ores,<\/p>\n<p>como est\u00e1n los ojos de la esclava<\/p>\n<p>fijos en las manos de su se\u00f1ora,<\/p>\n<p>as\u00ed est\u00e1n nuestros ojos<\/p>\n<p>en el Se\u00f1or, Dios nuestro,<\/p>\n<p>esperando su misericordia.<\/p>\n<p>Misericordia, Se\u00f1or, misericordia,<\/p>\n<p>&nbsp;<\/p>\n<p>que estamos saciados de desprecios;<\/p>\n<p>nuestra alma est\u00e1 saciada<\/p>\n<p>del sarcasmo de los satisfechos,<\/p>\n<p>del desprecio de los orgullosos.<\/p>\n<p>&nbsp;<\/p>\n<p><strong>Ant\u00edfona 2: La trampa se rompi\u00f3, y escapamos. Aleluya.<\/strong><\/p>\n<p><strong>\u00a0<\/strong><\/p>\n<p><strong>Salmo 123<\/strong><\/p>\n<p><strong>\u00a0<\/strong><\/p>\n<p><strong>Nuestro auxilio es el nombre del Se\u00f1or<\/strong><\/p>\n<p><strong>\u00a0<\/strong><\/p>\n<p><strong>Dijo el Se\u00f1or a Pablo: \u00abNo temas\u2026, que yo estoy contigo\u00bb. (Hch 18,9.10)<\/strong><\/p>\n<p>&nbsp;<\/p>\n<p>Si el Se\u00f1or no hubiera estado de nuestra parte<\/p>\n<p>\u2014que lo diga Israel\u2014,<\/p>\n<p>si el Se\u00f1or no hubiera estado de nuestra parte,<\/p>\n<p>cuando nos asaltaban los hombres,<\/p>\n<p>nos habr\u00edan tragado vivos:<\/p>\n<p>tanto ard\u00eda su ira contra nosotros.<\/p>\n<p>&nbsp;<\/p>\n<p>Nos habr\u00edan arrollado las aguas,<\/p>\n<p>lleg\u00e1ndonos el torrente hasta el cuello;<\/p>\n<p>nos habr\u00edan llegado hasta el cuello<\/p>\n<p>las aguas espumantes.<\/p>\n<p>&nbsp;<\/p>\n<p>Bendito el Se\u00f1or, que no nos entreg\u00f3<\/p>\n<p>en presa a sus dientes;<\/p>\n<p>hemos salvado la vida, como un p\u00e1jaro<\/p>\n<p>de la trampa del cazador:<\/p>\n<p>la trampa se rompi\u00f3, y escapamos.<\/p>\n<p>&nbsp;<\/p>\n<p>Nuestro auxilio es el nombre del Se\u00f1or,<\/p>\n<p>que hizo el cielo y la tierra.<\/p>\n<p>&nbsp;<\/p>\n<p><strong>Ant\u00edfona 3: Cuando yo sea elevado sobre la tierra, atraer\u00e9 a todos hacia m\u00ed. Aleluya.<\/strong><\/p>\n<p><strong>\u00a0<\/strong><\/p>\n<p><strong>Ef 1,3-10<\/strong><\/p>\n<p><strong>\u00a0<\/strong><\/p>\n<p><strong>El Dios salvador<\/strong><\/p>\n<p>&nbsp;<\/p>\n<p>Bendito sea Dios,<\/p>\n<p>Padre de nuestro Se\u00f1or Jesucristo,<\/p>\n<p>que nos ha bendecido en la persona de Cristo<\/p>\n<p>con toda clase de bienes espirituales y celestiales.<\/p>\n<p>&nbsp;<\/p>\n<p>\u00c9l nos eligi\u00f3 en la persona de Cristo,<\/p>\n<p>antes de crear el mundo,<\/p>\n<p>para que fu\u00e9semos santos<\/p>\n<p>e irreprochables ante \u00e9l por el amor.<\/p>\n<p>&nbsp;<\/p>\n<p>\u00c9l nos ha destinado en la persona de Cristo,<\/p>\n<p>por pura iniciativa suya,<\/p>\n<p>a ser sus hijos,<\/p>\n<p>para que la gloria de su gracia,<\/p>\n<p>que tan generosamente nos ha concedido<\/p>\n<p>en su querido Hijo,<\/p>\n<p>redunde en alabanza suya.<\/p>\n<p>&nbsp;<\/p>\n<p>Por este Hijo, por su sangre,<\/p>\n<p>hemos recibido la redenci\u00f3n,<\/p>\n<p>el perd\u00f3n de los pecados.<\/p>\n<p>El tesoro de su gracia, sabidur\u00eda y prudencia<\/p>\n<p>ha sido un derroche para con nosotros,<\/p>\n<p>d\u00e1ndonos a conocer el misterio de su voluntad.<\/p>\n<p>&nbsp;<\/p>\n<p>\u00c9ste es el plan<\/p>\n<p>que hab\u00eda proyectado realizar por Cristo<\/p>\n<p>cuando llegase el momento culminante:<\/p>\n<p>recapitular en Cristo todas las cosas<\/p>\n<p>del cielo y de la tierra.<\/p>\n<p>&nbsp;<\/p>\n<p><strong>Lectura Breve<\/strong><\/p>\n<p><strong>Hb 8, 1b-3<\/strong><\/p>\n<p>&nbsp;<\/p>\n<p>Tenemos un sumo sacerdote que est\u00e1 sentado a la diestra del trono de la Majestad en los cielos. \u00c9l es ministro del santuario y de la verdadera Tienda de Reuni\u00f3n que fue fabricada por el Se\u00f1or y no por hombre alguno. Todo sumo sacerdote es instituido para ofrecer oblaciones y sacrificios.<\/p>\n<p>&nbsp;<\/p>\n<p><strong>Responsorio Breve<\/strong><\/p>\n<ol>\n<li>Los disc\u00edpulos se llenaron de alegr\u00eda. Aleluya, aleluya.<\/li>\n<li>Los disc\u00edpulos se llenaron de alegr\u00eda. Aleluya, aleluya.<\/li>\n<li>Al ver al Se\u00f1or.<\/li>\n<li>Aleluya, aleluya.<\/li>\n<li>Gloria al Padre, y al Hijo, y al Esp\u00edritu Santo.<\/li>\n<li>Los disc\u00edpulos se llenaron de alegr\u00eda. Aleluya, aleluya.<\/li>\n<\/ol>\n<p>&nbsp;<\/p>\n<p><strong>Canto Evang\u00e9lico<\/strong><\/p>\n<p><strong>Ant\u00edfona: \u00c9sta es la obra de Dios: que cre\u00e1is plenamente en aquel que \u00e9l ha enviado. Aleluya.<\/strong><\/p>\n<p><strong>\u00a0<\/strong><\/p>\n<p><strong>Magn\u00edficat Lc 1, 46-55<\/strong><\/p>\n<p><strong>\u00a0<\/strong><\/p>\n<p><strong>Alegr\u00eda del alma en el Se\u00f1or<\/strong><\/p>\n<p>&nbsp;<\/p>\n<p>Proclama mi alma la grandeza del Se\u00f1or,<\/p>\n<p>se alegra mi esp\u00edritu en Dios, mi salvador;<\/p>\n<p>porque ha mirado la humillaci\u00f3n de su esclava.<\/p>\n<p>&nbsp;<\/p>\n<p>Desde ahora me felicitar\u00e1n todas las generaciones,<\/p>\n<p>porque el Poderoso ha hecho obras grandes por m\u00ed:<\/p>\n<p>su nombre es santo,<\/p>\n<p>y su misericordia llega a sus fieles<\/p>\n<p>de generaci\u00f3n en generaci\u00f3n.<\/p>\n<p>&nbsp;<\/p>\n<p>\u00c9l hace proezas con su brazo:<\/p>\n<p>dispersa a los soberbios de coraz\u00f3n,<\/p>\n<p>derriba del trono a los poderosos<\/p>\n<p>y enaltece a los humildes,<\/p>\n<p>a los hambrientos los colma de bienes<\/p>\n<p>y a los ricos los despide vac\u00edos.<\/p>\n<p>&nbsp;<\/p>\n<p>Auxilia a Israel, su siervo,<\/p>\n<p>acord\u00e1ndose de la misericordia<\/p>\n<p>\u2014como lo hab\u00eda prometido a nuestros padres\u2014<\/p>\n<p>en favor de Abrah\u00e1n y su descendencia por siempre.<\/p>\n<p>&nbsp;<\/p>\n<p>Gloria al Padre, y al Hijo, y al Esp\u00edritu Santo.<\/p>\n<p>Como era en el principio, ahora y siempre,<\/p>\n<p>por los siglos de los siglos. Am\u00e9n.<\/p>\n<p>&nbsp;<\/p>\n<p><strong>Preces<\/strong><\/p>\n<p>Con esp\u00edritu gozoso, invoquemos a Cristo, a cuya humanidad dio vida el Esp\u00edritu Santo, haci\u00e9ndolo fuente de vida para los hombres, y dig\u00e1mosle:<\/p>\n<p>Renueva y da vida a todas las cosas, Se\u00f1or.<\/p>\n<p>Cristo, salvador del mundo y rey de la nueva creaci\u00f3n, haz que, ya desde ahora, con el esp\u00edritu vivamos en tu reino,<\/p>\n<p>\u2014 donde est\u00e1s sentado a la derecha del Padre.<\/p>\n<p>Se\u00f1or, t\u00fa que vives en tu Iglesia hasta el fin de los tiempos,<\/p>\n<p>\u2014 cond\u00facela por el Esp\u00edritu Santo al conocimiento de toda verdad.<\/p>\n<p>Que los enfermos, los moribundos y todos los que sufren encuentren luz en tu victoria,<\/p>\n<p>\u2014 y que tu gloriosa resurrecci\u00f3n los consuele y los conforte.<\/p>\n<p>Aqu\u00ed se pueden a\u00f1adir algunas intenciones libres.<\/p>\n<p>Al terminar este d\u00eda, te ofrecemos nuestro homenaje, oh Cristo, luz imperecedera,<\/p>\n<p>\u2014 y te pedimos que con la gloria de tu resurrecci\u00f3n ilumines a nuestros hermanos<\/p>\n<p>difuntos. Porque Jesucristo nos ha hecho participar de su propia vida, somos hijos de Dios y por ello nos atrevemos a decir:<\/p>\n<p>&nbsp;<\/p>\n<p><strong>Padre Nuestro<\/strong><\/p>\n<p>Padre nuestro, que est\u00e1s en el cielo,<\/p>\n<p>santificado sea tu nombre,<\/p>\n<p>venga tu reino,<\/p>\n<p>h\u00e1gase tu voluntad en la tierra como en el cielo.<\/p>\n<p>Danos hoy nuestro pan de cada d\u00eda,<\/p>\n<p>perdona nuestras ofensas,<\/p>\n<p>como tambi\u00e9n nosotros perdonamos a los que nos ofenden;<\/p>\n<p>no nos dejes caer en tentaci\u00f3n,<\/p>\n<p>y l\u00edbranos del mal.<\/p>\n<p>&nbsp;<\/p>\n<p><strong>Oraci\u00f3n<\/strong><\/p>\n<p>Oh Dios, que muestras la luz de tu verdad a los que andan extraviados para que puedan volver al buen camino, concede a todos los cristianos rechazar lo que es indigno de este nombre, y cumplir cuanto en \u00e9l se significa. Por nuestro Se\u00f1or Jesucristo, tu Hijo, que vive y reina contigo en la unidad del Esp\u00edritu Santo y es Dios, por los siglos de los siglos.<\/p>\n<p>Am\u00e9n.<\/p>\n<p><strong>\u00a0<\/strong><\/p>\n<p><strong>Conclusi\u00f3n<\/strong><\/p>\n<ol>\n<li>El Se\u00f1or nos bendiga, nos guarde de todo mal y nos lleve a la vida eterna.<\/li>\n<li>Am\u00e9n.<\/li>\n<\/ol>\n<p><a href=\"https:\/\/iglesiatijuana.org\/web\/wp-content\/uploads\/2020\/04\/2f9ff682-cf9d-4684-bc3f-4ee13386ed4d.jpg\" data-rel=\"lightbox-image-0\" data-rl_title=\"\" data-rl_caption=\"\" title=\"\"><img loading=\"lazy\" decoding=\"async\" class=\"alignnone size-full wp-image-11776\" src=\"https:\/\/iglesiatijuana.org\/web\/wp-content\/uploads\/2020\/04\/2f9ff682-cf9d-4684-bc3f-4ee13386ed4d.jpg\" alt=\"\" width=\"1280\" height=\"604\" srcset=\"https:\/\/iglesiatijuana.org\/web\/wp-content\/uploads\/2020\/04\/2f9ff682-cf9d-4684-bc3f-4ee13386ed4d.jpg 1280w, https:\/\/iglesiatijuana.org\/web\/wp-content\/uploads\/2020\/04\/2f9ff682-cf9d-4684-bc3f-4ee13386ed4d-300x142.jpg 300w, https:\/\/iglesiatijuana.org\/web\/wp-content\/uploads\/2020\/04\/2f9ff682-cf9d-4684-bc3f-4ee13386ed4d-768x362.jpg 768w, https:\/\/iglesiatijuana.org\/web\/wp-content\/uploads\/2020\/04\/2f9ff682-cf9d-4684-bc3f-4ee13386ed4d-1024x483.jpg 1024w, https:\/\/iglesiatijuana.org\/web\/wp-content\/uploads\/2020\/04\/2f9ff682-cf9d-4684-bc3f-4ee13386ed4d-520x245.jpg 520w, https:\/\/iglesiatijuana.org\/web\/wp-content\/uploads\/2020\/04\/2f9ff682-cf9d-4684-bc3f-4ee13386ed4d-720x340.jpg 720w\" sizes=\"auto, (max-width: 1280px) 100vw, 1280px\" \/><\/a><\/p>\n","protected":false},"excerpt":{"rendered":"<p>Lunes, 27 de abril de 2020. &nbsp; Dios m\u00edo, ven en mi auxilio. Se\u00f1or, date prisa en socorrerme. Gloria al Padre, y al Hijo, y al Esp\u00edritu Santo. Como era en el principio, ahora&#46;&#46;&#46;<\/p>\n","protected":false},"author":101012,"featured_media":11776,"comment_status":"closed","ping_status":"closed","sticky":false,"template":"","format":"standard","meta":{"_exactmetrics_skip_tracking":false,"_exactmetrics_sitenote_active":false,"_exactmetrics_sitenote_note":"","_exactmetrics_sitenote_category":0,"footnotes":""},"categories":[68],"tags":[],"class_list":["post-11843","post","type-post","status-publish","format-standard","has-post-thumbnail","hentry","category-liturgia-de-las-horas"],"_links":{"self":[{"href":"https:\/\/iglesiatijuana.org\/web\/wp-json\/wp\/v2\/posts\/11843","targetHints":{"allow":["GET"]}}],"collection":[{"href":"https:\/\/iglesiatijuana.org\/web\/wp-json\/wp\/v2\/posts"}],"about":[{"href":"https:\/\/iglesiatijuana.org\/web\/wp-json\/wp\/v2\/types\/post"}],"author":[{"embeddable":true,"href":"https:\/\/iglesiatijuana.org\/web\/wp-json\/wp\/v2\/users\/101012"}],"replies":[{"embeddable":true,"href":"https:\/\/iglesiatijuana.org\/web\/wp-json\/wp\/v2\/comments?post=11843"}],"version-history":[{"count":1,"href":"https:\/\/iglesiatijuana.org\/web\/wp-json\/wp\/v2\/posts\/11843\/revisions"}],"predecessor-version":[{"id":11844,"href":"https:\/\/iglesiatijuana.org\/web\/wp-json\/wp\/v2\/posts\/11843\/revisions\/11844"}],"wp:featuredmedia":[{"embeddable":true,"href":"https:\/\/iglesiatijuana.org\/web\/wp-json\/wp\/v2\/media\/11776"}],"wp:attachment":[{"href":"https:\/\/iglesiatijuana.org\/web\/wp-json\/wp\/v2\/media?parent=11843"}],"wp:term":[{"taxonomy":"category","embeddable":true,"href":"https:\/\/iglesiatijuana.org\/web\/wp-json\/wp\/v2\/categories?post=11843"},{"taxonomy":"post_tag","embeddable":true,"href":"https:\/\/iglesiatijuana.org\/web\/wp-json\/wp\/v2\/tags?post=11843"}],"curies":[{"name":"wp","href":"https:\/\/api.w.org\/{rel}","templated":true}]}}