{"id":11865,"date":"2020-04-28T16:00:37","date_gmt":"2020-04-28T23:00:37","guid":{"rendered":"https:\/\/iglesiatijuana.org\/web\/?p=11865"},"modified":"2020-04-27T12:20:29","modified_gmt":"2020-04-27T19:20:29","slug":"visperas-martes-iii-semana-de-pascua-2020","status":"publish","type":"post","link":"https:\/\/iglesiatijuana.org\/web\/visperas-martes-iii-semana-de-pascua-2020\/","title":{"rendered":"V\u00edsperas &#8211; MARTES III SEMANA DE PASCUA 2020"},"content":{"rendered":"<p>Martes, 28 de abril de 2020.<\/p>\n<p>&nbsp;<\/p>\n<ol>\n<li>Dios m\u00edo, ven en mi auxilio.<\/li>\n<li>Se\u00f1or, date prisa en socorrerme.<\/li>\n<\/ol>\n<p>Gloria al Padre, y al Hijo, y al Esp\u00edritu Santo. Como era en el principio, ahora y siempre, por los siglos de los siglos. Am\u00e9n. Aleluya.<\/p>\n<p>&nbsp;<\/p>\n<p>Himno 1<\/p>\n<p>Nuestra Pascua inmolada, aleluya,<\/p>\n<p>es Cristo el Se\u00f1or, aleluya, aleluya.<\/p>\n<p>Pascua sagrada, \u00a1oh fiesta universal!,<\/p>\n<p>el mundo renovado<\/p>\n<p>canta un himno a su Se\u00f1or.<\/p>\n<p>Pascua sagrada, \u00a1victoria de la cruz!<\/p>\n<p>La muerte, derrotada,<\/p>\n<p>ha perdido su aguij\u00f3n.<\/p>\n<p>Pascua sagrada,<\/p>\n<p>&nbsp;<\/p>\n<p>\u00a1oh noche bautismal!<\/p>\n<p>Del seno de las aguas<\/p>\n<p>renacemos al Se\u00f1or.<\/p>\n<p>Pascua sagrada, \u00a1eterna novedad!<\/p>\n<p>Dejad al hombre viejo,<\/p>\n<p>revest\u00edos del Se\u00f1or.<\/p>\n<p>Pascua sagrada. La sala del fest\u00edn<\/p>\n<p>se llena de invitados<\/p>\n<p>que celebran al Se\u00f1or.<\/p>\n<p>Pascua sagrada, \u00a1Cantemos al Se\u00f1or!<\/p>\n<p>Vivamos la alegr\u00eda<\/p>\n<p>dada a luz en el dolor.<\/p>\n<p>&nbsp;<\/p>\n<p><strong>Salmodia<\/strong><\/p>\n<p><strong>Ant\u00edfona 1: Paz a vosotros, soy yo, no tem\u00e1is. Aleluya.<\/strong><\/p>\n<p><strong>\u00a0<\/strong><\/p>\n<p><strong>Salmo 124<\/strong><\/p>\n<p><strong>\u00a0<\/strong><\/p>\n<p><strong>El Se\u00f1or vela por su pueblo<\/strong><\/p>\n<p><strong>\u00a0<\/strong><\/p>\n<p><strong>Paz sobre el Israel de Dios. (Ga 6,16)<\/strong><\/p>\n<p>&nbsp;<\/p>\n<p>Los que conf\u00edan en el Se\u00f1or son como el monte Si\u00f3n:<\/p>\n<p>no tiembla, est\u00e1 asentado para siempre.<\/p>\n<p>&nbsp;<\/p>\n<p>Jerusal\u00e9n est\u00e1 rodeada de monta\u00f1as,<\/p>\n<p>y el Se\u00f1or rodea a su pueblo<\/p>\n<p>ahora y por siempre.<\/p>\n<p>&nbsp;<\/p>\n<p>No pesar\u00e1 el cetro de los malvados<\/p>\n<p>sobre el lote de los justos,<\/p>\n<p>no sea que los justos extiendan<\/p>\n<p>su mano a la maldad.<\/p>\n<p>&nbsp;<\/p>\n<p>Se\u00f1or, concede bienes a los buenos,<\/p>\n<p>a los sinceros de coraz\u00f3n;<\/p>\n<p>y a los que se desv\u00edan por sendas tortuosas,<\/p>\n<p>que los rechace el Se\u00f1or con los malhechores.<\/p>\n<p>\u00a1Paz a Israel!<\/p>\n<p>&nbsp;<\/p>\n<p><strong>Ant\u00edfona 2: Espere Israel en el Se\u00f1or. Aleluya.<\/strong><\/p>\n<p><strong>\u00a0<\/strong><\/p>\n<p><strong>Salmo 130<\/strong><\/p>\n<p><strong>\u00a0<\/strong><\/p>\n<p><strong>Abandono confiado en los brazos de Dios<\/strong><\/p>\n<p><strong>\u00a0<\/strong><\/p>\n<p><strong>Aprended de m\u00ed, que soy manso y humilde de coraz\u00f3n. (Mt 11,29)<\/strong><\/p>\n<p>&nbsp;<\/p>\n<p>Se\u00f1or, mi coraz\u00f3n no es ambicioso,<\/p>\n<p>ni mis ojos altaneros;<\/p>\n<p>no pretendo grandezas<\/p>\n<p>que superan mi capacidad;<\/p>\n<p>sino que acallo y modero mis deseos,<\/p>\n<p>como un ni\u00f1o en brazos de su madre.<\/p>\n<p>&nbsp;<\/p>\n<p>Espere Israel en el Se\u00f1or<\/p>\n<p>ahora y por siempre.<\/p>\n<p>&nbsp;<\/p>\n<p><strong>Ant\u00edfona 3: Que te sirva toda la creaci\u00f3n, porque t\u00fa lo mandaste, y existi\u00f3. Aleluya.<\/strong><\/p>\n<p><strong>\u00a0<\/strong><\/p>\n<p><strong>Ap 4,11;5,9.10.12<\/strong><\/p>\n<p><strong>\u00a0<\/strong><\/p>\n<p><strong>Himno de los redimidos<\/strong><\/p>\n<p>&nbsp;<\/p>\n<p>Eres digno, Se\u00f1or, Dios nuestro,<\/p>\n<p>de recibir la gloria, el honor y el poder,<\/p>\n<p>porque t\u00fa has creado el universo;<\/p>\n<p>porque por tu voluntad lo que no exist\u00eda fue creado.<\/p>\n<p>&nbsp;<\/p>\n<p>Eres digno de tomar el libro y abrir sus sellos,<\/p>\n<p>porque fuiste degollado<\/p>\n<p>y con tu sangre compraste para Dios<\/p>\n<p>hombres de toda raza, lengua, pueblo y naci\u00f3n;<\/p>\n<p>y has hecho de ellos para nuestro Dios<\/p>\n<p>un reino de sacerdotes,<\/p>\n<p>y reinan sobre la tierra.<\/p>\n<p>&nbsp;<\/p>\n<p>Digno es el Cordero degollado<\/p>\n<p>de recibir el poder, la riqueza, la sabidur\u00eda,<\/p>\n<p>la fuerza, el honor, la gloria, y la alabanza.<\/p>\n<p>&nbsp;<\/p>\n<p><strong>Lectura Breve<\/strong><\/p>\n<p><strong>1 Pe 2, 4-5<\/strong><\/p>\n<p>&nbsp;<\/p>\n<p>Acerc\u00e1ndoos al Se\u00f1or, la piedra viva, rechazada por los hombres, pero escogida y<\/p>\n<p>apreciada por Dios, tambi\u00e9n vosotros, como piedras vivas, entr\u00e1is en la construcci\u00f3n del templo del Esp\u00edritu, formando un sacerdocio sagrado, para ofrecer sacrificios espirituales que Dios acepta por Jesucristo.<\/p>\n<p>&nbsp;<\/p>\n<p><strong>Responsorio Breve<\/strong><\/p>\n<ol>\n<li>Los disc\u00edpulos se llenaron de alegr\u00eda. Aleluya, aleluya.<\/li>\n<li>Los disc\u00edpulos se llenaron de alegr\u00eda. Aleluya, aleluya.<\/li>\n<li>Al ver al Se\u00f1or.<\/li>\n<li>Aleluya, aleluya.<\/li>\n<li>Gloria al Padre, y al Hijo, y al Esp\u00edritu Santo.<\/li>\n<li>Los disc\u00edpulos se llenaron de alegr\u00eda. Aleluya, aleluya.<\/li>\n<\/ol>\n<p>&nbsp;<\/p>\n<p><strong>Canto Evang\u00e9lico<\/strong><\/p>\n<p><strong>Ant\u00edfona: El pan de Dios es el que ha bajado del cielo y da vida al mundo. Aleluya.<\/strong><\/p>\n<p><strong>\u00a0<\/strong><\/p>\n<p><strong>Magn\u00edficat Lc 1, 46-55<\/strong><\/p>\n<p><strong>\u00a0<\/strong><\/p>\n<p><strong>Alegr\u00eda del alma en el Se\u00f1or<\/strong><\/p>\n<p>&nbsp;<\/p>\n<p>Proclama mi alma la grandeza del Se\u00f1or,<\/p>\n<p>se alegra mi esp\u00edritu en Dios, mi salvador;<\/p>\n<p>porque ha mirado la humillaci\u00f3n de su esclava.<\/p>\n<p>&nbsp;<\/p>\n<p>Desde ahora me felicitar\u00e1n todas las generaciones,<\/p>\n<p>porque el Poderoso ha hecho obras grandes por m\u00ed:<\/p>\n<p>su nombre es santo,<\/p>\n<p>y su misericordia llega a sus fieles<\/p>\n<p>de generaci\u00f3n en generaci\u00f3n.<\/p>\n<p>&nbsp;<\/p>\n<p>\u00c9l hace proezas con su brazo:<\/p>\n<p>dispersa a los soberbios de coraz\u00f3n,<\/p>\n<p>derriba del trono a los poderosos<\/p>\n<p>y enaltece a los humildes,<\/p>\n<p>a los hambrientos los colma de bienes<\/p>\n<p>y a los ricos los despide vac\u00edos.<\/p>\n<p>&nbsp;<\/p>\n<p>Auxilia a Israel, su siervo,<\/p>\n<p>acord\u00e1ndose de la misericordia<\/p>\n<p>\u2014como lo hab\u00eda prometido a nuestros padres\u2014<\/p>\n<p>en favor de Abrah\u00e1n y su descendencia por siempre.<\/p>\n<p>&nbsp;<\/p>\n<p>Gloria al Padre, y al Hijo, y al Esp\u00edritu Santo.<\/p>\n<p>Como era en el principio, ahora y siempre,<\/p>\n<p>por los siglos de los siglos. Am\u00e9n.<\/p>\n<p>&nbsp;<\/p>\n<p><strong>Preces<\/strong><\/p>\n<p>Aclamemos alegres a Cristo, que despu\u00e9s de ser sepultado en el seno de la tierra resucit\u00f3 gloriosamente a una vida nueva, y dig\u00e1mosle confiados:<\/p>\n<p>Rey de la gloria, esc\u00fachanos.<\/p>\n<p>Te rogamos, Se\u00f1or, por los obispos, los presb\u00edteros y los di\u00e1conos: que sirvan con celo a tu pueblo,<\/p>\n<p>\u2014 y lo conduzcan por los caminos del bien.<\/p>\n<p>Te rogamos, Se\u00f1or, por los que sirven a tu Iglesia con el estudio de tu palabra,<\/p>\n<p>\u2014 que escudri\u00f1en tu doctrina con pureza de coraz\u00f3n y deseo de adoctrinar a tu pueblo. Te rogamos, Se\u00f1or, por todos los fieles de la Iglesia: que combatan bien el combate de la fe,<\/p>\n<p>\u2014 y, habiendo corrido hasta la meta, alcancen la corona merecida.<\/p>\n<p>T\u00fa que en la cruz cancelaste la nota de cargo de nuestra deuda,<\/p>\n<p>\u2014 destruye tambi\u00e9n en nosotros toda clase de esclavitud y l\u00edbranos de toda tiniebla.<\/p>\n<p>Aqu\u00ed se pueden a\u00f1adir algunas intenciones libres.<\/p>\n<p>T\u00fa que al bajar al lugar de los muertos abriste las puertas del abismo,<\/p>\n<p>\u2014 recibe a nuestros hermanos difuntos en tu reino.<\/p>\n<p>Terminemos nuestra oraci\u00f3n con las palabras del Se\u00f1or:<\/p>\n<p>&nbsp;<\/p>\n<p><strong>Padre Nuestro<\/strong><\/p>\n<p>Padre nuestro, que est\u00e1s en el cielo,<\/p>\n<p>santificado sea tu nombre,<\/p>\n<p>venga tu reino,<\/p>\n<p>h\u00e1gase tu voluntad en la tierra como en el cielo.<\/p>\n<p>Danos hoy nuestro pan de cada d\u00eda,<\/p>\n<p>perdona nuestras ofensas,<\/p>\n<p>como tambi\u00e9n nosotros perdonamos a los que nos ofenden;<\/p>\n<p>no nos dejes caer en tentaci\u00f3n,<\/p>\n<p>y l\u00edbranos del mal.<\/p>\n<p>&nbsp;<\/p>\n<p><strong>Oraci\u00f3n<\/strong><\/p>\n<p>Se\u00f1or, t\u00fa que abres las puertas de tu reino a los que han renacido del agua y del Esp\u00edritu, acrecienta la gracia que has dado a tus hijos, para que, purificados ya de sus pecados, alcancen todas tus promesas. Por nuestro Se\u00f1or Jesucristo, tu Hijo, que vive y reina contigo en la unidad del Esp\u00edritu Santo y es Dios, por los siglos de los siglos. Am\u00e9n.<\/p>\n<p>&nbsp;<\/p>\n<p><strong>Conclusi\u00f3n<\/strong><\/p>\n<ol>\n<li>El Se\u00f1or nos bendiga, nos guarde de todo mal y nos lleve a la vida eterna.<\/li>\n<li>Am\u00e9n.<\/li>\n<\/ol>\n<p><a href=\"https:\/\/iglesiatijuana.org\/web\/wp-content\/uploads\/2020\/04\/2f9ff682-cf9d-4684-bc3f-4ee13386ed4d.jpg\" data-rel=\"lightbox-image-0\" data-rl_title=\"\" data-rl_caption=\"\" title=\"\"><img loading=\"lazy\" decoding=\"async\" class=\"alignnone size-full wp-image-11776\" src=\"https:\/\/iglesiatijuana.org\/web\/wp-content\/uploads\/2020\/04\/2f9ff682-cf9d-4684-bc3f-4ee13386ed4d.jpg\" alt=\"\" width=\"1280\" height=\"604\" srcset=\"https:\/\/iglesiatijuana.org\/web\/wp-content\/uploads\/2020\/04\/2f9ff682-cf9d-4684-bc3f-4ee13386ed4d.jpg 1280w, https:\/\/iglesiatijuana.org\/web\/wp-content\/uploads\/2020\/04\/2f9ff682-cf9d-4684-bc3f-4ee13386ed4d-300x142.jpg 300w, https:\/\/iglesiatijuana.org\/web\/wp-content\/uploads\/2020\/04\/2f9ff682-cf9d-4684-bc3f-4ee13386ed4d-768x362.jpg 768w, https:\/\/iglesiatijuana.org\/web\/wp-content\/uploads\/2020\/04\/2f9ff682-cf9d-4684-bc3f-4ee13386ed4d-1024x483.jpg 1024w, https:\/\/iglesiatijuana.org\/web\/wp-content\/uploads\/2020\/04\/2f9ff682-cf9d-4684-bc3f-4ee13386ed4d-520x245.jpg 520w, https:\/\/iglesiatijuana.org\/web\/wp-content\/uploads\/2020\/04\/2f9ff682-cf9d-4684-bc3f-4ee13386ed4d-720x340.jpg 720w\" sizes=\"auto, (max-width: 1280px) 100vw, 1280px\" \/><\/a><\/p>\n","protected":false},"excerpt":{"rendered":"<p>Martes, 28 de abril de 2020. &nbsp; Dios m\u00edo, ven en mi auxilio. Se\u00f1or, date prisa en socorrerme. Gloria al Padre, y al Hijo, y al Esp\u00edritu Santo. Como era en el principio, ahora&#46;&#46;&#46;<\/p>\n","protected":false},"author":101012,"featured_media":11776,"comment_status":"closed","ping_status":"closed","sticky":false,"template":"","format":"standard","meta":{"_exactmetrics_skip_tracking":false,"_exactmetrics_sitenote_active":false,"_exactmetrics_sitenote_note":"","_exactmetrics_sitenote_category":0,"footnotes":""},"categories":[68],"tags":[],"class_list":["post-11865","post","type-post","status-publish","format-standard","has-post-thumbnail","hentry","category-liturgia-de-las-horas"],"_links":{"self":[{"href":"https:\/\/iglesiatijuana.org\/web\/wp-json\/wp\/v2\/posts\/11865","targetHints":{"allow":["GET"]}}],"collection":[{"href":"https:\/\/iglesiatijuana.org\/web\/wp-json\/wp\/v2\/posts"}],"about":[{"href":"https:\/\/iglesiatijuana.org\/web\/wp-json\/wp\/v2\/types\/post"}],"author":[{"embeddable":true,"href":"https:\/\/iglesiatijuana.org\/web\/wp-json\/wp\/v2\/users\/101012"}],"replies":[{"embeddable":true,"href":"https:\/\/iglesiatijuana.org\/web\/wp-json\/wp\/v2\/comments?post=11865"}],"version-history":[{"count":1,"href":"https:\/\/iglesiatijuana.org\/web\/wp-json\/wp\/v2\/posts\/11865\/revisions"}],"predecessor-version":[{"id":11866,"href":"https:\/\/iglesiatijuana.org\/web\/wp-json\/wp\/v2\/posts\/11865\/revisions\/11866"}],"wp:featuredmedia":[{"embeddable":true,"href":"https:\/\/iglesiatijuana.org\/web\/wp-json\/wp\/v2\/media\/11776"}],"wp:attachment":[{"href":"https:\/\/iglesiatijuana.org\/web\/wp-json\/wp\/v2\/media?parent=11865"}],"wp:term":[{"taxonomy":"category","embeddable":true,"href":"https:\/\/iglesiatijuana.org\/web\/wp-json\/wp\/v2\/categories?post=11865"},{"taxonomy":"post_tag","embeddable":true,"href":"https:\/\/iglesiatijuana.org\/web\/wp-json\/wp\/v2\/tags?post=11865"}],"curies":[{"name":"wp","href":"https:\/\/api.w.org\/{rel}","templated":true}]}}