{"id":11899,"date":"2020-05-01T06:00:09","date_gmt":"2020-05-01T13:00:09","guid":{"rendered":"https:\/\/iglesiatijuana.org\/web\/?p=11899"},"modified":"2020-04-30T12:11:15","modified_gmt":"2020-04-30T19:11:15","slug":"laudes-viernes-iii-semana-de-pascua-2020","status":"publish","type":"post","link":"https:\/\/iglesiatijuana.org\/web\/laudes-viernes-iii-semana-de-pascua-2020\/","title":{"rendered":"Laudes &#8211; VIERNES III SEMANA DE PASCUA 2020"},"content":{"rendered":"<p>Viernes, 1 de mayo de 2020.<\/p>\n<p>&nbsp;<\/p>\n<ol>\n<li>Se\u00f1or, abre mis labios.<\/li>\n<li>Y mi boca proclamar\u00e1 tu alabanza.<\/li>\n<li>Dios m\u00edo, ven en mi auxilio.<\/li>\n<li>Se\u00f1or, date prisa en socorrerme.<\/li>\n<\/ol>\n<p>Gloria al Padre, y al Hijo, y al Esp\u00edritu Santo. Como era en el principio, ahora y siempre, por los siglos de los siglos. Am\u00e9n. Aleluya.<\/p>\n<p>&nbsp;<\/p>\n<p><strong>Himno 1<\/strong><\/p>\n<p>Ofrezcan los cristianos<\/p>\n<p>ofrendas de alabanza<\/p>\n<p>a gloria de la V\u00edctima<\/p>\n<p>propicia de la Pascua.<\/p>\n<p>Cordero sin pecado<\/p>\n<p>que a las ovejas salva,<\/p>\n<p>a Dios y a los culpables<\/p>\n<p>uni\u00f3 con nueva alianza.<\/p>\n<p>Lucharon vida y muerte<\/p>\n<p>en singular batalla<\/p>\n<p>y, muerto el que es la Vida,<\/p>\n<p>triunfante se levanta.<\/p>\n<p>\u00bfQu\u00e9 has visto de camino,<\/p>\n<p>Mar\u00eda, \u00bfen la ma\u00f1ana?<\/p>\n<p>A mi Se\u00f1or glorioso,<\/p>\n<p>&nbsp;<\/p>\n<p>la tumba abandonada,<\/p>\n<p>los \u00e1ngeles testigos,<\/p>\n<p>sudarios y mortaja.<\/p>\n<p>\u00a1Resucit\u00f3 de veras<\/p>\n<p>mi amor y mi esperanza!<\/p>\n<p>Venid a Galilea,<\/p>\n<p>all\u00ed el Se\u00f1or aguarda;<\/p>\n<p>all\u00ed ver\u00e9is los suyos<\/p>\n<p>la gloria de la Pascua.<\/p>\n<p>Primicia de los muertos,<\/p>\n<p>sabemos por tu gracia<\/p>\n<p>que est\u00e1s resucitado;<\/p>\n<p>la muerte en ti no manda.<\/p>\n<p>Rey vencedor, api\u00e1date<\/p>\n<p>de la miseria humana<\/p>\n<p>y da a tus fieles parte<\/p>\n<p>en tu victoria santa. Am\u00e9n. Aleluya<\/p>\n<p>&nbsp;<\/p>\n<p><strong>Salmodia<\/strong><\/p>\n<p><strong>Ant\u00edfona 1: Lava del todo mi delito, Se\u00f1or, limpia mi pecado. Aleluya.<\/strong><\/p>\n<p><strong>\u00a0<\/strong><\/p>\n<p><strong>Salmo 50<\/strong><\/p>\n<p><strong>\u00a0<\/strong><\/p>\n<p><strong>Misericordia, Dios m\u00edo<\/strong><\/p>\n<p><strong>\u00a0<\/strong><\/p>\n<p><strong>Renovaos en la mente y en el esp\u00edritu y vest\u00edos de la nueva condici\u00f3n humana. (Ef 4,23-24)<\/strong><\/p>\n<p>&nbsp;<\/p>\n<p>Misericordia, Dios m\u00edo, por tu bondad,<\/p>\n<p>por tu inmensa compasi\u00f3n borra mi culpa;<\/p>\n<p>lava del todo mi delito,<\/p>\n<p>limpia mi pecado.<\/p>\n<p>&nbsp;<\/p>\n<p>Pues yo reconozco mi culpa,<\/p>\n<p>tengo siempre presente mi pecado:<\/p>\n<p>contra ti, contra ti solo pequ\u00e9,<\/p>\n<p>comet\u00ed la maldad que aborreces.<\/p>\n<p>&nbsp;<\/p>\n<p>En la sentencia tendr\u00e1s raz\u00f3n,<\/p>\n<p>en el juicio resultar\u00e1s inocente.<\/p>\n<p>Mira, en la culpa nac\u00ed,<\/p>\n<p>pecador me concibi\u00f3 mi madre.<\/p>\n<p>&nbsp;<\/p>\n<p>Te gusta un coraz\u00f3n sincero,<\/p>\n<p>y en mi interior me inculcas sabidur\u00eda.<\/p>\n<p>Roc\u00edame con el hisopo: quedar\u00e9 limpio;<\/p>\n<p>l\u00e1vame: quedar\u00e9 m\u00e1s blanco que la nieve.<\/p>\n<p>&nbsp;<\/p>\n<p>Hazme o\u00edr el gozo y la alegr\u00eda,<\/p>\n<p>que se alegren los huesos quebrantados.<\/p>\n<p>Aparta de mi pecado tu vista,<\/p>\n<p>borra en m\u00ed toda culpa.<\/p>\n<p>&nbsp;<\/p>\n<p>Oh, Dios, crea en m\u00ed un coraz\u00f3n puro,<\/p>\n<p>renu\u00e9vame por dentro con esp\u00edritu firme;<\/p>\n<p>no me arrojes lejos de tu rostro,<\/p>\n<p>no me quites tu santo esp\u00edritu.<\/p>\n<p>&nbsp;<\/p>\n<p>Devu\u00e9lveme la alegr\u00eda de tu salvaci\u00f3n,<\/p>\n<p>afi\u00e1nzame con esp\u00edritu generoso:<\/p>\n<p>ense\u00f1ar\u00e9 a los malvados tus caminos,<\/p>\n<p>los pecadores volver\u00e1n a ti.<\/p>\n<p>&nbsp;<\/p>\n<p>L\u00edbrame de la sangre, oh Dios,<\/p>\n<p>Dios, Salvador m\u00edo,<\/p>\n<p>y cantar\u00e1 mi lengua tu justicia.<\/p>\n<p>Se\u00f1or me abrir\u00e1s los labios,<\/p>\n<p>y mi boca proclamar\u00e1 tu alabanza.<\/p>\n<p>&nbsp;<\/p>\n<p>Los sacrificios no te satisfacen:<\/p>\n<p>si te ofreciera un holocausto, no lo querr\u00edas.<\/p>\n<p>Mi sacrificio es un esp\u00edritu quebrantado;<\/p>\n<p>un coraz\u00f3n quebrantado y humillado,<\/p>\n<p>t\u00fa no lo desprecias.<\/p>\n<p>&nbsp;<\/p>\n<p>Se\u00f1or, por tu bondad, favorece a Si\u00f3n,<\/p>\n<p>reconstruye las murallas de Jerusal\u00e9n:<\/p>\n<p>entonces aceptar\u00e1s los sacrificios rituales,<\/p>\n<p>ofrendas y holocaustos,<\/p>\n<p>sobre tu altar se inmolar\u00e1n novillos.<\/p>\n<p>&nbsp;<\/p>\n<p><strong>Ant\u00edfona 2: Cristo, cargado con nuestros pecados, subi\u00f3 al le\u00f1o. Aleluya.<\/strong><\/p>\n<p><strong>\u00a0<\/strong><\/p>\n<p><strong>Jr 14,17-21<\/strong><\/p>\n<p><strong>\u00a0<\/strong><\/p>\n<p><strong>Lamentaci\u00f3n del pueblo en tiempo de hambre y guerra<\/strong><\/p>\n<p><strong>\u00a0<\/strong><\/p>\n<p><strong>Est\u00e1 cerca el reino de Dios: convert\u00edos y creed en el Evangelio. (Mc 1,15)<\/strong><\/p>\n<p>&nbsp;<\/p>\n<p>Mis ojos se deshacen en l\u00e1grimas,<\/p>\n<p>d\u00eda y noche no cesan:<\/p>\n<p>por la terrible desgracia de la doncella de mi pueblo,<\/p>\n<p>una herida de fuertes dolores.<\/p>\n<p>&nbsp;<\/p>\n<p>Salgo al campo: muertos a espada;<\/p>\n<p>entro en la ciudad: desfallecidos de hambre;<\/p>\n<p>tanto el profeta como el sacerdote<\/p>\n<p>vagan sin sentido por el pa\u00eds.<\/p>\n<p>&nbsp;<\/p>\n<p>\u00bfPor qu\u00e9 has rechazado del todo a Jud\u00e1?<\/p>\n<p>\u00bfTiene asco tu garganta de Si\u00f3n?<\/p>\n<p>\u00bfPor qu\u00e9 nos has herido sin remedio?<\/p>\n<p>Se espera la paz y no hay bienestar,<\/p>\n<p>al tiempo de la cura sucede la turbaci\u00f3n.<\/p>\n<p>&nbsp;<\/p>\n<p>Se\u00f1or, reconocemos nuestra impiedad,<\/p>\n<p>la culpa de nuestros padres,<\/p>\n<p>porque pecamos contra ti.<\/p>\n<p>&nbsp;<\/p>\n<p>No nos rechaces, por tu nombre,<\/p>\n<p>no desprestigies tu trono glorioso;<\/p>\n<p>recuerda y no rompas tu alianza con nosotros.<\/p>\n<p>&nbsp;<\/p>\n<p><strong>Ant\u00edfona 3: Entrad a la presencia del Se\u00f1or con v\u00edtores. Aleluya.<\/strong><\/p>\n<p><strong>\u00a0<\/strong><\/p>\n<p><strong>Salmo 99<\/strong><\/p>\n<p><strong>\u00a0<\/strong><\/p>\n<p><strong>Alegr\u00eda de los que entran en el templo<\/strong><\/p>\n<p><strong>\u00a0<\/strong><\/p>\n<p><strong>El Se\u00f1or manda que los redimidos entonen un himno de victoria. (San Atanasio)<\/strong><\/p>\n<p>&nbsp;<\/p>\n<p>Aclama al Se\u00f1or, tierra entera,<\/p>\n<p>servid al Se\u00f1or con alegr\u00eda,<\/p>\n<p>entrad en su presencia con v\u00edtores.<\/p>\n<p>&nbsp;<\/p>\n<p>Sabed que el Se\u00f1or es Dios:<\/p>\n<p>que \u00e9l nos hizo y somos suyos,<\/p>\n<p>su pueblo y ovejas de su reba\u00f1o.<\/p>\n<p>&nbsp;<\/p>\n<p>Entrad por sus puertas con acci\u00f3n de gracias,<\/p>\n<p>por sus atrios con himnos,<\/p>\n<p>d\u00e1ndole gracias y bendiciendo su nombre:<\/p>\n<p>&nbsp;<\/p>\n<p>\u00abEl Se\u00f1or es bueno,<\/p>\n<p>su misericordia es eterna,<\/p>\n<p>su fidelidad por todas las edades.\u00bb<\/p>\n<p>&nbsp;<\/p>\n<p><strong>Lectura Breve<\/strong><\/p>\n<p><strong>Hch 5, 30-32<\/strong><\/p>\n<p>&nbsp;<\/p>\n<p>El Dios de nuestros padres resucit\u00f3 a Jes\u00fas, a quien vosotros matasteis colg\u00e1ndole de un madero. La diestra de Dios lo exalt\u00f3 haci\u00e9ndolo jefe y salvador, para otorgar a Israel la conversi\u00f3n, el perd\u00f3n de los pecados. Testigos de esto somos nosotros y el Esp\u00edritu Santo, que Dios da a los que le obedecen.<\/p>\n<p>&nbsp;<\/p>\n<p><strong>Responsorio Breve<\/strong><\/p>\n<ol>\n<li>El Se\u00f1or ha resucitado del sepulcro. Aleluya, aleluya.<\/li>\n<li>El Se\u00f1or ha resucitado del sepulcro. Aleluya, aleluya,<\/li>\n<li>El que por nosotros colg\u00f3 del madero.<\/li>\n<li>Aleluya, aleluya.<\/li>\n<li>Gloria al Padre, y al Hijo, y al Esp\u00edritu Santo.<\/li>\n<li>El Se\u00f1or ha resucitado del sepulcro. Aleluya, aleluya.<\/li>\n<\/ol>\n<p>&nbsp;<\/p>\n<p><strong>Canto Evang\u00e9lico<\/strong><\/p>\n<p><strong>Ant\u00edfona: El que come mi carne y bebe mi sangre permanece en m\u00ed, y yo en \u00e9l. Aleluya.<\/strong><\/p>\n<p><strong>\u00a0<\/strong><\/p>\n<p><strong>Benedictus Lc 1, 68-79<\/strong><\/p>\n<p><strong>\u00a0<\/strong><\/p>\n<p><strong>El Mes\u00edas y su precursor<\/strong><\/p>\n<p>&nbsp;<\/p>\n<p>+ Bendito sea el Se\u00f1or, Dios de Israel,<\/p>\n<p>porque ha visitado y redimido a su pueblo,<\/p>\n<p>suscit\u00e1ndonos una fuerza de salvaci\u00f3n<\/p>\n<p>en la casa de David, su siervo,<\/p>\n<p>seg\u00fan lo hab\u00eda predicho desde antiguo,<\/p>\n<p>por boca de sus santos profetas.<\/p>\n<p>&nbsp;<\/p>\n<p>Es la salvaci\u00f3n que nos libra de nuestros enemigos<\/p>\n<p>y de la mano de todos los que nos odian;<\/p>\n<p>realizando la misericordia<\/p>\n<p>que tuvo con nuestros padres,<\/p>\n<p>recordando su santa alianza<\/p>\n<p>y el juramento que jur\u00f3 a nuestro padre Abrah\u00e1n.<\/p>\n<p>&nbsp;<\/p>\n<p>Para concedernos que, libres de temor,<\/p>\n<p>arrancados de la mano de los enemigos,<\/p>\n<p>le sirvamos con santidad y justicia,<\/p>\n<p>en su presencia, todos nuestros d\u00edas.<\/p>\n<p>&nbsp;<\/p>\n<p>Y a ti, ni\u00f1o, te llamar\u00e1n profeta del Alt\u00edsimo,<\/p>\n<p>porque ir\u00e1s delante del Se\u00f1or<\/p>\n<p>a preparar sus caminos,<\/p>\n<p>anunciando a su pueblo la salvaci\u00f3n,<\/p>\n<p>el perd\u00f3n de sus pecados.<\/p>\n<p>&nbsp;<\/p>\n<p>Por la entra\u00f1able misericordia de nuestro Dios,<\/p>\n<p>nos visitar\u00e1 el sol que nace de lo alto,<\/p>\n<p>para iluminar a los que viven en tinieblas<\/p>\n<p>y en sombra de muerte,<\/p>\n<p>para guiar nuestros pasos<\/p>\n<p>por el camino de la paz.<\/p>\n<p>&nbsp;<\/p>\n<p>Gloria al Padre, y al Hijo, y al Esp\u00edritu Santo.<\/p>\n<p>Como era en el principio, ahora y siempre,<\/p>\n<p>por los siglos de los siglos. Am\u00e9n.<\/p>\n<p>&nbsp;<\/p>\n<p><strong>Preces<\/strong><\/p>\n<p>Dirijamos nuestra oraci\u00f3n a Dios Padre, que por la resurrecci\u00f3n de Jesucristo nos ha dado vida nueva, y dig\u00e1mosle: Ilum\u00ednanos, Se\u00f1or, con la claridad de Jesucristo.<\/p>\n<p>Se\u00f1or, Padre clement\u00edsimo, t\u00fa que nos has revelado tu plan de salvaci\u00f3n, proyectado desde antes de la creaci\u00f3n del mundo, y eres fiel en todas tus promesas,<\/p>\n<p>\u2014 escucha con amor nuestras plegarias.<\/p>\n<p>Purif\u00edcanos con tu verdad y encamina nuestros pasos por las sendas de la santidad,<\/p>\n<p>\u2014 para que hagamos siempre el bien seg\u00fan tu agrado.<\/p>\n<p>Haz resplandecer tu rostro sobre nosotros,<\/p>\n<p>\u2014 para que, libres de todo mal, nos saciemos con los bienes de tu casa.<\/p>\n<p>T\u00fa que diste tu paz a los ap\u00f3stoles,<\/p>\n<p>\u2014 conc\u00e9dela tambi\u00e9n a todos los hombres del mundo.<\/p>\n<p>Aqu\u00ed se pueden a\u00f1adir algunas intenciones libres.<\/p>\n<p>Porque deseamos que la luz de Cristo ilumine a todos los hombres, pidamos al Padre que su reino llegue a nosotros:<\/p>\n<p>&nbsp;<\/p>\n<p><strong>Padre Nuestro<\/strong><\/p>\n<p>Padre nuestro, que est\u00e1s en el cielo,<\/p>\n<p>santificado sea tu nombre,<\/p>\n<p>venga tu reino,<\/p>\n<p>h\u00e1gase tu voluntad en la tierra como en el cielo.<\/p>\n<p>Danos hoy nuestro pan de cada d\u00eda,<\/p>\n<p>perdona nuestras ofensas,<\/p>\n<p>como tambi\u00e9n nosotros perdonamos a los que nos ofenden;<\/p>\n<p>no nos dejes caer en tentaci\u00f3n,<\/p>\n<p>y l\u00edbranos del mal.<\/p>\n<p>&nbsp;<\/p>\n<p><strong>Oraci\u00f3n<\/strong><\/p>\n<p><strong>Oremos:<\/strong><\/p>\n<p>&nbsp;<\/p>\n<p>Te pedimos, Se\u00f1or, que, ya que nos has dado la gracia de conocer la resurrecci\u00f3n de tu Hijo, nos concedas tambi\u00e9n que el Esp\u00edritu Santo, con su amor, nos haga resucitar a una vida nueva. Por nuestro Se\u00f1or Jesucristo, tu Hijo, que vive y reina contigo en la unidad del Esp\u00edritu Santo y es Dios, por los siglos de los siglos.<\/p>\n<p>Am\u00e9n.<\/p>\n<p>&nbsp;<\/p>\n<p><strong>Conclusi\u00f3n<\/strong><\/p>\n<ol>\n<li>El Se\u00f1or nos bendiga, nos guarde de todo mal y nos lleve a la vida eterna.<\/li>\n<li>Am\u00e9n.<\/li>\n<\/ol>\n<p><a href=\"https:\/\/iglesiatijuana.org\/web\/wp-content\/uploads\/2020\/04\/2f9ff682-cf9d-4684-bc3f-4ee13386ed4d.jpg\" data-rel=\"lightbox-image-0\" data-rl_title=\"\" data-rl_caption=\"\" title=\"\"><img loading=\"lazy\" decoding=\"async\" class=\"alignnone size-full wp-image-11776\" src=\"https:\/\/iglesiatijuana.org\/web\/wp-content\/uploads\/2020\/04\/2f9ff682-cf9d-4684-bc3f-4ee13386ed4d.jpg\" alt=\"\" width=\"1280\" height=\"604\" srcset=\"https:\/\/iglesiatijuana.org\/web\/wp-content\/uploads\/2020\/04\/2f9ff682-cf9d-4684-bc3f-4ee13386ed4d.jpg 1280w, https:\/\/iglesiatijuana.org\/web\/wp-content\/uploads\/2020\/04\/2f9ff682-cf9d-4684-bc3f-4ee13386ed4d-300x142.jpg 300w, https:\/\/iglesiatijuana.org\/web\/wp-content\/uploads\/2020\/04\/2f9ff682-cf9d-4684-bc3f-4ee13386ed4d-768x362.jpg 768w, https:\/\/iglesiatijuana.org\/web\/wp-content\/uploads\/2020\/04\/2f9ff682-cf9d-4684-bc3f-4ee13386ed4d-1024x483.jpg 1024w, https:\/\/iglesiatijuana.org\/web\/wp-content\/uploads\/2020\/04\/2f9ff682-cf9d-4684-bc3f-4ee13386ed4d-520x245.jpg 520w, https:\/\/iglesiatijuana.org\/web\/wp-content\/uploads\/2020\/04\/2f9ff682-cf9d-4684-bc3f-4ee13386ed4d-720x340.jpg 720w\" sizes=\"auto, (max-width: 1280px) 100vw, 1280px\" \/><\/a><\/p>\n","protected":false},"excerpt":{"rendered":"<p>Viernes, 1 de mayo de 2020. &nbsp; Se\u00f1or, abre mis labios. Y mi boca proclamar\u00e1 tu alabanza. Dios m\u00edo, ven en mi auxilio. Se\u00f1or, date prisa en socorrerme. Gloria al Padre, y al Hijo,&#46;&#46;&#46;<\/p>\n","protected":false},"author":101012,"featured_media":11776,"comment_status":"closed","ping_status":"closed","sticky":false,"template":"","format":"standard","meta":{"_exactmetrics_skip_tracking":false,"_exactmetrics_sitenote_active":false,"_exactmetrics_sitenote_note":"","_exactmetrics_sitenote_category":0,"footnotes":""},"categories":[68],"tags":[],"class_list":["post-11899","post","type-post","status-publish","format-standard","has-post-thumbnail","hentry","category-liturgia-de-las-horas"],"_links":{"self":[{"href":"https:\/\/iglesiatijuana.org\/web\/wp-json\/wp\/v2\/posts\/11899","targetHints":{"allow":["GET"]}}],"collection":[{"href":"https:\/\/iglesiatijuana.org\/web\/wp-json\/wp\/v2\/posts"}],"about":[{"href":"https:\/\/iglesiatijuana.org\/web\/wp-json\/wp\/v2\/types\/post"}],"author":[{"embeddable":true,"href":"https:\/\/iglesiatijuana.org\/web\/wp-json\/wp\/v2\/users\/101012"}],"replies":[{"embeddable":true,"href":"https:\/\/iglesiatijuana.org\/web\/wp-json\/wp\/v2\/comments?post=11899"}],"version-history":[{"count":1,"href":"https:\/\/iglesiatijuana.org\/web\/wp-json\/wp\/v2\/posts\/11899\/revisions"}],"predecessor-version":[{"id":11900,"href":"https:\/\/iglesiatijuana.org\/web\/wp-json\/wp\/v2\/posts\/11899\/revisions\/11900"}],"wp:featuredmedia":[{"embeddable":true,"href":"https:\/\/iglesiatijuana.org\/web\/wp-json\/wp\/v2\/media\/11776"}],"wp:attachment":[{"href":"https:\/\/iglesiatijuana.org\/web\/wp-json\/wp\/v2\/media?parent=11899"}],"wp:term":[{"taxonomy":"category","embeddable":true,"href":"https:\/\/iglesiatijuana.org\/web\/wp-json\/wp\/v2\/categories?post=11899"},{"taxonomy":"post_tag","embeddable":true,"href":"https:\/\/iglesiatijuana.org\/web\/wp-json\/wp\/v2\/tags?post=11899"}],"curies":[{"name":"wp","href":"https:\/\/api.w.org\/{rel}","templated":true}]}}