{"id":11904,"date":"2020-05-02T06:00:21","date_gmt":"2020-05-02T13:00:21","guid":{"rendered":"https:\/\/iglesiatijuana.org\/web\/?p=11904"},"modified":"2020-05-03T07:54:24","modified_gmt":"2020-05-03T14:54:24","slug":"laudes-sabado-iii-semana-de-pascua-2020","status":"publish","type":"post","link":"https:\/\/iglesiatijuana.org\/web\/laudes-sabado-iii-semana-de-pascua-2020\/","title":{"rendered":"Laudes &#8211; S\u00c1BADO III SEMANA DE PASCUA 2020"},"content":{"rendered":"<p>S\u00e1bado, 2 de mayo de 2020<\/p>\n<p>&nbsp;<\/p>\n<ol>\n<li>Se\u00f1or, abre mis labios.<\/li>\n<li>Y mi boca proclamar\u00e1 tu alabanza.<\/li>\n<li>Dios m\u00edo, ven en mi auxilio.<\/li>\n<li>Se\u00f1or, date prisa en socorrerme.<\/li>\n<\/ol>\n<p>Gloria al Padre, y al Hijo, y al Esp\u00edritu Santo. Como era en el principio, ahora y siempre, por los siglos de los siglos. Am\u00e9n. Aleluya.<\/p>\n<p>&nbsp;<\/p>\n<p><strong>Himno 1<\/strong><\/p>\n<p>Ofrezcan los cristianos<\/p>\n<p>ofrendas de alabanza<\/p>\n<p>a gloria de la V\u00edctima<\/p>\n<p>propicia de la Pascua.<\/p>\n<p>Cordero sin pecado<\/p>\n<p>que a las ovejas salva,<\/p>\n<p>a Dios y a los culpables<\/p>\n<p>uni\u00f3 con nueva alianza.<\/p>\n<p>Lucharon vida y muerte<\/p>\n<p>en singular batalla<\/p>\n<p>y, muerto el que es la Vida,<\/p>\n<p>triunfante se levanta.<\/p>\n<p>\u00bfQu\u00e9 has visto de camino,<\/p>\n<p>\u00bfMar\u00eda, en la ma\u00f1ana?<\/p>\n<p>A mi Se\u00f1or glorioso,<\/p>\n<p>&nbsp;<\/p>\n<p>la tumba abandonada,<\/p>\n<p>los \u00e1ngeles testigos,<\/p>\n<p>sudarios y mortaja.<\/p>\n<p>\u00a1Resucit\u00f3 de veras<\/p>\n<p>mi amor y mi esperanza!<\/p>\n<p>Venid a Galilea,<\/p>\n<p>all\u00ed el Se\u00f1or aguarda;<\/p>\n<p>all\u00ed ver\u00e9is los suyos<\/p>\n<p>la gloria de la Pascua.<\/p>\n<p>Primicia de los muertos,<\/p>\n<p>sabemos por tu gracia<\/p>\n<p>que est\u00e1s resucitado;<\/p>\n<p>la muerte en ti no manda.<\/p>\n<p>Rey vencedor, api\u00e1date<\/p>\n<p>de la miseria humana<\/p>\n<p>y da a tus fieles parte<\/p>\n<p>en tu victoria santa. Am\u00e9n. Aleluya<\/p>\n<p>&nbsp;<\/p>\n<p><strong>Salmodia<\/strong><\/p>\n<p><strong>Ant\u00edfona 1: Las palabras que os he dicho son esp\u00edritu y vida. Aleluya.<\/strong><\/p>\n<p><strong>\u00a0<\/strong><\/p>\n<p><strong>Salmo 118, 145-152<\/strong><\/p>\n<p>&nbsp;<\/p>\n<p>&nbsp;<\/p>\n<p>Te invoco de todo coraz\u00f3n:<\/p>\n<p>resp\u00f3ndeme, Se\u00f1or, y guardar\u00e9 tus leyes;<\/p>\n<p>a ti grito: s\u00e1lvame,<\/p>\n<p>y cumplir\u00e9 tus decretos;<\/p>\n<p>me adelanto a la aurora pidiendo auxilio,<\/p>\n<p>esperando tus palabras.<\/p>\n<p>&nbsp;<\/p>\n<p>Mis ojos se adelantan a las vigilias,<\/p>\n<p>meditando tu promesa;<\/p>\n<p>escucha mi voz por tu misericordia,<\/p>\n<p>con tus mandamientos dame vida;<\/p>\n<p>ya se acercan mis inicuos perseguidores,<\/p>\n<p>est\u00e1n lejos de tu voluntad.<\/p>\n<p>&nbsp;<\/p>\n<p>T\u00fa, Se\u00f1or, est\u00e1s cerca,<\/p>\n<p>y todos tus mandatos son estables;<\/p>\n<p>hace tiempo comprend\u00ed que tus preceptos<\/p>\n<p>los fundaste para siempre.<\/p>\n<p>&nbsp;<\/p>\n<p><strong>Ant\u00edfona 2: Edificaste, Se\u00f1or, un templo y un altar en tu monte santo. Aleluya.<\/strong><\/p>\n<p><strong>\u00a0<\/strong><\/p>\n<p><strong>Sb 9,1-6.9-11<\/strong><\/p>\n<p><strong>\u00a0<\/strong><\/p>\n<p><strong>Dame, Se\u00f1or, la sabidur\u00eda<\/strong><\/p>\n<p><strong>\u00a0<\/strong><\/p>\n<p><strong>Os dar\u00e9 palabras y sabidur\u00eda a las que no podr\u00e1 hacer frente\u2026 ning\u00fan adversario vuestro. (Lc 21,15)<\/strong><\/p>\n<p>&nbsp;<\/p>\n<p>Dios de los padres y Se\u00f1or de la misericordia,<\/p>\n<p>que con tu palabra hiciste todas las cosas,<\/p>\n<p>y en tu sabidur\u00eda formaste al hombre,<\/p>\n<p>para que dominase sobre tus criaturas,<\/p>\n<p>y para regir el mundo con santidad y justicia,<\/p>\n<p>y para administrar justicia con rectitud de coraz\u00f3n.<\/p>\n<p>&nbsp;<\/p>\n<p>Dame la sabidur\u00eda asistente de tu trono<\/p>\n<p>y no me excluyas del n\u00famero de tus siervos,<\/p>\n<p>porque siervo tuyo soy, hijo de tu sierva,<\/p>\n<p>hombre d\u00e9bil y de pocos a\u00f1os,<\/p>\n<p>demasiado peque\u00f1o para conocer el juicio y las leyes.<\/p>\n<p>&nbsp;<\/p>\n<p>Pues, aunque uno sea perfecto<\/p>\n<p>entre los hijos de los hombres,<\/p>\n<p>sin la sabidur\u00eda, que procede de ti,<\/p>\n<p>ser\u00e1 estimado en nada.<\/p>\n<p>&nbsp;<\/p>\n<p>Contigo est\u00e1 la sabidur\u00eda, conocedora de tus obras,<\/p>\n<p>que te asisti\u00f3 cuando hac\u00edas el mundo,<\/p>\n<p>y que sabe lo que es grato a tus ojos<\/p>\n<p>y lo que es recto seg\u00fan tus preceptos.<\/p>\n<p>&nbsp;<\/p>\n<p>M\u00e1ndala de tus santos cielos,<\/p>\n<p>y de tu trono de gloria env\u00edala,<\/p>\n<p>para que me asista en mis trabajos<\/p>\n<p>y venga yo a saber lo que te es grato.<\/p>\n<p>&nbsp;<\/p>\n<p>Porque ella conoce y entiende todas las cosas,<\/p>\n<p>y me guiar\u00e1 prudentemente en mis obras,<\/p>\n<p>y me guardar\u00e1 en su esplendor.<\/p>\n<p>&nbsp;<\/p>\n<p><strong>Ant\u00edfona 3: Yo soy el camino, y la verdad, y la vida. Aleluya.<\/strong><\/p>\n<p><strong>\u00a0<\/strong><\/p>\n<p><strong>Salmo 116<\/strong><\/p>\n<p><strong>\u00a0<\/strong><\/p>\n<p><strong>Invitaci\u00f3n universal a la alabanza divina<\/strong><\/p>\n<p><strong>\u00a0<\/strong><\/p>\n<p><strong>Los gentiles alaban a Dios por su misericordia (cf. Rm 15,9)<\/strong><\/p>\n<p>&nbsp;<\/p>\n<p>Alabad al Se\u00f1or, todas las naciones,<\/p>\n<p>aclamadlo, todos los pueblos.<\/p>\n<p>&nbsp;<\/p>\n<p>Firme es su misericordia con nosotros,<\/p>\n<p>su fidelidad dura por siempre.<\/p>\n<p>&nbsp;<\/p>\n<p><strong>Lectura Breve<\/strong><\/p>\n<p><strong>Rm 14,7-9<\/strong><\/p>\n<p>&nbsp;<\/p>\n<p>Ninguno de nosotros vive para s\u00ed y ninguno muere para s\u00ed. Que, si vivimos, vivimos para el<\/p>\n<p>Se\u00f1or; y si morimos, para el Se\u00f1or morirnos. En fin, que tanto en vida como en muerte<\/p>\n<p>somos del Se\u00f1or. Para esto muri\u00f3 Cristo y retorn\u00f3 a la vida, para ser Se\u00f1or de vivos y<\/p>\n<p>muertos.<\/p>\n<p>&nbsp;<\/p>\n<p><strong>Responsorio Breve<\/strong><\/p>\n<ol>\n<li>El Se\u00f1or ha resucitado del sepulcro. Aleluya, aleluya.<\/li>\n<li>El Se\u00f1or ha resucitado del sepulcro. Aleluya, aleluya.<\/li>\n<li>El que por nosotros colg\u00f3 del madero.<\/li>\n<li>Aleluya, aleluya.<\/li>\n<li>Gloria al Padre, y al Hijo, y al Esp\u00edritu Santo.<\/li>\n<li>El Se\u00f1or ha resucitado del sepulcro. Aleluya, aleluya.<\/li>\n<\/ol>\n<p>&nbsp;<\/p>\n<p><strong>Canto Evang\u00e9lico<\/strong><\/p>\n<p><strong>Ant\u00edfona: Dijo Sim\u00f3n Pedro: \u00abSe\u00f1or, \u00bfa qui\u00e9n vamos a ir? T\u00fa tienes palabras de vida eterna. Y nosotros hemos cre\u00eddo y sabemos que t\u00fa eres el Santo de Dios.\u00bb Aleluya.<\/strong><\/p>\n<p><strong>\u00a0<\/strong><\/p>\n<p><strong>Benedictus Lc 1, 68-79<\/strong><\/p>\n<p><strong>\u00a0<\/strong><\/p>\n<p><strong>El Mes\u00edas y su precursor<\/strong><\/p>\n<p>&nbsp;<\/p>\n<p>+ Bendito sea el Se\u00f1or, Dios de Israel,<\/p>\n<p>porque ha visitado y redimido a su pueblo,<\/p>\n<p>suscit\u00e1ndonos una fuerza de salvaci\u00f3n<\/p>\n<p>en la casa de David, su siervo,<\/p>\n<p>seg\u00fan lo hab\u00eda predicho desde antiguo,<\/p>\n<p>por boca de sus santos profetas.<\/p>\n<p>&nbsp;<\/p>\n<p>Es la salvaci\u00f3n que nos libra de nuestros enemigos<\/p>\n<p>y de la mano de todos los que nos odian;<\/p>\n<p>realizando la misericordia<\/p>\n<p>que tuvo con nuestros padres,<\/p>\n<p>recordando su santa alianza<\/p>\n<p>y el juramento que jur\u00f3 a nuestro padre Abrah\u00e1n.<\/p>\n<p>&nbsp;<\/p>\n<p>Para concedernos que, libres de temor,<\/p>\n<p>arrancados de la mano de los enemigos,<\/p>\n<p>le sirvamos con santidad y justicia,<\/p>\n<p>en su presencia, todos nuestros d\u00edas.<\/p>\n<p>&nbsp;<\/p>\n<p>Y a ti, ni\u00f1o, te llamar\u00e1n profeta del Alt\u00edsimo,<\/p>\n<p>porque ir\u00e1s delante del Se\u00f1or<\/p>\n<p>a preparar sus caminos,<\/p>\n<p>anunciando a su pueblo la salvaci\u00f3n,<\/p>\n<p>el perd\u00f3n de sus pecados.<\/p>\n<p>&nbsp;<\/p>\n<p>Por la entra\u00f1able misericordia de nuestro Dios,<\/p>\n<p>nos visitar\u00e1 el sol que nace de lo alto,<\/p>\n<p>para iluminar a los que viven en tinieblas<\/p>\n<p>y en sombra de muerte,<\/p>\n<p>para guiar nuestros pasos<\/p>\n<p>por el camino de la paz.<\/p>\n<p>&nbsp;<\/p>\n<p>Gloria al Padre, y al Hijo, y al Esp\u00edritu Santo.<\/p>\n<p>Como era en el principio, ahora y siempre,<\/p>\n<p>por los siglos de los siglos. Am\u00e9n.<\/p>\n<p>&nbsp;<\/p>\n<p><strong>Preces<\/strong><\/p>\n<p>Oremos a Cristo, pan de vida, que en el \u00faltimo d\u00eda resucitar\u00e1 a los que se alimentan con<\/p>\n<p>su palabra y con su cuerpo, y dig\u00e1mosle: Se\u00f1or, danos paz y alegr\u00eda.<\/p>\n<p>Hijo de Dios, que resucitado de entre los muertos eres el Pr\u00edncipe de la vida,<\/p>\n<p>\u2014 bendice y santifica a tus fieles y a todos los hombres.<\/p>\n<p>T\u00fa que concedes paz y alegr\u00eda a todos los que creen en ti,<\/p>\n<p>\u2014 danos vivir como hijos de la luz, y alegrarnos de tu victoria.<\/p>\n<p>Aumenta la fe de tu Iglesia, peregrina en la tierra,<\/p>\n<p>\u2014 para que d\u00e9 al mundo testimonio de tu resurrecci\u00f3n.<\/p>\n<p>T\u00fa que, habiendo padecido mucho, has entrado ya en la gloria del Padre,<\/p>\n<p>\u2014 convierte en gozo la tristeza de los afligidos.<\/p>\n<p>Aqu\u00ed se pueden a\u00f1adir algunas intenciones libres.<\/p>\n<p>Concluyamos nuestra oraci\u00f3n, diciendo juntos las palabras de Jes\u00fas, nuestro maestro:<\/p>\n<p>&nbsp;<\/p>\n<p><strong>Padre Nuestro<\/strong><\/p>\n<p>Padre nuestro, que est\u00e1s en el cielo,<\/p>\n<p>santificado sea tu nombre,<\/p>\n<p>venga tu reino,<\/p>\n<p>h\u00e1gase tu voluntad en la tierra como en el cielo.<\/p>\n<p>Danos hoy nuestro pan de cada d\u00eda,<\/p>\n<p>perdona nuestras ofensas,<\/p>\n<p>como tambi\u00e9n nosotros perdonamos a los que nos ofenden;<\/p>\n<p>no nos dejes caer en tentaci\u00f3n,<\/p>\n<p>y l\u00edbranos del mal.<\/p>\n<p>&nbsp;<\/p>\n<p><strong>Oraci\u00f3n<\/strong><\/p>\n<p><strong>Oremos:<\/strong><\/p>\n<p>&nbsp;<\/p>\n<p>Oh Dios, que has renovado por las aguas del bautismo a los que creen en ti, concede tu<\/p>\n<p>ayuda a los que han renacido en Cristo, para que venzan las insidias del mal y<\/p>\n<p>permanezcan siempre fieles a los dones que de ti han recibido. Por nuestro Se\u00f1or<\/p>\n<p>Jesucristo.<\/p>\n<p>Am\u00e9n.<\/p>\n<p>&nbsp;<\/p>\n<p><strong>Conclusi\u00f3n<\/strong><\/p>\n<ol>\n<li>El Se\u00f1or nos bendiga, nos guarde de todo mal y nos lleve a la vida eterna.<\/li>\n<li>Am\u00e9n.<\/li>\n<\/ol>\n<p><a href=\"https:\/\/iglesiatijuana.org\/web\/wp-content\/uploads\/2020\/04\/2f9ff682-cf9d-4684-bc3f-4ee13386ed4d.jpg\" data-rel=\"lightbox-image-0\" data-rl_title=\"\" data-rl_caption=\"\" title=\"\"><img loading=\"lazy\" decoding=\"async\" class=\"alignnone size-full wp-image-11776\" src=\"https:\/\/iglesiatijuana.org\/web\/wp-content\/uploads\/2020\/04\/2f9ff682-cf9d-4684-bc3f-4ee13386ed4d.jpg\" alt=\"\" width=\"1280\" height=\"604\" srcset=\"https:\/\/iglesiatijuana.org\/web\/wp-content\/uploads\/2020\/04\/2f9ff682-cf9d-4684-bc3f-4ee13386ed4d.jpg 1280w, https:\/\/iglesiatijuana.org\/web\/wp-content\/uploads\/2020\/04\/2f9ff682-cf9d-4684-bc3f-4ee13386ed4d-300x142.jpg 300w, https:\/\/iglesiatijuana.org\/web\/wp-content\/uploads\/2020\/04\/2f9ff682-cf9d-4684-bc3f-4ee13386ed4d-768x362.jpg 768w, https:\/\/iglesiatijuana.org\/web\/wp-content\/uploads\/2020\/04\/2f9ff682-cf9d-4684-bc3f-4ee13386ed4d-1024x483.jpg 1024w, https:\/\/iglesiatijuana.org\/web\/wp-content\/uploads\/2020\/04\/2f9ff682-cf9d-4684-bc3f-4ee13386ed4d-520x245.jpg 520w, https:\/\/iglesiatijuana.org\/web\/wp-content\/uploads\/2020\/04\/2f9ff682-cf9d-4684-bc3f-4ee13386ed4d-720x340.jpg 720w\" sizes=\"auto, (max-width: 1280px) 100vw, 1280px\" \/><\/a><\/p>\n","protected":false},"excerpt":{"rendered":"<p>S\u00e1bado, 2 de mayo de 2020 &nbsp; Se\u00f1or, abre mis labios. Y mi boca proclamar\u00e1 tu alabanza. Dios m\u00edo, ven en mi auxilio. Se\u00f1or, date prisa en socorrerme. Gloria al Padre, y al Hijo,&#46;&#46;&#46;<\/p>\n","protected":false},"author":101012,"featured_media":11776,"comment_status":"closed","ping_status":"closed","sticky":false,"template":"","format":"standard","meta":{"_exactmetrics_skip_tracking":false,"_exactmetrics_sitenote_active":false,"_exactmetrics_sitenote_note":"","_exactmetrics_sitenote_category":0,"footnotes":""},"categories":[68],"tags":[],"class_list":["post-11904","post","type-post","status-publish","format-standard","has-post-thumbnail","hentry","category-liturgia-de-las-horas"],"_links":{"self":[{"href":"https:\/\/iglesiatijuana.org\/web\/wp-json\/wp\/v2\/posts\/11904","targetHints":{"allow":["GET"]}}],"collection":[{"href":"https:\/\/iglesiatijuana.org\/web\/wp-json\/wp\/v2\/posts"}],"about":[{"href":"https:\/\/iglesiatijuana.org\/web\/wp-json\/wp\/v2\/types\/post"}],"author":[{"embeddable":true,"href":"https:\/\/iglesiatijuana.org\/web\/wp-json\/wp\/v2\/users\/101012"}],"replies":[{"embeddable":true,"href":"https:\/\/iglesiatijuana.org\/web\/wp-json\/wp\/v2\/comments?post=11904"}],"version-history":[{"count":1,"href":"https:\/\/iglesiatijuana.org\/web\/wp-json\/wp\/v2\/posts\/11904\/revisions"}],"predecessor-version":[{"id":11905,"href":"https:\/\/iglesiatijuana.org\/web\/wp-json\/wp\/v2\/posts\/11904\/revisions\/11905"}],"wp:featuredmedia":[{"embeddable":true,"href":"https:\/\/iglesiatijuana.org\/web\/wp-json\/wp\/v2\/media\/11776"}],"wp:attachment":[{"href":"https:\/\/iglesiatijuana.org\/web\/wp-json\/wp\/v2\/media?parent=11904"}],"wp:term":[{"taxonomy":"category","embeddable":true,"href":"https:\/\/iglesiatijuana.org\/web\/wp-json\/wp\/v2\/categories?post=11904"},{"taxonomy":"post_tag","embeddable":true,"href":"https:\/\/iglesiatijuana.org\/web\/wp-json\/wp\/v2\/tags?post=11904"}],"curies":[{"name":"wp","href":"https:\/\/api.w.org\/{rel}","templated":true}]}}