{"id":12070,"date":"2020-06-22T13:03:34","date_gmt":"2020-06-22T20:03:34","guid":{"rendered":"https:\/\/iglesiatijuana.org\/web\/?p=12070"},"modified":"2020-06-22T13:03:34","modified_gmt":"2020-06-22T20:03:34","slug":"ayuda-de-los-migrantes-nueva-invocacion-en-las-letanias-lauretanas-del-santo-rosario","status":"publish","type":"post","link":"https:\/\/iglesiatijuana.org\/web\/ayuda-de-los-migrantes-nueva-invocacion-en-las-letanias-lauretanas-del-santo-rosario\/","title":{"rendered":"\u201cAyuda de los Migrantes\u201d nueva invocaci\u00f3n en las Letan\u00edas Lauretanas del Santo Rosario"},"content":{"rendered":"<p style=\"text-align: justify;\"><em>El Papa Francisco ha decidido a\u00f1adir tres nuevas: &#8220;Mater Misericordiae&#8221;, &#8220;Mater Spei&#8221; y &#8220;Solacium migrantium&#8221;, es decir: &#8220;Madre de la Misericordia&#8221;, &#8220;Madre de la Esperanza&#8221; y &#8220;Consuelo&#8221; pero tambi\u00e9n &#8220;Ayuda&#8221; de los migrantes.<\/em><\/p>\n<p style=\"text-align: justify;\">Pastoral para la Comunicaci\u00f3n. &#8211; Con informaci\u00f3n de Vatican News la Congregaci\u00f3n para el Culto Divino y la Disciplina de los Sacramentos la que comunic\u00f3 esta disposici\u00f3n del Papa en una carta dirigida a los presidentes de las Conferencias Episcopales. &#8220;Son incontables los t\u00edtulos e invocaciones que la piedad cristiana, a lo largo de los siglos, ha reservado a la Virgen Mar\u00eda, camino privilegiado y seguro para el encuentro con Cristo&#8221;, escribi\u00f3 en la carta el Cardenal Robert Sarah y el Arzobispo Arhur Roche, Prefecto y Secretario del Dicasterio del Vaticano. Ahora, especifican, &#8220;la primera invocaci\u00f3n se colocar\u00e1 despu\u00e9s de Mater Ecclesiae, la segunda despu\u00e9s de Mater divinae gratiae, la tercera despu\u00e9s de Refugium peccatorum&#8221;.<\/p>\n<p style=\"text-align: justify;\">Aunque antiguas, las letan\u00edas &#8211; llamadas &#8220;Lauretanas&#8221; del Santuario de la Santa Casa de Loreto que las hizo famosas &#8211; tienen una fuerte conexi\u00f3n con los momentos de la vida de la Iglesia y la humanidad. As\u00ed lo afirman los dirigentes del Culto Divino, subrayando que &#8220;incluso en la \u00e9poca actual, marcada por razones de incertidumbre y desconcierto&#8221;, el recurso &#8220;lleno de afecto y confianza&#8221; a la Virgen &#8220;es particularmente sentido por el pueblo de Dios&#8221;.<\/p>\n<p><a href=\"https:\/\/iglesiatijuana.org\/web\/wp-content\/uploads\/2020\/06\/117cfecc-e235-4629-bcf1-9cdec732654a.jpg\" data-rel=\"lightbox-image-0\" data-rl_title=\"\" data-rl_caption=\"\" title=\"\"><img loading=\"lazy\" decoding=\"async\" class=\"alignnone size-full wp-image-12071\" src=\"https:\/\/iglesiatijuana.org\/web\/wp-content\/uploads\/2020\/06\/117cfecc-e235-4629-bcf1-9cdec732654a.jpg\" alt=\"\" width=\"1200\" height=\"800\" srcset=\"https:\/\/iglesiatijuana.org\/web\/wp-content\/uploads\/2020\/06\/117cfecc-e235-4629-bcf1-9cdec732654a.jpg 1200w, https:\/\/iglesiatijuana.org\/web\/wp-content\/uploads\/2020\/06\/117cfecc-e235-4629-bcf1-9cdec732654a-300x200.jpg 300w, https:\/\/iglesiatijuana.org\/web\/wp-content\/uploads\/2020\/06\/117cfecc-e235-4629-bcf1-9cdec732654a-768x512.jpg 768w, https:\/\/iglesiatijuana.org\/web\/wp-content\/uploads\/2020\/06\/117cfecc-e235-4629-bcf1-9cdec732654a-1024x683.jpg 1024w\" sizes=\"auto, (max-width: 1200px) 100vw, 1200px\" \/><\/a><\/p>\n<p>&nbsp;<\/p>\n","protected":false},"excerpt":{"rendered":"<p>El Papa Francisco ha decidido a\u00f1adir tres nuevas: &#8220;Mater Misericordiae&#8221;, &#8220;Mater Spei&#8221; y &#8220;Solacium migrantium&#8221;, es decir: &#8220;Madre de la Misericordia&#8221;, &#8220;Madre de la Esperanza&#8221; y &#8220;Consuelo&#8221; pero tambi\u00e9n &#8220;Ayuda&#8221; de los migrantes. Pastoral&#46;&#46;&#46;<\/p>\n","protected":false},"author":101012,"featured_media":12071,"comment_status":"closed","ping_status":"closed","sticky":false,"template":"","format":"standard","meta":{"_exactmetrics_skip_tracking":false,"_exactmetrics_sitenote_active":false,"_exactmetrics_sitenote_note":"","_exactmetrics_sitenote_category":0,"footnotes":""},"categories":[20,14],"tags":[],"class_list":["post-12070","post","type-post","status-publish","format-standard","has-post-thumbnail","hentry","category-evangelio-del-dia","category-ultimas-noticias"],"_links":{"self":[{"href":"https:\/\/iglesiatijuana.org\/web\/wp-json\/wp\/v2\/posts\/12070","targetHints":{"allow":["GET"]}}],"collection":[{"href":"https:\/\/iglesiatijuana.org\/web\/wp-json\/wp\/v2\/posts"}],"about":[{"href":"https:\/\/iglesiatijuana.org\/web\/wp-json\/wp\/v2\/types\/post"}],"author":[{"embeddable":true,"href":"https:\/\/iglesiatijuana.org\/web\/wp-json\/wp\/v2\/users\/101012"}],"replies":[{"embeddable":true,"href":"https:\/\/iglesiatijuana.org\/web\/wp-json\/wp\/v2\/comments?post=12070"}],"version-history":[{"count":1,"href":"https:\/\/iglesiatijuana.org\/web\/wp-json\/wp\/v2\/posts\/12070\/revisions"}],"predecessor-version":[{"id":12072,"href":"https:\/\/iglesiatijuana.org\/web\/wp-json\/wp\/v2\/posts\/12070\/revisions\/12072"}],"wp:featuredmedia":[{"embeddable":true,"href":"https:\/\/iglesiatijuana.org\/web\/wp-json\/wp\/v2\/media\/12071"}],"wp:attachment":[{"href":"https:\/\/iglesiatijuana.org\/web\/wp-json\/wp\/v2\/media?parent=12070"}],"wp:term":[{"taxonomy":"category","embeddable":true,"href":"https:\/\/iglesiatijuana.org\/web\/wp-json\/wp\/v2\/categories?post=12070"},{"taxonomy":"post_tag","embeddable":true,"href":"https:\/\/iglesiatijuana.org\/web\/wp-json\/wp\/v2\/tags?post=12070"}],"curies":[{"name":"wp","href":"https:\/\/api.w.org\/{rel}","templated":true}]}}