{"id":12100,"date":"2020-06-29T20:45:59","date_gmt":"2020-06-30T03:45:59","guid":{"rendered":"https:\/\/iglesiatijuana.org\/web\/?p=12100"},"modified":"2020-06-30T13:02:48","modified_gmt":"2020-06-30T20:02:48","slug":"nuestro-arzobispo-francisco-oremos-por-el-papa-francisco-sucesor-de-s-pedro","status":"publish","type":"post","link":"https:\/\/iglesiatijuana.org\/web\/nuestro-arzobispo-francisco-oremos-por-el-papa-francisco-sucesor-de-s-pedro\/","title":{"rendered":"Nuestro Arzobispo Francisco: \u201cOremos por el Papa Francisco, sucesor de S. Pedro\u201d"},"content":{"rendered":"<p style=\"text-align: justify;\">Pastoral para la Comunicaci\u00f3n.- Este 29 de junio de 2020 marcado por la pandemia del Covid-19 en la Solemnidad de los Ap\u00f3stoles S. Pedro y S. Pablo, el Arzobispo Metropolitano Dn. Francisco Moreno Barr\u00f3n al celebrar la Santa Misa transmitida on-line al mediod\u00eda desde la Capilla de la Casa Episcopal ofreci\u00f3 la Eucarist\u00eda por las diversas intenciones de esta Iglesia particular.<\/p>\n<p style=\"text-align: justify;\">Durante la homil\u00eda subray\u00f3 la importancia de \u201creconocer en el Papa Francisco al sucesor de Pedro, ya que los obispos como sucesores de los ap\u00f3stoles estamos unidos al Papa, Obispo de Roma y en medio de los obispos del mundo el Papa sucesor de Pedro nos preside\u2026\u00e9l nos va conduciendo, as\u00ed como la Iglesia de Roma y la Iglesia Universal\u201d, explic\u00f3.<\/p>\n<p style=\"text-align: justify;\">Realiz\u00f3 un llamado constante a ofrecer plegarias por el Papa \u201c\u00a1Oremos por el Papa Francisco! Pid\u00e1mosle al Se\u00f1or que le fortalezca en su gran misi\u00f3n y siga siendo el Papa cercano a la comunidad eclesial especialmente a los pobres, a los enfermos y que en ese rostro de misericordia de Jes\u00fas y del Padre Dios que se nos est\u00e1 manifestando, nosotros podamos reconocer al mismo Cristo que sigue llevando la conducci\u00f3n de su Iglesia bajo el impulso del Esp\u00edritu Santo\u201d.<\/p>\n<p style=\"text-align: justify;\">Finalmente, expres\u00f3 su cercan\u00eda y fidelidad: \u201cHoy oramos y felicitamos al Papa Francisco y nos sentimos todos unidos entorno a \u00e9l en la Iglesia. Pedimos la intercesi\u00f3n de los Santos Ap\u00f3stoles Pedro y Pablo para que este tiempo sea un tiempo de evangelizar, (\u2026) tiempos para lanzar las redes y mostrar el rostro aut\u00e9ntico de Jes\u00fas muerto y resucitado al hombre de hoy y mostrar este rostro de ternura y misericordia en tiempos de pandemia\u2026bajo la gu\u00eda segura del Papa Francisco.<\/p>\n<p><a href=\"https:\/\/iglesiatijuana.org\/web\/wp-content\/uploads\/2020\/06\/91781fbb-16b9-4362-a7af-6ebcc6bc067b.jpg\" data-rel=\"lightbox-image-0\" data-rl_title=\"\" data-rl_caption=\"\" title=\"\"><img loading=\"lazy\" decoding=\"async\" class=\"alignnone size-full wp-image-12102\" src=\"https:\/\/iglesiatijuana.org\/web\/wp-content\/uploads\/2020\/06\/91781fbb-16b9-4362-a7af-6ebcc6bc067b.jpg\" alt=\"\" width=\"989\" height=\"1280\" srcset=\"https:\/\/iglesiatijuana.org\/web\/wp-content\/uploads\/2020\/06\/91781fbb-16b9-4362-a7af-6ebcc6bc067b.jpg 989w, https:\/\/iglesiatijuana.org\/web\/wp-content\/uploads\/2020\/06\/91781fbb-16b9-4362-a7af-6ebcc6bc067b-232x300.jpg 232w, https:\/\/iglesiatijuana.org\/web\/wp-content\/uploads\/2020\/06\/91781fbb-16b9-4362-a7af-6ebcc6bc067b-768x994.jpg 768w, https:\/\/iglesiatijuana.org\/web\/wp-content\/uploads\/2020\/06\/91781fbb-16b9-4362-a7af-6ebcc6bc067b-791x1024.jpg 791w\" sizes=\"auto, (max-width: 989px) 100vw, 989px\" \/><\/a><\/p>\n<p>&nbsp;<\/p>\n","protected":false},"excerpt":{"rendered":"<p>Pastoral para la Comunicaci\u00f3n.- Este 29 de junio de 2020 marcado por la pandemia del Covid-19 en la Solemnidad de los Ap\u00f3stoles S. Pedro y S. Pablo, el Arzobispo Metropolitano Dn. Francisco Moreno Barr\u00f3n&#46;&#46;&#46;<\/p>\n","protected":false},"author":101012,"featured_media":12101,"comment_status":"closed","ping_status":"closed","sticky":false,"template":"","format":"standard","meta":{"_exactmetrics_skip_tracking":false,"_exactmetrics_sitenote_active":false,"_exactmetrics_sitenote_note":"","_exactmetrics_sitenote_category":0,"footnotes":""},"categories":[20,14],"tags":[],"class_list":["post-12100","post","type-post","status-publish","format-standard","has-post-thumbnail","hentry","category-evangelio-del-dia","category-ultimas-noticias"],"_links":{"self":[{"href":"https:\/\/iglesiatijuana.org\/web\/wp-json\/wp\/v2\/posts\/12100","targetHints":{"allow":["GET"]}}],"collection":[{"href":"https:\/\/iglesiatijuana.org\/web\/wp-json\/wp\/v2\/posts"}],"about":[{"href":"https:\/\/iglesiatijuana.org\/web\/wp-json\/wp\/v2\/types\/post"}],"author":[{"embeddable":true,"href":"https:\/\/iglesiatijuana.org\/web\/wp-json\/wp\/v2\/users\/101012"}],"replies":[{"embeddable":true,"href":"https:\/\/iglesiatijuana.org\/web\/wp-json\/wp\/v2\/comments?post=12100"}],"version-history":[{"count":3,"href":"https:\/\/iglesiatijuana.org\/web\/wp-json\/wp\/v2\/posts\/12100\/revisions"}],"predecessor-version":[{"id":12109,"href":"https:\/\/iglesiatijuana.org\/web\/wp-json\/wp\/v2\/posts\/12100\/revisions\/12109"}],"wp:featuredmedia":[{"embeddable":true,"href":"https:\/\/iglesiatijuana.org\/web\/wp-json\/wp\/v2\/media\/12101"}],"wp:attachment":[{"href":"https:\/\/iglesiatijuana.org\/web\/wp-json\/wp\/v2\/media?parent=12100"}],"wp:term":[{"taxonomy":"category","embeddable":true,"href":"https:\/\/iglesiatijuana.org\/web\/wp-json\/wp\/v2\/categories?post=12100"},{"taxonomy":"post_tag","embeddable":true,"href":"https:\/\/iglesiatijuana.org\/web\/wp-json\/wp\/v2\/tags?post=12100"}],"curies":[{"name":"wp","href":"https:\/\/api.w.org\/{rel}","templated":true}]}}