{"id":12446,"date":"2020-09-18T15:26:27","date_gmt":"2020-09-18T22:26:27","guid":{"rendered":"https:\/\/iglesiatijuana.org\/web\/?p=12446"},"modified":"2020-09-18T15:26:27","modified_gmt":"2020-09-18T22:26:27","slug":"laicos-y-familias-de-todo-el-pais-unidos-en-peregrinacion-virtual-a-los-pies-de-santa-maria-de-guadalupe","status":"publish","type":"post","link":"https:\/\/iglesiatijuana.org\/web\/laicos-y-familias-de-todo-el-pais-unidos-en-peregrinacion-virtual-a-los-pies-de-santa-maria-de-guadalupe\/","title":{"rendered":"Laicos y Familias de todo el Pa\u00eds: Unidos en Peregrinaci\u00f3n virtual a los pies de Santa Mar\u00eda de Guadalupe"},"content":{"rendered":"<p style=\"text-align: justify;\">Movimientos y Asociaciones de laicos cat\u00f3licos se suman a la <em>Primera Peregrinaci\u00f3n Internacional Virtual a la Bas\u00edlica de Santa Mar\u00eda de Guadalupe en la Ciudad de M\u00e9xico<\/em>, bajo el lema \u201cUnidos a los Pies de la Guadalupana\u201d, este s\u00e1bado 19 de septiembre, a las 5:00 p.m. hora de la capital del Pa\u00eds.<\/p>\n<p style=\"text-align: justify;\">Pastoral para la Comunicaci\u00f3n. &#8211; A trav\u00e9s de una conferencia virtual, Monse\u00f1or V\u00edctor Alejandro Aguilar Ledesma, Obispo Auxiliar de la Arquidi\u00f3cesis de Morelia y presidente de la Comisi\u00f3n Episcopal para los Laicos, y Jorge Rivera, presidente nacional de Movimiento Testimonio y Esperanza (TyE), han hablado de los esfuerzos para responder con fe y esperanza la crisis econ\u00f3mica y sanitaria por la pandemia de coronavirus Covid-19, que en nuestra Patria ha ocasionado m\u00e1s de 70 mil fallecimientos y 650 mil contagios, coloc\u00e1ndolo como el cuarto pa\u00eds que m\u00e1s ha resentido la pandemia, s\u00f3lo despu\u00e9s de Estados Unidos, Brasil e India. Ante estas circunstancias, Monse\u00f1or Aguilar Ledesma destac\u00f3 la constituci\u00f3n de un hibridismo pastoral evangelizador, virtual y presencial, para trasmitir la palabra de Dios a todos los confines del mundo.<\/p>\n<p style=\"text-align: justify;\">Dicha peregrinaci\u00f3n virtual a la Bas\u00edlica de Guadalupe, el s\u00e1bado 19 de septiembre, iniciar\u00e1 a las 5:00 p.m. (hora de la Ciudad de M\u00e9xico), y comenzar\u00e1 con el rezo del Santo Rosario y continuar\u00e1 con la celebraci\u00f3n de la Santa Misa, presidida por Monse\u00f1or V\u00edctor Alejandro Aguilar Ledesma.<\/p>\n<p style=\"text-align: justify;\">Mons. V\u00edctor A. Aguilar Ledesma record\u00f3 que la siempre Virgen De Guadalupe ha mostrado su maternal intercesi\u00f3n con nuestro pa\u00eds, el continente y otras partes del mundo, por ello es que recurrimos nuevamente a ella con nuestra oraci\u00f3n humilde en su \u201cCasita del Tepeyac\u201d para que ilumine y fortalezca a los cristianos y hombres de buena voluntad para enfrentar esta pandemia con obras espec\u00edficas y de caridad y que la gracia de Dios intervenga y se derrame \u201cpara el bien de los que aman a Dios\u201d (Rm 8,28-30). Destac\u00f3 que, en estos nuevos tiempos, lo digital lleg\u00f3 para quedarse. Consider\u00e1ndolo como una oportunidad hist\u00f3rica, para la Iglesia que peregrina, que no est\u00e1 estancada, que no se paraliza, que va caminando.<\/p>\n<p style=\"text-align: justify;\">Los laicos, destac\u00f3, siguen siendo un gigante dormido, al tiempo que ha ratificado su esperanza en el laicado, porque siempre nos despiertan. \u201cEn M\u00e9xico, veo muchos laicos preocupados por la situaci\u00f3n del pa\u00eds. Todo esto hace que est\u00e9n inquietos, buscan qui\u00e9n articule, qui\u00e9n haga cabeza, qui\u00e9n mueva la participaci\u00f3n de los lacios\u2026 Nuestra Iglesia y nuestra Patria merecen laicos de este nivel\u201d, resalt\u00f3.<\/p>\n<p style=\"text-align: justify;\">Link para seguir y participar en la Peregrinaci\u00f3n virtual<\/p>\n<p style=\"text-align: justify;\"><a href=\"http:\/\/www.peregrinacionvirtual.org\">www.peregrinacionvirtual.org<\/a><\/p>\n<p style=\"text-align: justify;\"><a href=\"https:\/\/iglesiatijuana.org\/web\/wp-content\/uploads\/2020\/09\/db33faaa-4a32-4fbd-867d-fff06329f9a7.jpg\" data-rel=\"lightbox-image-0\" data-rl_title=\"\" data-rl_caption=\"\" title=\"\"><img loading=\"lazy\" decoding=\"async\" class=\"alignnone size-full wp-image-12447\" src=\"https:\/\/iglesiatijuana.org\/web\/wp-content\/uploads\/2020\/09\/db33faaa-4a32-4fbd-867d-fff06329f9a7.jpg\" alt=\"\" width=\"958\" height=\"1280\" srcset=\"https:\/\/iglesiatijuana.org\/web\/wp-content\/uploads\/2020\/09\/db33faaa-4a32-4fbd-867d-fff06329f9a7.jpg 958w, https:\/\/iglesiatijuana.org\/web\/wp-content\/uploads\/2020\/09\/db33faaa-4a32-4fbd-867d-fff06329f9a7-225x300.jpg 225w, https:\/\/iglesiatijuana.org\/web\/wp-content\/uploads\/2020\/09\/db33faaa-4a32-4fbd-867d-fff06329f9a7-768x1026.jpg 768w, https:\/\/iglesiatijuana.org\/web\/wp-content\/uploads\/2020\/09\/db33faaa-4a32-4fbd-867d-fff06329f9a7-766x1024.jpg 766w\" sizes=\"auto, (max-width: 958px) 100vw, 958px\" \/><\/a><\/p>\n","protected":false},"excerpt":{"rendered":"<p>Movimientos y Asociaciones de laicos cat\u00f3licos se suman a la Primera Peregrinaci\u00f3n Internacional Virtual a la Bas\u00edlica de Santa Mar\u00eda de Guadalupe en la Ciudad de M\u00e9xico, bajo el lema \u201cUnidos a los Pies&#46;&#46;&#46;<\/p>\n","protected":false},"author":101012,"featured_media":12447,"comment_status":"closed","ping_status":"closed","sticky":false,"template":"","format":"standard","meta":{"_exactmetrics_skip_tracking":false,"_exactmetrics_sitenote_active":false,"_exactmetrics_sitenote_note":"","_exactmetrics_sitenote_category":0,"footnotes":""},"categories":[20,14],"tags":[],"class_list":["post-12446","post","type-post","status-publish","format-standard","has-post-thumbnail","hentry","category-evangelio-del-dia","category-ultimas-noticias"],"_links":{"self":[{"href":"https:\/\/iglesiatijuana.org\/web\/wp-json\/wp\/v2\/posts\/12446","targetHints":{"allow":["GET"]}}],"collection":[{"href":"https:\/\/iglesiatijuana.org\/web\/wp-json\/wp\/v2\/posts"}],"about":[{"href":"https:\/\/iglesiatijuana.org\/web\/wp-json\/wp\/v2\/types\/post"}],"author":[{"embeddable":true,"href":"https:\/\/iglesiatijuana.org\/web\/wp-json\/wp\/v2\/users\/101012"}],"replies":[{"embeddable":true,"href":"https:\/\/iglesiatijuana.org\/web\/wp-json\/wp\/v2\/comments?post=12446"}],"version-history":[{"count":1,"href":"https:\/\/iglesiatijuana.org\/web\/wp-json\/wp\/v2\/posts\/12446\/revisions"}],"predecessor-version":[{"id":12448,"href":"https:\/\/iglesiatijuana.org\/web\/wp-json\/wp\/v2\/posts\/12446\/revisions\/12448"}],"wp:featuredmedia":[{"embeddable":true,"href":"https:\/\/iglesiatijuana.org\/web\/wp-json\/wp\/v2\/media\/12447"}],"wp:attachment":[{"href":"https:\/\/iglesiatijuana.org\/web\/wp-json\/wp\/v2\/media?parent=12446"}],"wp:term":[{"taxonomy":"category","embeddable":true,"href":"https:\/\/iglesiatijuana.org\/web\/wp-json\/wp\/v2\/categories?post=12446"},{"taxonomy":"post_tag","embeddable":true,"href":"https:\/\/iglesiatijuana.org\/web\/wp-json\/wp\/v2\/tags?post=12446"}],"curies":[{"name":"wp","href":"https:\/\/api.w.org\/{rel}","templated":true}]}}